{"id":640834,"date":"2023-10-03T15:14:23","date_gmt":"2023-10-03T11:14:23","guid":{"rendered":"https:\/\/arantv.az\/?p=640834"},"modified":"2023-10-03T15:14:23","modified_gmt":"2023-10-03T11:14:23","slug":"s%c9%99fir-meksika-v%c9%99-az%c9%99rbaycan-s%c9%99h%c9%99rsalma-sah%c9%99sind%c9%99-%c9%99m%c9%99kdasligi-gucl%c9%99ndirm%c9%99y%c9%99-hazirdirlar","status":"publish","type":"post","link":"https:\/\/arantv.az\/?p=640834","title":{"rendered":"S\u0259fir: \u201cMeksika v\u0259 Az\u0259rbaycan \u015f\u0259h\u0259rsalma sah\u0259sind\u0259 \u0259m\u0259kda\u015fl\u0131\u011f\u0131 g\u00fccl\u0259ndirm\u0259y\u0259 haz\u0131rd\u0131rlar\u201d"},"content":{"rendered":"<p>\u201cMeksika n\u00fcmay\u0259nd\u0259 hey\u0259tinin \u00dcmumd\u00fcnya M\u0259skunla\u015fma G\u00fcn\u00fcn\u0259 h\u0259sr olunmu\u015f t\u0259dbirl\u0259rd\u0259 i\u015ftirak\u0131 Az\u0259rbaycanla \u015f\u0259h\u0259rsalma sah\u0259sind\u0259 \u0259m\u0259kda\u015fl\u0131\u011f\u0131 g\u00fccl\u0259ndirm\u0259y\u0259 k\u00f6m\u0259k ed\u0259c\u0259k\u201d.<\/p>\n<p>\u201cReport\u201d\u00a0x\u0259b\u0259r verir ki, bunu Meksikan\u0131n Az\u0259rbaycandak\u0131 s\u0259firi Mariya Viktoriya Romero Kabalyero m\u0259tbuat konfrans\u0131nda deyib.<\/p>\n<p>\u201cAz\u0259rbaycana s\u0259f\u0259r \u00e7\u0259r\u00e7iv\u0259sind\u0259 Meksika n\u00fcmay\u0259nd\u0259 hey\u0259ti Z\u0259ngilanda olub, burada c\u0259nab Prezident\u00a0<strong>\u0130lham \u018fliyev\u00a0<\/strong>forumun a\u00e7\u0131l\u0131\u015f\u0131nda \u00e7\u0131x\u0131\u015f edib, i\u015f\u011faldan azad edilmi\u015f \u0259razil\u0259rin b\u0259rpas\u0131 prosesind\u0259n dan\u0131\u015f\u0131b. \u0130nan\u0131ram ki, Meksika n\u00fcmay\u0259nd\u0259 hey\u0259tinin bel\u0259 bir t\u0259dbird\u0259 i\u015ftirak\u0131 biz\u0259 \u015f\u0259h\u0259rsalma sah\u0259sind\u0259 \u0259m\u0259kda\u015fl\u0131\u011f\u0131m\u0131z\u0131 g\u00fccl\u0259ndirm\u0259y\u0259 k\u00f6m\u0259k ed\u0259c\u0259k\u201d, &#8211; dey\u0259 s\u0259fir vur\u011fulay\u0131b.<\/p>\n<p>O, Meksika s\u0259firliyinin Keretaro \u015ftat\u0131ndan olan n\u00fcmay\u0259nd\u0259l\u0259rin Az\u0259rbaycanda q\u0259bul etm\u0259sind\u0259n b\u00f6y\u00fck m\u0259mnunluq duydu\u011funu qeyd edib.<\/p>\n<p>Diplomat \u0259lav\u0259 edib ki, Az\u0259rbaycan bu t\u0259dbir\u0259 ev sahibliyi estafetini Meksikaya \u00f6t\u00fcr\u00fcr.<\/p>\n<p>Qeyd ed\u0259k ki, Meksikan\u0131n Keretaro \u015ftat\u0131n\u0131n d\u00f6vl\u0259t qurumlar\u0131n\u0131n n\u00fcmay\u0259nd\u0259l\u0259ri BMT-nin M\u0259skunla\u015fma Proqram\u0131 (UN Habitat) v\u0259 Az\u0259rbaycan Respublikas\u0131n\u0131n D\u00f6vl\u0259t \u015e\u0259h\u0259rsalma v\u0259 Arxitektura Komit\u0259sinin \u0259m\u0259kda\u015fl\u0131\u011f\u0131 \u00e7\u0259r\u00e7iv\u0259sind\u0259 ke\u00e7iril\u0259n \u201c\u015e\u0259h\u0259rsalma H\u0259ft\u0259si 2023\u201d forumunda i\u015ftirak etm\u0259k \u00fc\u00e7\u00fcn Bak\u0131ya g\u0259libl\u0259r.<\/p>\n","protected":false},"excerpt":{"rendered":"<p>\u201cMeksika n\u00fcmay\u0259nd\u0259 hey\u0259tinin \u00dcmumd\u00fcnya M\u0259skunla\u015fma G\u00fcn\u00fcn\u0259 h\u0259sr olunmu\u015f t\u0259dbirl\u0259rd\u0259 i\u015ftirak\u0131 Az\u0259rbaycanla \u015f\u0259h\u0259rsalma sah\u0259sind\u0259 \u0259m\u0259kda\u015fl\u0131\u011f\u0131 g\u00fccl\u0259ndirm\u0259y\u0259 k\u00f6m\u0259k ed\u0259c\u0259k\u201d. \u201cReport\u201d\u00a0x\u0259b\u0259r verir ki, bunu Meksikan\u0131n Az\u0259rbaycandak\u0131 s\u0259firi Mariya Viktoriya Romero Kabalyero m\u0259tbuat konfrans\u0131nda deyib. \u201cAz\u0259rbaycana s\u0259f\u0259r \u00e7\u0259r\u00e7iv\u0259sind\u0259 Meksika n\u00fcmay\u0259nd\u0259 hey\u0259ti Z\u0259ngilanda olub, burada c\u0259nab Prezident\u00a0\u0130lham \u018fliyev\u00a0forumun a\u00e7\u0131l\u0131\u015f\u0131nda \u00e7\u0131x\u0131\u015f edib, i\u015f\u011faldan azad edilmi\u015f \u0259razil\u0259rin b\u0259rpas\u0131 prosesind\u0259n dan\u0131\u015f\u0131b. \u0130nan\u0131ram ki, Meksika n\u00fcmay\u0259nd\u0259 hey\u0259tinin bel\u0259 bir t\u0259dbird\u0259 i\u015ftirak\u0131 biz\u0259 \u015f\u0259h\u0259rsalma sah\u0259sind\u0259 \u0259m\u0259kda\u015fl\u0131\u011f\u0131m\u0131z\u0131 g\u00fccl\u0259ndirm\u0259y\u0259 k\u00f6m\u0259k ed\u0259c\u0259k\u201d, &#8211; dey\u0259 s\u0259fir vur\u011fulay\u0131b. O, Meksika s\u0259firliyinin Keretaro \u015ftat\u0131ndan olan n\u00fcmay\u0259nd\u0259l\u0259rin Az\u0259rbaycanda q\u0259bul etm\u0259sind\u0259n b\u00f6y\u00fck m\u0259mnunluq duydu\u011funu qeyd edib. Diplomat \u0259lav\u0259&hellip;<\/p>\n","protected":false},"author":2,"featured_media":640837,"comment_status":"closed","ping_status":"closed","sticky":false,"template":"","format":"standard","meta":{"om_disable_all_campaigns":false,"_monsterinsights_skip_tracking":false,"_monsterinsights_sitenote_active":false,"_monsterinsights_sitenote_note":"","_monsterinsights_sitenote_category":0},"categories":[4],"tags":[],"aioseo_notices":[],"gutentor_comment":0,"rttpg_featured_image_url":{"full":["https:\/\/arantv.az\/wp-content\/uploads\/2023\/10\/6e7f7ec7-e2f6-3110-8b72-d5d66bc187ea_850.jpg",620,413,false],"landscape":["https:\/\/arantv.az\/wp-content\/uploads\/2023\/10\/6e7f7ec7-e2f6-3110-8b72-d5d66bc187ea_850.jpg",620,413,false],"portraits":["https:\/\/arantv.az\/wp-content\/uploads\/2023\/10\/6e7f7ec7-e2f6-3110-8b72-d5d66bc187ea_850.jpg",620,413,false],"thumbnail":["https:\/\/arantv.az\/wp-content\/uploads\/2023\/10\/6e7f7ec7-e2f6-3110-8b72-d5d66bc187ea_850-500x280.jpg",500,280,true],"medium":["https:\/\/arantv.az\/wp-content\/uploads\/2023\/10\/6e7f7ec7-e2f6-3110-8b72-d5d66bc187ea_850-548x365.jpg",548,365,true],"large":["https:\/\/arantv.az\/wp-content\/uploads\/2023\/10\/6e7f7ec7-e2f6-3110-8b72-d5d66bc187ea_850.jpg",620,413,false],"1536x1536":["https:\/\/arantv.az\/wp-content\/uploads\/2023\/10\/6e7f7ec7-e2f6-3110-8b72-d5d66bc187ea_850.jpg",620,413,false],"2048x2048":["https:\/\/arantv.az\/wp-content\/uploads\/2023\/10\/6e7f7ec7-e2f6-3110-8b72-d5d66bc187ea_850.jpg",620,413,false],"post-thumbnail":["https:\/\/arantv.az\/wp-content\/uploads\/2023\/10\/6e7f7ec7-e2f6-3110-8b72-d5d66bc187ea_850-240x172.jpg",240,172,true],"advps-thumb-one":["https:\/\/arantv.az\/wp-content\/uploads\/2023\/10\/6e7f7ec7-e2f6-3110-8b72-d5d66bc187ea_850.jpg",620,413,false]},"rttpg_author":{"display_name":"V\u00fcsal Rafiqo\u011flu","author_link":"https:\/\/arantv.az\/?author=2"},"rttpg_comment":0,"rttpg_category":"<a href=\"https:\/\/arantv.az\/?cat=4\" rel=\"category\">Siyas\u0259t<\/a>","rttpg_excerpt":"\u201cMeksika n\u00fcmay\u0259nd\u0259 hey\u0259tinin \u00dcmumd\u00fcnya M\u0259skunla\u015fma G\u00fcn\u00fcn\u0259 h\u0259sr olunmu\u015f t\u0259dbirl\u0259rd\u0259 i\u015ftirak\u0131 Az\u0259rbaycanla \u015f\u0259h\u0259rsalma sah\u0259sind\u0259 \u0259m\u0259kda\u015fl\u0131\u011f\u0131 g\u00fccl\u0259ndirm\u0259y\u0259 k\u00f6m\u0259k ed\u0259c\u0259k\u201d. \u201cReport\u201d\u00a0x\u0259b\u0259r verir ki, bunu Meksikan\u0131n Az\u0259rbaycandak\u0131 s\u0259firi Mariya Viktoriya Romero Kabalyero m\u0259tbuat konfrans\u0131nda deyib. \u201cAz\u0259rbaycana s\u0259f\u0259r \u00e7\u0259r\u00e7iv\u0259sind\u0259 Meksika n\u00fcmay\u0259nd\u0259 hey\u0259ti Z\u0259ngilanda olub, burada c\u0259nab Prezident\u00a0\u0130lham \u018fliyev\u00a0forumun a\u00e7\u0131l\u0131\u015f\u0131nda \u00e7\u0131x\u0131\u015f edib, i\u015f\u011faldan azad edilmi\u015f \u0259razil\u0259rin b\u0259rpas\u0131 prosesind\u0259n dan\u0131\u015f\u0131b. \u0130nan\u0131ram ki,&hellip;","_links":{"self":[{"href":"https:\/\/arantv.az\/index.php?rest_route=\/wp\/v2\/posts\/640834"}],"collection":[{"href":"https:\/\/arantv.az\/index.php?rest_route=\/wp\/v2\/posts"}],"about":[{"href":"https:\/\/arantv.az\/index.php?rest_route=\/wp\/v2\/types\/post"}],"author":[{"embeddable":true,"href":"https:\/\/arantv.az\/index.php?rest_route=\/wp\/v2\/users\/2"}],"replies":[{"embeddable":true,"href":"https:\/\/arantv.az\/index.php?rest_route=%2Fwp%2Fv2%2Fcomments&post=640834"}],"version-history":[{"count":0,"href":"https:\/\/arantv.az\/index.php?rest_route=\/wp\/v2\/posts\/640834\/revisions"}],"wp:featuredmedia":[{"embeddable":true,"href":"https:\/\/arantv.az\/index.php?rest_route=\/wp\/v2\/media\/640837"}],"wp:attachment":[{"href":"https:\/\/arantv.az\/index.php?rest_route=%2Fwp%2Fv2%2Fmedia&parent=640834"}],"wp:term":[{"taxonomy":"category","embeddable":true,"href":"https:\/\/arantv.az\/index.php?rest_route=%2Fwp%2Fv2%2Fcategories&post=640834"},{"taxonomy":"post_tag","embeddable":true,"href":"https:\/\/arantv.az\/index.php?rest_route=%2Fwp%2Fv2%2Ftags&post=640834"}],"curies":[{"name":"wp","href":"https:\/\/api.w.org\/{rel}","templated":true}]}}