{"id":640836,"date":"2023-10-03T15:15:15","date_gmt":"2023-10-03T11:15:15","guid":{"rendered":"https:\/\/arantv.az\/?p=640836"},"modified":"2023-10-03T15:15:15","modified_gmt":"2023-10-03T11:15:15","slug":"prezident-ilham-%c9%99liyev-iraqli-h%c9%99mkarina-t%c9%99brik-m%c9%99ktubu-gond%c9%99rib","status":"publish","type":"post","link":"https:\/\/arantv.az\/?p=640836","title":{"rendered":"Prezident \u0130lham \u018fliyev iraql\u0131 h\u0259mkar\u0131na t\u0259brik m\u0259ktubu g\u00f6nd\u0259rib"},"content":{"rendered":"<p>Az\u0259rbaycan Prezidenti\u00a0<strong>\u0130lham \u018fliyev<\/strong>\u00a0\u0130raq Respublikas\u0131n\u0131n Prezidenti \u018fbd\u00fcll\u0259tif Camal R\u0259\u015fid\u0259 m\u0259ktub \u00fcnvanlay\u0131b.<\/p>\n<p><strong><a href=\"https:\/\/president.az\/az\/articles\/view\/61438\" target=\"_blank\" rel=\"noopener\">President.az<\/a><\/strong>\u00a0x\u0259b\u0259r verir ki, m\u0259ktubda deyilir:<\/p>\n<p>\u201cH\u00f6rm\u0259tli c\u0259nab Prezident, \u0130raq Respublikas\u0131n\u0131n milli bayram\u0131 m\u00fcnasib\u0259til\u0259 sizi v\u0259 b\u00fct\u00fcn xalq\u0131n\u0131z\u0131 \u015f\u0259xs\u0259n \u00f6z ad\u0131mdan v\u0259 Az\u0259rbaycan xalq\u0131 ad\u0131ndan \u00fcr\u0259kd\u0259n t\u0259brik edir v\u0259 \u0259n xo\u015f arzular\u0131m\u0131 \u00e7atd\u0131r\u0131ram.<\/p>\n<p>\u0130nan\u0131ram ki, Az\u0259rbaycan-\u0130raq m\u00fcnasib\u0259tl\u0259ri birg\u0259 s\u0259yl\u0259rimizl\u0259 bundan sonra da dostluq v\u0259 \u0259m\u0259kda\u015fl\u0131q m\u0259cras\u0131nda inki\u015faf ed\u0259c\u0259k v\u0259 m\u00f6hk\u0259ml\u0259n\u0259c\u0259kdir.<\/p>\n<p>Bu bayram g\u00fcn\u00fcnd\u0259 Siz\u0259 m\u00f6hk\u0259m cansa\u011fl\u0131\u011f\u0131, i\u015fl\u0259rinizd\u0259 m\u00fcv\u0259ff\u0259qiyy\u0259tl\u0259r, dost \u0130raq xalq\u0131na daim \u0259min-amanl\u0131q v\u0259 rifah arzulay\u0131ram\u201d.<\/p>\n","protected":false},"excerpt":{"rendered":"<p>Az\u0259rbaycan Prezidenti\u00a0\u0130lham \u018fliyev\u00a0\u0130raq Respublikas\u0131n\u0131n Prezidenti \u018fbd\u00fcll\u0259tif Camal R\u0259\u015fid\u0259 m\u0259ktub \u00fcnvanlay\u0131b. President.az\u00a0x\u0259b\u0259r verir ki, m\u0259ktubda deyilir: \u201cH\u00f6rm\u0259tli c\u0259nab Prezident, \u0130raq Respublikas\u0131n\u0131n milli bayram\u0131 m\u00fcnasib\u0259til\u0259 sizi v\u0259 b\u00fct\u00fcn xalq\u0131n\u0131z\u0131 \u015f\u0259xs\u0259n \u00f6z ad\u0131mdan v\u0259 Az\u0259rbaycan xalq\u0131 ad\u0131ndan \u00fcr\u0259kd\u0259n t\u0259brik edir v\u0259 \u0259n xo\u015f arzular\u0131m\u0131 \u00e7atd\u0131r\u0131ram. \u0130nan\u0131ram ki, Az\u0259rbaycan-\u0130raq m\u00fcnasib\u0259tl\u0259ri birg\u0259 s\u0259yl\u0259rimizl\u0259 bundan sonra da dostluq v\u0259 \u0259m\u0259kda\u015fl\u0131q m\u0259cras\u0131nda inki\u015faf ed\u0259c\u0259k v\u0259 m\u00f6hk\u0259ml\u0259n\u0259c\u0259kdir. Bu bayram g\u00fcn\u00fcnd\u0259 Siz\u0259 m\u00f6hk\u0259m cansa\u011fl\u0131\u011f\u0131, i\u015fl\u0259rinizd\u0259 m\u00fcv\u0259ff\u0259qiyy\u0259tl\u0259r, dost \u0130raq xalq\u0131na daim \u0259min-amanl\u0131q v\u0259 rifah arzulay\u0131ram\u201d.<\/p>\n","protected":false},"author":2,"featured_media":640840,"comment_status":"closed","ping_status":"closed","sticky":false,"template":"","format":"standard","meta":{"om_disable_all_campaigns":false,"_monsterinsights_skip_tracking":false,"_monsterinsights_sitenote_active":false,"_monsterinsights_sitenote_note":"","_monsterinsights_sitenote_category":0},"categories":[4],"tags":[],"aioseo_notices":[],"gutentor_comment":0,"rttpg_featured_image_url":{"full":["https:\/\/arantv.az\/wp-content\/uploads\/2023\/10\/e34e2107-55d9-324c-8c73-101e5b2354fe_850-1.jpg",620,413,false],"landscape":["https:\/\/arantv.az\/wp-content\/uploads\/2023\/10\/e34e2107-55d9-324c-8c73-101e5b2354fe_850-1.jpg",620,413,false],"portraits":["https:\/\/arantv.az\/wp-content\/uploads\/2023\/10\/e34e2107-55d9-324c-8c73-101e5b2354fe_850-1.jpg",620,413,false],"thumbnail":["https:\/\/arantv.az\/wp-content\/uploads\/2023\/10\/e34e2107-55d9-324c-8c73-101e5b2354fe_850-1-500x280.jpg",500,280,true],"medium":["https:\/\/arantv.az\/wp-content\/uploads\/2023\/10\/e34e2107-55d9-324c-8c73-101e5b2354fe_850-1-548x365.jpg",548,365,true],"large":["https:\/\/arantv.az\/wp-content\/uploads\/2023\/10\/e34e2107-55d9-324c-8c73-101e5b2354fe_850-1.jpg",620,413,false],"1536x1536":["https:\/\/arantv.az\/wp-content\/uploads\/2023\/10\/e34e2107-55d9-324c-8c73-101e5b2354fe_850-1.jpg",620,413,false],"2048x2048":["https:\/\/arantv.az\/wp-content\/uploads\/2023\/10\/e34e2107-55d9-324c-8c73-101e5b2354fe_850-1.jpg",620,413,false],"post-thumbnail":["https:\/\/arantv.az\/wp-content\/uploads\/2023\/10\/e34e2107-55d9-324c-8c73-101e5b2354fe_850-1-240x172.jpg",240,172,true],"advps-thumb-one":["https:\/\/arantv.az\/wp-content\/uploads\/2023\/10\/e34e2107-55d9-324c-8c73-101e5b2354fe_850-1.jpg",620,413,false]},"rttpg_author":{"display_name":"V\u00fcsal Rafiqo\u011flu","author_link":"https:\/\/arantv.az\/?author=2"},"rttpg_comment":0,"rttpg_category":"<a href=\"https:\/\/arantv.az\/?cat=4\" rel=\"category\">Siyas\u0259t<\/a>","rttpg_excerpt":"Az\u0259rbaycan Prezidenti\u00a0\u0130lham \u018fliyev\u00a0\u0130raq Respublikas\u0131n\u0131n Prezidenti \u018fbd\u00fcll\u0259tif Camal R\u0259\u015fid\u0259 m\u0259ktub \u00fcnvanlay\u0131b. President.az\u00a0x\u0259b\u0259r verir ki, m\u0259ktubda deyilir: \u201cH\u00f6rm\u0259tli c\u0259nab Prezident, \u0130raq Respublikas\u0131n\u0131n milli bayram\u0131 m\u00fcnasib\u0259til\u0259 sizi v\u0259 b\u00fct\u00fcn xalq\u0131n\u0131z\u0131 \u015f\u0259xs\u0259n \u00f6z ad\u0131mdan v\u0259 Az\u0259rbaycan xalq\u0131 ad\u0131ndan \u00fcr\u0259kd\u0259n t\u0259brik edir v\u0259 \u0259n xo\u015f arzular\u0131m\u0131 \u00e7atd\u0131r\u0131ram. \u0130nan\u0131ram ki, Az\u0259rbaycan-\u0130raq m\u00fcnasib\u0259tl\u0259ri birg\u0259 s\u0259yl\u0259rimizl\u0259 bundan sonra da dostluq v\u0259 \u0259m\u0259kda\u015fl\u0131q m\u0259cras\u0131nda&hellip;","_links":{"self":[{"href":"https:\/\/arantv.az\/index.php?rest_route=\/wp\/v2\/posts\/640836"}],"collection":[{"href":"https:\/\/arantv.az\/index.php?rest_route=\/wp\/v2\/posts"}],"about":[{"href":"https:\/\/arantv.az\/index.php?rest_route=\/wp\/v2\/types\/post"}],"author":[{"embeddable":true,"href":"https:\/\/arantv.az\/index.php?rest_route=\/wp\/v2\/users\/2"}],"replies":[{"embeddable":true,"href":"https:\/\/arantv.az\/index.php?rest_route=%2Fwp%2Fv2%2Fcomments&post=640836"}],"version-history":[{"count":0,"href":"https:\/\/arantv.az\/index.php?rest_route=\/wp\/v2\/posts\/640836\/revisions"}],"wp:featuredmedia":[{"embeddable":true,"href":"https:\/\/arantv.az\/index.php?rest_route=\/wp\/v2\/media\/640840"}],"wp:attachment":[{"href":"https:\/\/arantv.az\/index.php?rest_route=%2Fwp%2Fv2%2Fmedia&parent=640836"}],"wp:term":[{"taxonomy":"category","embeddable":true,"href":"https:\/\/arantv.az\/index.php?rest_route=%2Fwp%2Fv2%2Fcategories&post=640836"},{"taxonomy":"post_tag","embeddable":true,"href":"https:\/\/arantv.az\/index.php?rest_route=%2Fwp%2Fv2%2Ftags&post=640836"}],"curies":[{"name":"wp","href":"https:\/\/api.w.org\/{rel}","templated":true}]}}