{"id":640839,"date":"2023-10-03T15:15:46","date_gmt":"2023-10-03T11:15:46","guid":{"rendered":"https:\/\/arantv.az\/?p=640839"},"modified":"2023-10-03T15:15:46","modified_gmt":"2023-10-03T11:15:46","slug":"ilham-%c9%99liyev-c%c9%99nubi-koreyali-h%c9%99mkarina-m%c9%99ktub-gond%c9%99rib","status":"publish","type":"post","link":"https:\/\/arantv.az\/?p=640839","title":{"rendered":"\u0130lham \u018fliyev C\u0259nubi koreyal\u0131 h\u0259mkar\u0131na m\u0259ktub g\u00f6nd\u0259rib"},"content":{"rendered":"<p>Prezident\u00a0<strong>\u0130lham \u018fliyev<\/strong>\u00a0Koreya Respublikas\u0131n\u0131n Prezidenti Yun Sok Yola t\u0259brik m\u0259ktubu \u00fcnvanlay\u0131b.<\/p>\n<p><a href=\"https:\/\/president.az\/az\/articles\/view\/61437\" target=\"_blank\" rel=\"noopener\"><strong>President.az<\/strong><\/a>-\u0131n x\u0259b\u0259rin\u0259 g\u00f6r\u0259, m\u0259ktubda deyilir:<\/p>\n<p>\u201cH\u00f6rm\u0259tli c\u0259nab Prezident, Koreya Respublikas\u0131n\u0131n milli bayram\u0131 m\u00fcnasib\u0259til\u0259 Sizi v\u0259 b\u00fct\u00fcn xalq\u0131n\u0131z\u0131 \u00f6z ad\u0131mdan v\u0259 Az\u0259rbaycan xalq\u0131 ad\u0131ndan s\u0259mimi-q\u0259lbd\u0259n t\u0259brik edir\u0259m.<\/p>\n<p>Az\u0259rbaycan-Koreya dostluq v\u0259 \u0259m\u0259kda\u015fl\u0131q m\u00fcnasib\u0259tl\u0259ri xo\u015f \u0259n\u0259n\u0259l\u0259r\u0259 malikdir. D\u00f6vl\u0259tl\u0259raras\u0131 \u0259laq\u0259l\u0259rimizin inki\u015faf dinamikas\u0131, qar\u015f\u0131l\u0131ql\u0131 maraq do\u011furan \u0259m\u0259kda\u015fl\u0131\u011f\u0131m\u0131z\u0131n geni\u015fl\u0259nm\u0259si bizi sevindirir.<\/p>\n<p>Koreya \u015firk\u0259tl\u0259ri uzun ill\u0259rd\u0259n b\u0259ri Az\u0259rbaycanda \u00e7ox u\u011furla f\u0259aliyy\u0259t g\u00f6st\u0259rirl\u0259r. \u00d6lk\u0259nizi t\u0259msil ed\u0259n \u015firk\u0259tl\u0259r i\u015f\u011faldan azad edilmi\u015f torpaqlar\u0131m\u0131zda apar\u0131lan b\u0259rpa v\u0259 yenid\u0259nqurma i\u015fl\u0259rin\u0259 istehsal etdikl\u0259ri qabaqc\u0131l v\u0259 m\u00fcasir texnologiyalar vasit\u0259sil\u0259 t\u00f6hf\u0259 ver\u0259 bil\u0259rl\u0259r. \u0130nan\u0131ram ki, m\u00f6vcud imkanlardan yararlanaraq birg\u0259 s\u0259yl\u0259rimizl\u0259 b\u00f6y\u00fck potensiala malik olan m\u00fcnasib\u0259tl\u0259rimizi v\u0259 s\u0259m\u0259r\u0259li \u0259m\u0259kda\u015fl\u0131\u011f\u0131m\u0131z\u0131 bundan sonra da d\u0259rinl\u0259\u015fdir\u0259c\u0259yik.<\/p>\n<p>Bel\u0259 bir bayram g\u00fcn\u00fcnd\u0259 Siz\u0259 m\u00f6hk\u0259m cansa\u011fl\u0131\u011f\u0131, xo\u015fb\u0259xtlik, dost Koreya Respublikas\u0131na daim \u0259min-amanl\u0131q v\u0259 firavanl\u0131q arzulay\u0131ram\u201d.<\/p>\n","protected":false},"excerpt":{"rendered":"<p>Prezident\u00a0\u0130lham \u018fliyev\u00a0Koreya Respublikas\u0131n\u0131n Prezidenti Yun Sok Yola t\u0259brik m\u0259ktubu \u00fcnvanlay\u0131b. President.az-\u0131n x\u0259b\u0259rin\u0259 g\u00f6r\u0259, m\u0259ktubda deyilir: \u201cH\u00f6rm\u0259tli c\u0259nab Prezident, Koreya Respublikas\u0131n\u0131n milli bayram\u0131 m\u00fcnasib\u0259til\u0259 Sizi v\u0259 b\u00fct\u00fcn xalq\u0131n\u0131z\u0131 \u00f6z ad\u0131mdan v\u0259 Az\u0259rbaycan xalq\u0131 ad\u0131ndan s\u0259mimi-q\u0259lbd\u0259n t\u0259brik edir\u0259m. Az\u0259rbaycan-Koreya dostluq v\u0259 \u0259m\u0259kda\u015fl\u0131q m\u00fcnasib\u0259tl\u0259ri xo\u015f \u0259n\u0259n\u0259l\u0259r\u0259 malikdir. D\u00f6vl\u0259tl\u0259raras\u0131 \u0259laq\u0259l\u0259rimizin inki\u015faf dinamikas\u0131, qar\u015f\u0131l\u0131ql\u0131 maraq do\u011furan \u0259m\u0259kda\u015fl\u0131\u011f\u0131m\u0131z\u0131n geni\u015fl\u0259nm\u0259si bizi sevindirir. Koreya \u015firk\u0259tl\u0259ri uzun ill\u0259rd\u0259n b\u0259ri Az\u0259rbaycanda \u00e7ox u\u011furla f\u0259aliyy\u0259t g\u00f6st\u0259rirl\u0259r. \u00d6lk\u0259nizi t\u0259msil ed\u0259n \u015firk\u0259tl\u0259r i\u015f\u011faldan azad edilmi\u015f torpaqlar\u0131m\u0131zda apar\u0131lan b\u0259rpa v\u0259 yenid\u0259nqurma i\u015fl\u0259rin\u0259 istehsal etdikl\u0259ri qabaqc\u0131l v\u0259 m\u00fcasir texnologiyalar vasit\u0259sil\u0259 t\u00f6hf\u0259 ver\u0259 bil\u0259rl\u0259r. \u0130nan\u0131ram ki,&hellip;<\/p>\n","protected":false},"author":2,"featured_media":640842,"comment_status":"closed","ping_status":"closed","sticky":false,"template":"","format":"standard","meta":{"om_disable_all_campaigns":false,"_monsterinsights_skip_tracking":false,"_monsterinsights_sitenote_active":false,"_monsterinsights_sitenote_note":"","_monsterinsights_sitenote_category":0},"categories":[4],"tags":[],"aioseo_notices":[],"gutentor_comment":0,"rttpg_featured_image_url":{"full":["https:\/\/arantv.az\/wp-content\/uploads\/2023\/10\/140891325_10164425820405315_1342222326805839665_o-1.jpg",620,413,false],"landscape":["https:\/\/arantv.az\/wp-content\/uploads\/2023\/10\/140891325_10164425820405315_1342222326805839665_o-1.jpg",620,413,false],"portraits":["https:\/\/arantv.az\/wp-content\/uploads\/2023\/10\/140891325_10164425820405315_1342222326805839665_o-1.jpg",620,413,false],"thumbnail":["https:\/\/arantv.az\/wp-content\/uploads\/2023\/10\/140891325_10164425820405315_1342222326805839665_o-1-500x280.jpg",500,280,true],"medium":["https:\/\/arantv.az\/wp-content\/uploads\/2023\/10\/140891325_10164425820405315_1342222326805839665_o-1-548x365.jpg",548,365,true],"large":["https:\/\/arantv.az\/wp-content\/uploads\/2023\/10\/140891325_10164425820405315_1342222326805839665_o-1.jpg",620,413,false],"1536x1536":["https:\/\/arantv.az\/wp-content\/uploads\/2023\/10\/140891325_10164425820405315_1342222326805839665_o-1.jpg",620,413,false],"2048x2048":["https:\/\/arantv.az\/wp-content\/uploads\/2023\/10\/140891325_10164425820405315_1342222326805839665_o-1.jpg",620,413,false],"post-thumbnail":["https:\/\/arantv.az\/wp-content\/uploads\/2023\/10\/140891325_10164425820405315_1342222326805839665_o-1-240x172.jpg",240,172,true],"advps-thumb-one":["https:\/\/arantv.az\/wp-content\/uploads\/2023\/10\/140891325_10164425820405315_1342222326805839665_o-1.jpg",620,413,false]},"rttpg_author":{"display_name":"V\u00fcsal Rafiqo\u011flu","author_link":"https:\/\/arantv.az\/?author=2"},"rttpg_comment":0,"rttpg_category":"<a href=\"https:\/\/arantv.az\/?cat=4\" rel=\"category\">Siyas\u0259t<\/a>","rttpg_excerpt":"Prezident\u00a0\u0130lham \u018fliyev\u00a0Koreya Respublikas\u0131n\u0131n Prezidenti Yun Sok Yola t\u0259brik m\u0259ktubu \u00fcnvanlay\u0131b. President.az-\u0131n x\u0259b\u0259rin\u0259 g\u00f6r\u0259, m\u0259ktubda deyilir: \u201cH\u00f6rm\u0259tli c\u0259nab Prezident, Koreya Respublikas\u0131n\u0131n milli bayram\u0131 m\u00fcnasib\u0259til\u0259 Sizi v\u0259 b\u00fct\u00fcn xalq\u0131n\u0131z\u0131 \u00f6z ad\u0131mdan v\u0259 Az\u0259rbaycan xalq\u0131 ad\u0131ndan s\u0259mimi-q\u0259lbd\u0259n t\u0259brik edir\u0259m. Az\u0259rbaycan-Koreya dostluq v\u0259 \u0259m\u0259kda\u015fl\u0131q m\u00fcnasib\u0259tl\u0259ri xo\u015f \u0259n\u0259n\u0259l\u0259r\u0259 malikdir. D\u00f6vl\u0259tl\u0259raras\u0131 \u0259laq\u0259l\u0259rimizin inki\u015faf dinamikas\u0131, qar\u015f\u0131l\u0131ql\u0131 maraq do\u011furan \u0259m\u0259kda\u015fl\u0131\u011f\u0131m\u0131z\u0131n geni\u015fl\u0259nm\u0259si bizi sevindirir.&hellip;","_links":{"self":[{"href":"https:\/\/arantv.az\/index.php?rest_route=\/wp\/v2\/posts\/640839"}],"collection":[{"href":"https:\/\/arantv.az\/index.php?rest_route=\/wp\/v2\/posts"}],"about":[{"href":"https:\/\/arantv.az\/index.php?rest_route=\/wp\/v2\/types\/post"}],"author":[{"embeddable":true,"href":"https:\/\/arantv.az\/index.php?rest_route=\/wp\/v2\/users\/2"}],"replies":[{"embeddable":true,"href":"https:\/\/arantv.az\/index.php?rest_route=%2Fwp%2Fv2%2Fcomments&post=640839"}],"version-history":[{"count":0,"href":"https:\/\/arantv.az\/index.php?rest_route=\/wp\/v2\/posts\/640839\/revisions"}],"wp:featuredmedia":[{"embeddable":true,"href":"https:\/\/arantv.az\/index.php?rest_route=\/wp\/v2\/media\/640842"}],"wp:attachment":[{"href":"https:\/\/arantv.az\/index.php?rest_route=%2Fwp%2Fv2%2Fmedia&parent=640839"}],"wp:term":[{"taxonomy":"category","embeddable":true,"href":"https:\/\/arantv.az\/index.php?rest_route=%2Fwp%2Fv2%2Fcategories&post=640839"},{"taxonomy":"post_tag","embeddable":true,"href":"https:\/\/arantv.az\/index.php?rest_route=%2Fwp%2Fv2%2Ftags&post=640839"}],"curies":[{"name":"wp","href":"https:\/\/api.w.org\/{rel}","templated":true}]}}