{"id":640848,"date":"2023-10-03T15:41:43","date_gmt":"2023-10-03T11:41:43","guid":{"rendered":"https:\/\/arantv.az\/?p=640848"},"modified":"2023-10-03T15:41:43","modified_gmt":"2023-10-03T11:41:43","slug":"bu-gun-iki-milli-q%c9%99hr%c9%99manimizin-s%c9%99had%c9%99t%c9%99-ucaldigi-gundur-foto-2","status":"publish","type":"post","link":"https:\/\/arantv.az\/?p=640848","title":{"rendered":"Bu g\u00fcn iki Milli Q\u0259hr\u0259man\u0131m\u0131z\u0131n \u015f\u0259had\u0259t\u0259 ucald\u0131\u011f\u0131 g\u00fcnd\u00fcr &#8211; FOTO"},"content":{"rendered":"<p>Bu g\u00fcn Az\u0259rbaycan\u0131n Milli Q\u0259hr\u0259manlar\u0131 \u018fliyar \u018fliyevin v\u0259 Yuri Kovalyovun \u015f\u0259hid olduqlar\u0131 g\u00fcnd\u00fcr.<\/p>\n<p><strong>ARANTV.AZ <\/strong>\u00a0xat\u0131rlad\u0131r ki, \u018fliyar \u018fliyev 1957-ci il dekabr\u0131n 14-d\u0259 Qubadl\u0131 rayonunun Q\u0259zyan k\u0259ndind\u0259 anadan olub.<\/p>\n<p>1979-cu ild\u0259 Az\u0259rbaycan D\u00f6vl\u0259t B\u0259d\u0259n T\u0259rbiy\u0259si \u0130nstitutunu f\u0259rql\u0259nm\u0259 diplomu il\u0259 bitir\u0259r\u0259k, bir m\u00fcdd\u0259t Qubadl\u0131 rayonunun Dondarl\u0131 k\u0259nd orta m\u0259kt\u0259bind\u0259 idman m\u00fc\u0259llimi i\u015fl\u0259yib.<\/p>\n<p>Milli Q\u0259hr\u0259man\u0131m\u0131z yunan-Roma g\u00fcl\u0259\u015fi \u00fczr\u0259 d\u0259f\u0259l\u0259rl\u0259 respublika \u00e7empionu, \u00fcmumittifaq v\u0259 beyn\u0259lxalq yar\u0131\u015flar\u0131n qalibi olub. Onun r\u0259hb\u0259rliyi il\u0259 yeti\u015fmi\u015f s\u0259kkiz n\u0259f\u0259r respublika v\u0259 SSR\u0130 \u00e7empionu olub.<\/p>\n<p>Qaraba\u011f m\u00fcharib\u0259si ba\u015flayanda \u018fliyar \u018fliyev k\u00f6n\u00fcll\u00fc olaraq Az\u0259rbaycan Silahl\u0131 Q\u00fcvv\u0259l\u0259rinin s\u0131ras\u0131na qo\u015fulub. \u018fvv\u0259lc\u0259 taborun k\u0259\u015ffiyyat b\u00f6lm\u0259sinin komandiri, sonra tabor komandirinin t\u0259chizat \u00fczr\u0259 m\u00fcavini t\u0259yin edilib.<\/p>\n<p><img src=\"https:\/\/cdn.oxu.az\/uploads\/W1siZiIsIjIwMjMvMTAvMDMvMTAvMDEvMzMvMTI4ODExMDAtZTUwNy00NzNkLTgzZWMtYjQ0YjAzZDFjMDEyL8mZbC5qcGciXSxbInAiLCJlbmNvZGUiLCJqcGciLCItcXVhbGl0eSA4MCJdLFsicCIsInRodW1iIiwiNTkweDU5MFx1MDAzZSJdXQ?sha=b90fa9e0170f5d1b\" alt=\"\" \/><\/p>\n<p>1992-ci il sentyabr\u0131n 30-da La\u00e7\u0131n rayonu istiqam\u0259tind\u0259 d\u00f6y\u00fc\u015f\u0259 r\u0259hb\u0259rlik edib.<\/p>\n<p>O, h\u0259min ilin pay\u0131z\u0131nda 40 k\u00f6n\u00fcll\u00fc d\u00f6y\u00fc\u015f\u00e7\u00fc il\u0259 birlikd\u0259 i\u015f\u011fal alt\u0131ndak\u0131 La\u00e7\u0131n\u0131n 40-a q\u0259d\u0259r k\u0259ndini d\u00f6rd g\u00fcn \u0259rzind\u0259 erm\u0259nil\u0259rd\u0259n azad edib.<\/p>\n<p>Milli Q\u0259hr\u0259man\u0131n son d\u00f6y\u00fc\u015f\u00fc 1992-ci il oktyabr\u0131n 3-d\u0259 La\u00e7\u0131n\u0131n iki kilometrliyind\u0259 olub.<\/p>\n<p>Tikanl\u0131 z\u0259mi\u00a0y\u00fcks\u0259kliyi u\u011frunda d\u00f6y\u00fc\u015fd\u0259 tabor komandiri \u018fliyar \u018fliyev v\u0259 onun s\u00fcr\u00fcc\u00fcs\u00fc \u018flisad\u0259t A\u011fayev q\u0259hr\u0259mancas\u0131na h\u0259lak olublar. O, Qubadl\u0131 rayonunun Q\u0259zyan k\u0259ndind\u0259 d\u0259fn olunub.<\/p>\n<p>Dig\u0259r i\u015f\u011fal alt\u0131nda olan torpaqlar\u0131m\u0131zla birlikd\u0259 Qubadl\u0131 da d\u00fc\u015fm\u0259n tapda\u011f\u0131ndan azad edildikd\u0259n sonra Milli Q\u0259hr\u0259man\u0131m\u0131z\u0131n q\u0259bri\u00a0b\u0259rpa olunub. Q\u0259birda\u015f\u0131 haz\u0131rlanaraq \u0259traf\u0131 s\u0259liq\u0259y\u0259 sal\u0131n\u0131b.<\/p>\n<p>Dig\u0259r Milli Q\u0259hr\u0259man\u0131m\u0131z Yuri Petrovi\u00e7 Kovalyov is\u0259 29 may 1965-ci ild\u0259 G\u00f6y\u00e7ay rayonunda anadan olub.<\/p>\n<p><img src=\"https:\/\/cdn.oxu.az\/uploads\/W1siZiIsIjIwMjMvMTAvMDMvMTAvMDIvMDIvOTM4ZmI2ZWYtMDEwZi00ODcwLWJmOTgtMmQxMjVkNDgzMWU0L2hhZ2FzZGZnZmdoLmpwZyJdLFsicCIsImVuY29kZSIsImpwZyIsIi1xdWFsaXR5IDgwIl0sWyJwIiwidGh1bWIiLCI1OTB4NTkwXHUwMDNlIl1d?sha=e4a3b0dd7170f6f5\" alt=\"\" \/><\/p>\n<p>O, 1990-c\u0131 ild\u0259 Daxili \u0130\u015fl\u0259r Nazirliyinin tabeliyind\u0259ki x\u00fcsusi polis b\u00f6lm\u0259l\u0259rinin s\u0131ralar\u0131na qo\u015fulub v\u0259 tez-tez Qaraba\u011fa ezamiyy\u0259t\u0259 gedib. Q\u0259hr\u0259manl\u0131\u011f\u0131 v\u0259 c\u0259sar\u0259ti say\u0259sind\u0259 q\u0131sa m\u00fcdd\u0259td\u0259 Kovalyov \u0259fsan\u0259y\u0259 \u00e7evrilib v\u0259 erm\u0259nil\u0259r onun ba\u015f\u0131 \u00fc\u00e7\u00fcn m\u00fckafat t\u0259yin edibl\u0259r.<\/p>\n<p>Yuri v\u0259 silahda\u015flar\u0131 \u0259n qanl\u0131 d\u00f6y\u00fc\u015fl\u0259rd\u0259 vuru\u015fublar, \u0259n \u00e7\u0259tin tap\u015f\u0131r\u0131qlar\u0131 yerin\u0259 yetiribl\u0259r.<\/p>\n<p>O, 26 ya\u015f\u0131nda, 1991-ci il oktyabr\u0131n 3-d\u0259 Xocav\u0259nd b\u00f6lg\u0259sind\u0259 erm\u0259ni i\u015f\u011fal\u00e7\u0131larla\u00a0d\u00f6y\u00fc\u015fd\u0259 snayper g\u00fcll\u0259sin\u0259 tu\u015f g\u0259lib. \u015e\u0259hidin iki q\u0131z \u00f6vlad\u0131 qal\u0131b.<\/p>\n<p>Az\u0259rbaycan Respublikas\u0131 Prezidentinin 5 iyun 1992-ci il tarixli s\u0259r\u0259ncam\u0131 il\u0259 Yuri Kovalyov \u00f6l\u00fcm\u00fcnd\u0259n sonra \u201cAz\u0259rbaycan Milli Q\u0259hr\u0259man\u201d ad\u0131na layiq g\u00f6r\u00fcl\u00fcb.<\/p>\n","protected":false},"excerpt":{"rendered":"<p>Bu g\u00fcn Az\u0259rbaycan\u0131n Milli Q\u0259hr\u0259manlar\u0131 \u018fliyar \u018fliyevin v\u0259 Yuri Kovalyovun \u015f\u0259hid olduqlar\u0131 g\u00fcnd\u00fcr. ARANTV.AZ \u00a0xat\u0131rlad\u0131r ki, \u018fliyar \u018fliyev 1957-ci il dekabr\u0131n 14-d\u0259 Qubadl\u0131 rayonunun Q\u0259zyan k\u0259ndind\u0259 anadan olub. 1979-cu ild\u0259 Az\u0259rbaycan D\u00f6vl\u0259t B\u0259d\u0259n T\u0259rbiy\u0259si \u0130nstitutunu f\u0259rql\u0259nm\u0259 diplomu il\u0259 bitir\u0259r\u0259k, bir m\u00fcdd\u0259t Qubadl\u0131 rayonunun Dondarl\u0131 k\u0259nd orta m\u0259kt\u0259bind\u0259 idman m\u00fc\u0259llimi i\u015fl\u0259yib. Milli Q\u0259hr\u0259man\u0131m\u0131z yunan-Roma g\u00fcl\u0259\u015fi \u00fczr\u0259 d\u0259f\u0259l\u0259rl\u0259 respublika \u00e7empionu, \u00fcmumittifaq v\u0259 beyn\u0259lxalq yar\u0131\u015flar\u0131n qalibi olub. Onun r\u0259hb\u0259rliyi il\u0259 yeti\u015fmi\u015f s\u0259kkiz n\u0259f\u0259r respublika v\u0259 SSR\u0130 \u00e7empionu olub. Qaraba\u011f m\u00fcharib\u0259si ba\u015flayanda \u018fliyar \u018fliyev k\u00f6n\u00fcll\u00fc olaraq Az\u0259rbaycan Silahl\u0131 Q\u00fcvv\u0259l\u0259rinin s\u0131ras\u0131na qo\u015fulub. \u018fvv\u0259lc\u0259 taborun k\u0259\u015ffiyyat&hellip;<\/p>\n","protected":false},"author":2,"featured_media":640855,"comment_status":"closed","ping_status":"closed","sticky":false,"template":"","format":"standard","meta":{"om_disable_all_campaigns":false,"_monsterinsights_skip_tracking":false,"_monsterinsights_sitenote_active":false,"_monsterinsights_sitenote_note":"","_monsterinsights_sitenote_category":0},"categories":[1],"tags":[],"aioseo_notices":[],"gutentor_comment":0,"rttpg_featured_image_url":{"full":["https:\/\/arantv.az\/wp-content\/uploads\/2023\/10\/mqdefault.jpg",320,180,false],"landscape":["https:\/\/arantv.az\/wp-content\/uploads\/2023\/10\/mqdefault.jpg",320,180,false],"portraits":["https:\/\/arantv.az\/wp-content\/uploads\/2023\/10\/mqdefault.jpg",320,180,false],"thumbnail":["https:\/\/arantv.az\/wp-content\/uploads\/2023\/10\/mqdefault.jpg",320,180,false],"medium":["https:\/\/arantv.az\/wp-content\/uploads\/2023\/10\/mqdefault.jpg",320,180,false],"large":["https:\/\/arantv.az\/wp-content\/uploads\/2023\/10\/mqdefault.jpg",320,180,false],"1536x1536":["https:\/\/arantv.az\/wp-content\/uploads\/2023\/10\/mqdefault.jpg",320,180,false],"2048x2048":["https:\/\/arantv.az\/wp-content\/uploads\/2023\/10\/mqdefault.jpg",320,180,false],"post-thumbnail":["https:\/\/arantv.az\/wp-content\/uploads\/2023\/10\/mqdefault-240x172.jpg",240,172,true],"advps-thumb-one":["https:\/\/arantv.az\/wp-content\/uploads\/2023\/10\/mqdefault.jpg",320,180,false]},"rttpg_author":{"display_name":"V\u00fcsal Rafiqo\u011flu","author_link":"https:\/\/arantv.az\/?author=2"},"rttpg_comment":0,"rttpg_category":"<a href=\"https:\/\/arantv.az\/?cat=1\" rel=\"category\">C\u0259miyy\u0259t<\/a>","rttpg_excerpt":"Bu g\u00fcn Az\u0259rbaycan\u0131n Milli Q\u0259hr\u0259manlar\u0131 \u018fliyar \u018fliyevin v\u0259 Yuri Kovalyovun \u015f\u0259hid olduqlar\u0131 g\u00fcnd\u00fcr. ARANTV.AZ \u00a0xat\u0131rlad\u0131r ki, \u018fliyar \u018fliyev 1957-ci il dekabr\u0131n 14-d\u0259 Qubadl\u0131 rayonunun Q\u0259zyan k\u0259ndind\u0259 anadan olub. 1979-cu ild\u0259 Az\u0259rbaycan D\u00f6vl\u0259t B\u0259d\u0259n T\u0259rbiy\u0259si \u0130nstitutunu f\u0259rql\u0259nm\u0259 diplomu il\u0259 bitir\u0259r\u0259k, bir m\u00fcdd\u0259t Qubadl\u0131 rayonunun Dondarl\u0131 k\u0259nd orta m\u0259kt\u0259bind\u0259 idman m\u00fc\u0259llimi i\u015fl\u0259yib. Milli Q\u0259hr\u0259man\u0131m\u0131z yunan-Roma g\u00fcl\u0259\u015fi \u00fczr\u0259&hellip;","_links":{"self":[{"href":"https:\/\/arantv.az\/index.php?rest_route=\/wp\/v2\/posts\/640848"}],"collection":[{"href":"https:\/\/arantv.az\/index.php?rest_route=\/wp\/v2\/posts"}],"about":[{"href":"https:\/\/arantv.az\/index.php?rest_route=\/wp\/v2\/types\/post"}],"author":[{"embeddable":true,"href":"https:\/\/arantv.az\/index.php?rest_route=\/wp\/v2\/users\/2"}],"replies":[{"embeddable":true,"href":"https:\/\/arantv.az\/index.php?rest_route=%2Fwp%2Fv2%2Fcomments&post=640848"}],"version-history":[{"count":0,"href":"https:\/\/arantv.az\/index.php?rest_route=\/wp\/v2\/posts\/640848\/revisions"}],"wp:featuredmedia":[{"embeddable":true,"href":"https:\/\/arantv.az\/index.php?rest_route=\/wp\/v2\/media\/640855"}],"wp:attachment":[{"href":"https:\/\/arantv.az\/index.php?rest_route=%2Fwp%2Fv2%2Fmedia&parent=640848"}],"wp:term":[{"taxonomy":"category","embeddable":true,"href":"https:\/\/arantv.az\/index.php?rest_route=%2Fwp%2Fv2%2Fcategories&post=640848"},{"taxonomy":"post_tag","embeddable":true,"href":"https:\/\/arantv.az\/index.php?rest_route=%2Fwp%2Fv2%2Ftags&post=640848"}],"curies":[{"name":"wp","href":"https:\/\/api.w.org\/{rel}","templated":true}]}}