{"id":640933,"date":"2023-10-03T19:26:39","date_gmt":"2023-10-03T15:26:39","guid":{"rendered":"https:\/\/arantv.az\/?p=640933"},"modified":"2023-10-03T19:26:39","modified_gmt":"2023-10-03T15:26:39","slug":"haber-global-qarabagda-erm%c9%99nil%c9%99rin-tovl%c9%99y%c9%99-cevirdikl%c9%99ri-m%c9%99scidd%c9%99n-sujet-hazirladi-video","status":"publish","type":"post","link":"https:\/\/arantv.az\/?p=640933","title":{"rendered":"\u201cHaber Global\u201d Qaraba\u011fda erm\u0259nil\u0259rin t\u00f6vl\u0259y\u0259 \u00e7evirdikl\u0259ri m\u0259scidd\u0259n s\u00fcjet haz\u0131rlad\u0131 &#8211; V\u0130DEO"},"content":{"rendered":"<article class=\"news\">\n<div class=\"news-inner\">\n<p>Qaraba\u011fdak\u0131 m\u0259scid erm\u0259nil\u0259r t\u0259r\u0259find\u0259n t\u00f6vl\u0259 kimi istifad\u0259 olunub. Az\u0259rbaycan Ordusu bundan \u0259vv\u0259l d\u0259 i\u015f\u011faldan azad edilmi\u015f torpaqlarda bu ac\u0131 m\u0259nz\u0259r\u0259nin \u015fahidi olub.<\/p>\n<p>T\u00fcrkiy\u0259nin \u201cHaber Global\u201d kanal\u0131 m\u00f6vzu il\u0259 ba\u011fl\u0131 s\u00fcjet haz\u0131rlay\u0131b.<\/p>\n<p>Bildirilir ki, bu a\u011fr\u0131l\u0131 m\u0259nz\u0259r\u0259 \u015eu\u015fa rayonunun Mal\u0131b\u0259yli k\u0259ndind\u0259 g\u00f6r\u00fcn\u00fcb. M\u0259scid ill\u0259r \u0259vv\u0259l yand\u0131r\u0131l\u0131b, minar\u0259si da\u011f\u0131d\u0131l\u0131b, qalan hiss\u0259sind\u0259n is\u0259 30 illik i\u015f\u011fal zaman\u0131 t\u00f6vl\u0259 kimi istifad\u0259 olunub.<\/p>\n<p>S\u00fcjetd\u0259 deyilir ki, bundan \u0259vv\u0259l &#8211; 44 g\u00fcnl\u00fck m\u00fcharib\u0259 zaman\u0131 i\u015f\u011faldan azad edilmi\u015f torpaqlarda da erm\u0259nil\u0259rin m\u0259scidl\u0259ri\u00a0donuzxanaya \u00e7evirdikl\u0259rinin \u015fahidi olunub:<\/p>\n<p>\u201c\u00c7\u00fcnki erm\u0259nil\u0259r i\u015f\u011fal etdikl\u0259ri b\u00fct\u00fcn torpaqlarda az\u0259rbaycanl\u0131lar\u0131n inanc v\u0259 d\u0259y\u0259rl\u0259rin\u0259 d\u0259 m\u00fcharib\u0259 elan edibl\u0259r\u201d.<\/p>\n<p>\u018ftrafl\u0131 s\u00fcjetd\u0259:<\/p>\n<div><iframe loading=\"lazy\" title=\"YouTube video player\" src=\"https:\/\/www.youtube.com\/embed\/dFslnnQ2IyA?si=S5_gaFyRuPKbN86b\" width=\"560\" height=\"315\" frameborder=\"0\" allowfullscreen=\"allowfullscreen\" data-mce-fragment=\"1\"><\/iframe><\/div>\n<\/div>\n<\/article>\n","protected":false},"excerpt":{"rendered":"<p>Qaraba\u011fdak\u0131 m\u0259scid erm\u0259nil\u0259r t\u0259r\u0259find\u0259n t\u00f6vl\u0259 kimi istifad\u0259 olunub. Az\u0259rbaycan Ordusu bundan \u0259vv\u0259l d\u0259 i\u015f\u011faldan azad edilmi\u015f torpaqlarda bu ac\u0131 m\u0259nz\u0259r\u0259nin \u015fahidi olub. T\u00fcrkiy\u0259nin \u201cHaber Global\u201d kanal\u0131 m\u00f6vzu il\u0259 ba\u011fl\u0131 s\u00fcjet haz\u0131rlay\u0131b. Bildirilir ki, bu a\u011fr\u0131l\u0131 m\u0259nz\u0259r\u0259 \u015eu\u015fa rayonunun Mal\u0131b\u0259yli k\u0259ndind\u0259 g\u00f6r\u00fcn\u00fcb. M\u0259scid ill\u0259r \u0259vv\u0259l yand\u0131r\u0131l\u0131b, minar\u0259si da\u011f\u0131d\u0131l\u0131b, qalan hiss\u0259sind\u0259n is\u0259 30 illik i\u015f\u011fal zaman\u0131 t\u00f6vl\u0259 kimi istifad\u0259 olunub. S\u00fcjetd\u0259 deyilir ki, bundan \u0259vv\u0259l &#8211; 44 g\u00fcnl\u00fck m\u00fcharib\u0259 zaman\u0131 i\u015f\u011faldan azad edilmi\u015f torpaqlarda da erm\u0259nil\u0259rin m\u0259scidl\u0259ri\u00a0donuzxanaya \u00e7evirdikl\u0259rinin \u015fahidi olunub: \u201c\u00c7\u00fcnki erm\u0259nil\u0259r i\u015f\u011fal etdikl\u0259ri b\u00fct\u00fcn torpaqlarda az\u0259rbaycanl\u0131lar\u0131n inanc v\u0259 d\u0259y\u0259rl\u0259rin\u0259 d\u0259 m\u00fcharib\u0259&hellip;<\/p>\n","protected":false},"author":2,"featured_media":640937,"comment_status":"closed","ping_status":"closed","sticky":false,"template":"","format":"standard","meta":{"om_disable_all_campaigns":false,"_monsterinsights_skip_tracking":false,"_monsterinsights_sitenote_active":false,"_monsterinsights_sitenote_note":"","_monsterinsights_sitenote_category":0},"categories":[4],"tags":[],"aioseo_notices":[],"gutentor_comment":0,"rttpg_featured_image_url":{"full":["https:\/\/arantv.az\/wp-content\/uploads\/2023\/10\/D_D\u00b5D\u00b7-D\u00b8D\u00bcD\u00b5D\u00bdD\u00b8-3.jpg",620,413,false],"landscape":["https:\/\/arantv.az\/wp-content\/uploads\/2023\/10\/D_D\u00b5D\u00b7-D\u00b8D\u00bcD\u00b5D\u00bdD\u00b8-3.jpg",620,413,false],"portraits":["https:\/\/arantv.az\/wp-content\/uploads\/2023\/10\/D_D\u00b5D\u00b7-D\u00b8D\u00bcD\u00b5D\u00bdD\u00b8-3.jpg",620,413,false],"thumbnail":["https:\/\/arantv.az\/wp-content\/uploads\/2023\/10\/D_D\u00b5D\u00b7-D\u00b8D\u00bcD\u00b5D\u00bdD\u00b8-3-500x280.jpg",500,280,true],"medium":["https:\/\/arantv.az\/wp-content\/uploads\/2023\/10\/D_D\u00b5D\u00b7-D\u00b8D\u00bcD\u00b5D\u00bdD\u00b8-3-548x365.jpg",548,365,true],"large":["https:\/\/arantv.az\/wp-content\/uploads\/2023\/10\/D_D\u00b5D\u00b7-D\u00b8D\u00bcD\u00b5D\u00bdD\u00b8-3.jpg",620,413,false],"1536x1536":["https:\/\/arantv.az\/wp-content\/uploads\/2023\/10\/D_D\u00b5D\u00b7-D\u00b8D\u00bcD\u00b5D\u00bdD\u00b8-3.jpg",620,413,false],"2048x2048":["https:\/\/arantv.az\/wp-content\/uploads\/2023\/10\/D_D\u00b5D\u00b7-D\u00b8D\u00bcD\u00b5D\u00bdD\u00b8-3.jpg",620,413,false],"post-thumbnail":["https:\/\/arantv.az\/wp-content\/uploads\/2023\/10\/D_D\u00b5D\u00b7-D\u00b8D\u00bcD\u00b5D\u00bdD\u00b8-3-240x172.jpg",240,172,true],"advps-thumb-one":["https:\/\/arantv.az\/wp-content\/uploads\/2023\/10\/D_D\u00b5D\u00b7-D\u00b8D\u00bcD\u00b5D\u00bdD\u00b8-3.jpg",620,413,false]},"rttpg_author":{"display_name":"V\u00fcsal Rafiqo\u011flu","author_link":"https:\/\/arantv.az\/?author=2"},"rttpg_comment":0,"rttpg_category":"<a href=\"https:\/\/arantv.az\/?cat=4\" rel=\"category\">Siyas\u0259t<\/a>","rttpg_excerpt":"Qaraba\u011fdak\u0131 m\u0259scid erm\u0259nil\u0259r t\u0259r\u0259find\u0259n t\u00f6vl\u0259 kimi istifad\u0259 olunub. Az\u0259rbaycan Ordusu bundan \u0259vv\u0259l d\u0259 i\u015f\u011faldan azad edilmi\u015f torpaqlarda bu ac\u0131 m\u0259nz\u0259r\u0259nin \u015fahidi olub. T\u00fcrkiy\u0259nin \u201cHaber Global\u201d kanal\u0131 m\u00f6vzu il\u0259 ba\u011fl\u0131 s\u00fcjet haz\u0131rlay\u0131b. Bildirilir ki, bu a\u011fr\u0131l\u0131 m\u0259nz\u0259r\u0259 \u015eu\u015fa rayonunun Mal\u0131b\u0259yli k\u0259ndind\u0259 g\u00f6r\u00fcn\u00fcb. M\u0259scid ill\u0259r \u0259vv\u0259l yand\u0131r\u0131l\u0131b, minar\u0259si da\u011f\u0131d\u0131l\u0131b, qalan hiss\u0259sind\u0259n is\u0259 30 illik i\u015f\u011fal zaman\u0131 t\u00f6vl\u0259&hellip;","_links":{"self":[{"href":"https:\/\/arantv.az\/index.php?rest_route=\/wp\/v2\/posts\/640933"}],"collection":[{"href":"https:\/\/arantv.az\/index.php?rest_route=\/wp\/v2\/posts"}],"about":[{"href":"https:\/\/arantv.az\/index.php?rest_route=\/wp\/v2\/types\/post"}],"author":[{"embeddable":true,"href":"https:\/\/arantv.az\/index.php?rest_route=\/wp\/v2\/users\/2"}],"replies":[{"embeddable":true,"href":"https:\/\/arantv.az\/index.php?rest_route=%2Fwp%2Fv2%2Fcomments&post=640933"}],"version-history":[{"count":0,"href":"https:\/\/arantv.az\/index.php?rest_route=\/wp\/v2\/posts\/640933\/revisions"}],"wp:featuredmedia":[{"embeddable":true,"href":"https:\/\/arantv.az\/index.php?rest_route=\/wp\/v2\/media\/640937"}],"wp:attachment":[{"href":"https:\/\/arantv.az\/index.php?rest_route=%2Fwp%2Fv2%2Fmedia&parent=640933"}],"wp:term":[{"taxonomy":"category","embeddable":true,"href":"https:\/\/arantv.az\/index.php?rest_route=%2Fwp%2Fv2%2Fcategories&post=640933"},{"taxonomy":"post_tag","embeddable":true,"href":"https:\/\/arantv.az\/index.php?rest_route=%2Fwp%2Fv2%2Ftags&post=640933"}],"curies":[{"name":"wp","href":"https:\/\/api.w.org\/{rel}","templated":true}]}}