{"id":640950,"date":"2023-10-03T19:31:23","date_gmt":"2023-10-03T15:31:23","guid":{"rendered":"https:\/\/arantv.az\/?p=640950"},"modified":"2023-10-03T19:31:23","modified_gmt":"2023-10-03T15:31:23","slug":"ekspert-erm%c9%99nistan-rusiyanin-maraqlarina-x%c9%99l%c9%99l-g%c9%99tirm%c9%99kl%c9%99-q%c9%99rbi-razi-salmaga-calisir","status":"publish","type":"post","link":"https:\/\/arantv.az\/?p=640950","title":{"rendered":"Ekspert: \u201cErm\u0259nistan Rusiyan\u0131n maraqlar\u0131na x\u0259l\u0259l g\u0259tirm\u0259kl\u0259 Q\u0259rbi raz\u0131 salma\u011fa \u00e7al\u0131\u015f\u0131r\u201d"},"content":{"rendered":"<p>\u201cErm\u0259nistan Q\u0259rbi raz\u0131 salmaq v\u0259 n\u0259tic\u0259d\u0259 Rusiyan\u0131n milli maraqlar\u0131na x\u0259l\u0259l g\u0259tir\u0259n add\u0131mlar at\u0131r\u201d.<\/p>\n<p>Bunu\u00a0\u201cReport\u201dun Rusiya b\u00fcrosuna a\u00e7\u0131qlamas\u0131nda Q.V.Plexanov ad\u0131na Rusiya \u0130qtisadiyyat Universitetinin politologiya v\u0259 sosiologiya kafedras\u0131n\u0131n dosenti, \u201cRusiya Zabitl\u0259ri\u201d ictimai t\u0259\u015fkilat\u0131n\u0131n Ekspertl\u0259r \u015euras\u0131n\u0131n \u00fczv\u00fc Aleksandr Perenciyev deyib.<\/p>\n<p>\u201cErm\u0259nistanda bunlar\u0131 ba\u015fa d\u00fc\u015f\u00fcrl\u0259r. Lakin g\u00f6r\u00fcn\u00fcr onlar Moskvan\u0131n \u0130r\u0259van\u0131n maraqlar\u0131n\u0131 yet\u0259rinc\u0259 qorumad\u0131\u011f\u0131n\u0131 n\u0259z\u0259r\u0259 alaraq se\u00e7im edirl\u0259r. Burada \u00e7ox f\u0259rqli m\u0259qamlar var. \u00c7ox g\u00fcman ki, Erm\u0259nistanda bu q\u0259rara g\u0259libl\u0259r ki, Rusiya x\u00fcsusi h\u0259rbi \u0259m\u0259liyyat v\u0259 sanksiya t\u0259zyiqi n\u0259tic\u0259sind\u0259 z\u0259ifl\u0259yib\u201d, &#8211; dey\u0259 o bildirib.<\/p>\n<p>A.Perenciyev qeyd edib ki, \u0130r\u0259van Q\u0259rbin himay\u0259sin\u0259 \u00fcmid b\u0259sl\u0259yir:<\/p>\n<p>\u201cErm\u0259nistan\u0131n indiki r\u0259hb\u0259rliyi hesab edirdi ki, Q\u0259rb d\u00fcnyas\u0131nda m\u00f6hk\u0259ml\u0259nm\u0259k, ona xo\u015f g\u0259lm\u0259k \u00fc\u00e7\u00fcn h\u0259r \u015feyi etm\u0259k daha yax\u015f\u0131d\u0131r\u201d.<\/p>\n<p>Ekspert eyni zamanda Erm\u0259nistan\u0131n Rusiya imperiyas\u0131n\u0131n tarixi layih\u0259si oldu\u011funu vur\u011fulay\u0131b:<\/p>\n<p>\u201cErm\u0259nistan tarixi v\u0259 siyasi layih\u0259 kimi 19-cu \u0259srd\u0259 Rusiya imperiyas\u0131 t\u0259r\u0259find\u0259n Qafqazdak\u0131 forpostu kimi yarad\u0131l\u0131b. Bu siyasi layih\u0259 ilkin olaraq anti-osmanl\u0131 v\u0259 anti-fars xarakteri da\u015f\u0131y\u0131rd\u0131. \u0130ndi t\u0259bii ki, bu art\u0131q m\u0259nas\u0131n\u0131 itirib\u201d.<\/p>\n","protected":false},"excerpt":{"rendered":"<p>\u201cErm\u0259nistan Q\u0259rbi raz\u0131 salmaq v\u0259 n\u0259tic\u0259d\u0259 Rusiyan\u0131n milli maraqlar\u0131na x\u0259l\u0259l g\u0259tir\u0259n add\u0131mlar at\u0131r\u201d. Bunu\u00a0\u201cReport\u201dun Rusiya b\u00fcrosuna a\u00e7\u0131qlamas\u0131nda Q.V.Plexanov ad\u0131na Rusiya \u0130qtisadiyyat Universitetinin politologiya v\u0259 sosiologiya kafedras\u0131n\u0131n dosenti, \u201cRusiya Zabitl\u0259ri\u201d ictimai t\u0259\u015fkilat\u0131n\u0131n Ekspertl\u0259r \u015euras\u0131n\u0131n \u00fczv\u00fc Aleksandr Perenciyev deyib. \u201cErm\u0259nistanda bunlar\u0131 ba\u015fa d\u00fc\u015f\u00fcrl\u0259r. Lakin g\u00f6r\u00fcn\u00fcr onlar Moskvan\u0131n \u0130r\u0259van\u0131n maraqlar\u0131n\u0131 yet\u0259rinc\u0259 qorumad\u0131\u011f\u0131n\u0131 n\u0259z\u0259r\u0259 alaraq se\u00e7im edirl\u0259r. Burada \u00e7ox f\u0259rqli m\u0259qamlar var. \u00c7ox g\u00fcman ki, Erm\u0259nistanda bu q\u0259rara g\u0259libl\u0259r ki, Rusiya x\u00fcsusi h\u0259rbi \u0259m\u0259liyyat v\u0259 sanksiya t\u0259zyiqi n\u0259tic\u0259sind\u0259 z\u0259ifl\u0259yib\u201d, &#8211; dey\u0259 o bildirib. A.Perenciyev qeyd edib ki, \u0130r\u0259van Q\u0259rbin himay\u0259sin\u0259 \u00fcmid b\u0259sl\u0259yir: \u201cErm\u0259nistan\u0131n indiki&hellip;<\/p>\n","protected":false},"author":2,"featured_media":640954,"comment_status":"closed","ping_status":"closed","sticky":false,"template":"","format":"standard","meta":{"om_disable_all_campaigns":false,"_monsterinsights_skip_tracking":false,"_monsterinsights_sitenote_active":false,"_monsterinsights_sitenote_note":"","_monsterinsights_sitenote_category":0},"categories":[1],"tags":[],"aioseo_notices":[],"gutentor_comment":0,"rttpg_featured_image_url":{"full":["https:\/\/arantv.az\/wp-content\/uploads\/2023\/10\/a2aac1ed-d920-3d58-8a61-ee5b8c3fcd69_850.jpg",620,413,false],"landscape":["https:\/\/arantv.az\/wp-content\/uploads\/2023\/10\/a2aac1ed-d920-3d58-8a61-ee5b8c3fcd69_850.jpg",620,413,false],"portraits":["https:\/\/arantv.az\/wp-content\/uploads\/2023\/10\/a2aac1ed-d920-3d58-8a61-ee5b8c3fcd69_850.jpg",620,413,false],"thumbnail":["https:\/\/arantv.az\/wp-content\/uploads\/2023\/10\/a2aac1ed-d920-3d58-8a61-ee5b8c3fcd69_850-500x280.jpg",500,280,true],"medium":["https:\/\/arantv.az\/wp-content\/uploads\/2023\/10\/a2aac1ed-d920-3d58-8a61-ee5b8c3fcd69_850-548x365.jpg",548,365,true],"large":["https:\/\/arantv.az\/wp-content\/uploads\/2023\/10\/a2aac1ed-d920-3d58-8a61-ee5b8c3fcd69_850.jpg",620,413,false],"1536x1536":["https:\/\/arantv.az\/wp-content\/uploads\/2023\/10\/a2aac1ed-d920-3d58-8a61-ee5b8c3fcd69_850.jpg",620,413,false],"2048x2048":["https:\/\/arantv.az\/wp-content\/uploads\/2023\/10\/a2aac1ed-d920-3d58-8a61-ee5b8c3fcd69_850.jpg",620,413,false],"post-thumbnail":["https:\/\/arantv.az\/wp-content\/uploads\/2023\/10\/a2aac1ed-d920-3d58-8a61-ee5b8c3fcd69_850-240x172.jpg",240,172,true],"advps-thumb-one":["https:\/\/arantv.az\/wp-content\/uploads\/2023\/10\/a2aac1ed-d920-3d58-8a61-ee5b8c3fcd69_850.jpg",620,413,false]},"rttpg_author":{"display_name":"V\u00fcsal Rafiqo\u011flu","author_link":"https:\/\/arantv.az\/?author=2"},"rttpg_comment":0,"rttpg_category":"<a href=\"https:\/\/arantv.az\/?cat=1\" rel=\"category\">C\u0259miyy\u0259t<\/a>","rttpg_excerpt":"\u201cErm\u0259nistan Q\u0259rbi raz\u0131 salmaq v\u0259 n\u0259tic\u0259d\u0259 Rusiyan\u0131n milli maraqlar\u0131na x\u0259l\u0259l g\u0259tir\u0259n add\u0131mlar at\u0131r\u201d. Bunu\u00a0\u201cReport\u201dun Rusiya b\u00fcrosuna a\u00e7\u0131qlamas\u0131nda Q.V.Plexanov ad\u0131na Rusiya \u0130qtisadiyyat Universitetinin politologiya v\u0259 sosiologiya kafedras\u0131n\u0131n dosenti, \u201cRusiya Zabitl\u0259ri\u201d ictimai t\u0259\u015fkilat\u0131n\u0131n Ekspertl\u0259r \u015euras\u0131n\u0131n \u00fczv\u00fc Aleksandr Perenciyev deyib. \u201cErm\u0259nistanda bunlar\u0131 ba\u015fa d\u00fc\u015f\u00fcrl\u0259r. Lakin g\u00f6r\u00fcn\u00fcr onlar Moskvan\u0131n \u0130r\u0259van\u0131n maraqlar\u0131n\u0131 yet\u0259rinc\u0259 qorumad\u0131\u011f\u0131n\u0131 n\u0259z\u0259r\u0259 alaraq se\u00e7im edirl\u0259r. Burada \u00e7ox&hellip;","_links":{"self":[{"href":"https:\/\/arantv.az\/index.php?rest_route=\/wp\/v2\/posts\/640950"}],"collection":[{"href":"https:\/\/arantv.az\/index.php?rest_route=\/wp\/v2\/posts"}],"about":[{"href":"https:\/\/arantv.az\/index.php?rest_route=\/wp\/v2\/types\/post"}],"author":[{"embeddable":true,"href":"https:\/\/arantv.az\/index.php?rest_route=\/wp\/v2\/users\/2"}],"replies":[{"embeddable":true,"href":"https:\/\/arantv.az\/index.php?rest_route=%2Fwp%2Fv2%2Fcomments&post=640950"}],"version-history":[{"count":0,"href":"https:\/\/arantv.az\/index.php?rest_route=\/wp\/v2\/posts\/640950\/revisions"}],"wp:featuredmedia":[{"embeddable":true,"href":"https:\/\/arantv.az\/index.php?rest_route=\/wp\/v2\/media\/640954"}],"wp:attachment":[{"href":"https:\/\/arantv.az\/index.php?rest_route=%2Fwp%2Fv2%2Fmedia&parent=640950"}],"wp:term":[{"taxonomy":"category","embeddable":true,"href":"https:\/\/arantv.az\/index.php?rest_route=%2Fwp%2Fv2%2Fcategories&post=640950"},{"taxonomy":"post_tag","embeddable":true,"href":"https:\/\/arantv.az\/index.php?rest_route=%2Fwp%2Fv2%2Ftags&post=640950"}],"curies":[{"name":"wp","href":"https:\/\/api.w.org\/{rel}","templated":true}]}}