{"id":640952,"date":"2023-10-03T19:31:50","date_gmt":"2023-10-03T15:31:50","guid":{"rendered":"https:\/\/arantv.az\/?p=640952"},"modified":"2023-10-03T19:31:50","modified_gmt":"2023-10-03T15:31:50","slug":"bmt-missiyasi-basa-catdi-infrastruktura-hec-bir-z%c9%99r%c9%99r-mu%c9%99yy%c9%99n-olunmadi-video","status":"publish","type":"post","link":"https:\/\/arantv.az\/?p=640952","title":{"rendered":"BMT missiyas\u0131 ba\u015fa \u00e7atd\u0131: \u0130nfrastruktura he\u00e7 bir z\u0259r\u0259r m\u00fc\u0259yy\u0259n olunmad\u0131 &#8211; V\u0130DEO"},"content":{"rendered":"<article class=\"news\">\n<div class=\"news-inner\">\n<p>Qaraba\u011fa s\u0259f\u0259r ed\u0259n BMT missiyas\u0131 i\u015fini\u00a0ba\u015fa \u00e7atd\u0131r\u0131b. T\u0259\u015fkilatdan veril\u0259n yekun b\u0259yanata g\u00f6r\u0259, m\u00fclki infrastrukturda he\u00e7 bir ziyan g\u00f6r\u00fclm\u0259yib v\u0259 m\u00fclki \u015f\u0259xsl\u0259r\u0259 qar\u015f\u0131 zorak\u0131l\u0131q m\u00fc\u0259yy\u0259n olunmay\u0131b.<\/p>\n<p>Bu bar\u0259d\u0259 T\u00fcrkiy\u0259nin \u201cHaber Global\u201d kanal\u0131 s\u00fcjet haz\u0131rlay\u0131b.<\/p>\n<p>Qeyd edilir ki, Az\u0259rbaycan Qaraba\u011fda qalan v\u0259 ya Erm\u0259nistana qay\u0131dacaq erm\u0259nil\u0259r \u00fc\u00e7\u00fcn inteqrasiya plan\u0131n\u0131 a\u00e7\u0131qlay\u0131b.<\/p>\n<p>\u201cBMT hey\u0259ti ziyar\u0259t etdikl\u0259ri yerl\u0259rd\u0259 x\u0259st\u0259xanalara v\u0259 ya m\u00fclki ictimai infrastrukturlar\u0131nda he\u00e7 bir z\u0259r\u0259r g\u00f6rm\u0259yib. Onlar, h\u0259m\u00e7inin Az\u0259rbaycan h\u00f6kum\u0259tinin \u015f\u0259h\u0259rd\u0259 s\u0259hiyy\u0259 xidm\u0259tl\u0259rinin b\u0259rpas\u0131 \u00fc\u00e7\u00fcn haz\u0131rl\u0131q g\u00f6rd\u00fcy\u00fcn\u00fcn \u015fahidi olublar. Bundan ba\u015fqa m\u00fclki \u015f\u0259xsl\u0259r\u0259 qar\u015f\u0131 zorak\u0131l\u0131q hallar\u0131na rast g\u0259lm\u0259yibl\u0259r\u201d, &#8211; dey\u0259\u00a0 s\u00fcjetd\u0259 bildirilir.<\/p>\n<p>Reportajda, h\u0259m\u00e7inin Erm\u0259nistan\u0131n qarayaxma kampaniyalar\u0131na da toxunulub, he\u00e7 bir d\u0259lil olmad\u0131\u011f\u0131 halda erm\u0259nil\u0259rin \u201cm\u0259cburi k\u00f6\u00e7\u0259\u201d, h\u0259tta \u201cetnik t\u0259mizl\u0259m\u0259y\u0259\u201d m\u0259ruz qalmas\u0131 yalan\u0131n\u0131 ir\u0259li s\u00fcrd\u00fckl\u0259ri vur\u011fulan\u0131b.<\/p>\n<p>\u018ftrafl\u0131 s\u00fcjetd\u0259:<\/p>\n<div><iframe loading=\"lazy\" title=\"YouTube video player\" src=\"https:\/\/www.youtube.com\/embed\/OpKkIe92S_Y?si=KrZIPxaFVSAsTf2C\" width=\"560\" height=\"315\" frameborder=\"0\" allowfullscreen=\"allowfullscreen\" data-mce-fragment=\"1\"><\/iframe><\/div>\n<\/div>\n<\/article>\n","protected":false},"excerpt":{"rendered":"<p>Qaraba\u011fa s\u0259f\u0259r ed\u0259n BMT missiyas\u0131 i\u015fini\u00a0ba\u015fa \u00e7atd\u0131r\u0131b. T\u0259\u015fkilatdan veril\u0259n yekun b\u0259yanata g\u00f6r\u0259, m\u00fclki infrastrukturda he\u00e7 bir ziyan g\u00f6r\u00fclm\u0259yib v\u0259 m\u00fclki \u015f\u0259xsl\u0259r\u0259 qar\u015f\u0131 zorak\u0131l\u0131q m\u00fc\u0259yy\u0259n olunmay\u0131b. Bu bar\u0259d\u0259 T\u00fcrkiy\u0259nin \u201cHaber Global\u201d kanal\u0131 s\u00fcjet haz\u0131rlay\u0131b. Qeyd edilir ki, Az\u0259rbaycan Qaraba\u011fda qalan v\u0259 ya Erm\u0259nistana qay\u0131dacaq erm\u0259nil\u0259r \u00fc\u00e7\u00fcn inteqrasiya plan\u0131n\u0131 a\u00e7\u0131qlay\u0131b. \u201cBMT hey\u0259ti ziyar\u0259t etdikl\u0259ri yerl\u0259rd\u0259 x\u0259st\u0259xanalara v\u0259 ya m\u00fclki ictimai infrastrukturlar\u0131nda he\u00e7 bir z\u0259r\u0259r g\u00f6rm\u0259yib. Onlar, h\u0259m\u00e7inin Az\u0259rbaycan h\u00f6kum\u0259tinin \u015f\u0259h\u0259rd\u0259 s\u0259hiyy\u0259 xidm\u0259tl\u0259rinin b\u0259rpas\u0131 \u00fc\u00e7\u00fcn haz\u0131rl\u0131q g\u00f6rd\u00fcy\u00fcn\u00fcn \u015fahidi olublar. Bundan ba\u015fqa m\u00fclki \u015f\u0259xsl\u0259r\u0259 qar\u015f\u0131 zorak\u0131l\u0131q hallar\u0131na rast g\u0259lm\u0259yibl\u0259r\u201d, &#8211; dey\u0259\u00a0 s\u00fcjetd\u0259 bildirilir. Reportajda,&hellip;<\/p>\n","protected":false},"author":2,"featured_media":640957,"comment_status":"closed","ping_status":"closed","sticky":false,"template":"","format":"standard","meta":{"om_disable_all_campaigns":false,"_monsterinsights_skip_tracking":false,"_monsterinsights_sitenote_active":false,"_monsterinsights_sitenote_note":"","_monsterinsights_sitenote_category":0},"categories":[4],"tags":[],"aioseo_notices":[],"gutentor_comment":0,"rttpg_featured_image_url":{"full":["https:\/\/arantv.az\/wp-content\/uploads\/2023\/10\/D_D\u00b5D\u00b7-D\u00b8D\u00bcD\u00b5D\u00bdD\u00b8-2.jpg",620,413,false],"landscape":["https:\/\/arantv.az\/wp-content\/uploads\/2023\/10\/D_D\u00b5D\u00b7-D\u00b8D\u00bcD\u00b5D\u00bdD\u00b8-2.jpg",620,413,false],"portraits":["https:\/\/arantv.az\/wp-content\/uploads\/2023\/10\/D_D\u00b5D\u00b7-D\u00b8D\u00bcD\u00b5D\u00bdD\u00b8-2.jpg",620,413,false],"thumbnail":["https:\/\/arantv.az\/wp-content\/uploads\/2023\/10\/D_D\u00b5D\u00b7-D\u00b8D\u00bcD\u00b5D\u00bdD\u00b8-2-500x280.jpg",500,280,true],"medium":["https:\/\/arantv.az\/wp-content\/uploads\/2023\/10\/D_D\u00b5D\u00b7-D\u00b8D\u00bcD\u00b5D\u00bdD\u00b8-2-548x365.jpg",548,365,true],"large":["https:\/\/arantv.az\/wp-content\/uploads\/2023\/10\/D_D\u00b5D\u00b7-D\u00b8D\u00bcD\u00b5D\u00bdD\u00b8-2.jpg",620,413,false],"1536x1536":["https:\/\/arantv.az\/wp-content\/uploads\/2023\/10\/D_D\u00b5D\u00b7-D\u00b8D\u00bcD\u00b5D\u00bdD\u00b8-2.jpg",620,413,false],"2048x2048":["https:\/\/arantv.az\/wp-content\/uploads\/2023\/10\/D_D\u00b5D\u00b7-D\u00b8D\u00bcD\u00b5D\u00bdD\u00b8-2.jpg",620,413,false],"post-thumbnail":["https:\/\/arantv.az\/wp-content\/uploads\/2023\/10\/D_D\u00b5D\u00b7-D\u00b8D\u00bcD\u00b5D\u00bdD\u00b8-2-240x172.jpg",240,172,true],"advps-thumb-one":["https:\/\/arantv.az\/wp-content\/uploads\/2023\/10\/D_D\u00b5D\u00b7-D\u00b8D\u00bcD\u00b5D\u00bdD\u00b8-2.jpg",620,413,false]},"rttpg_author":{"display_name":"V\u00fcsal Rafiqo\u011flu","author_link":"https:\/\/arantv.az\/?author=2"},"rttpg_comment":0,"rttpg_category":"<a href=\"https:\/\/arantv.az\/?cat=4\" rel=\"category\">Siyas\u0259t<\/a>","rttpg_excerpt":"Qaraba\u011fa s\u0259f\u0259r ed\u0259n BMT missiyas\u0131 i\u015fini\u00a0ba\u015fa \u00e7atd\u0131r\u0131b. T\u0259\u015fkilatdan veril\u0259n yekun b\u0259yanata g\u00f6r\u0259, m\u00fclki infrastrukturda he\u00e7 bir ziyan g\u00f6r\u00fclm\u0259yib v\u0259 m\u00fclki \u015f\u0259xsl\u0259r\u0259 qar\u015f\u0131 zorak\u0131l\u0131q m\u00fc\u0259yy\u0259n olunmay\u0131b. Bu bar\u0259d\u0259 T\u00fcrkiy\u0259nin \u201cHaber Global\u201d kanal\u0131 s\u00fcjet haz\u0131rlay\u0131b. Qeyd edilir ki, Az\u0259rbaycan Qaraba\u011fda qalan v\u0259 ya Erm\u0259nistana qay\u0131dacaq erm\u0259nil\u0259r \u00fc\u00e7\u00fcn inteqrasiya plan\u0131n\u0131 a\u00e7\u0131qlay\u0131b. \u201cBMT hey\u0259ti ziyar\u0259t etdikl\u0259ri yerl\u0259rd\u0259 x\u0259st\u0259xanalara v\u0259&hellip;","_links":{"self":[{"href":"https:\/\/arantv.az\/index.php?rest_route=\/wp\/v2\/posts\/640952"}],"collection":[{"href":"https:\/\/arantv.az\/index.php?rest_route=\/wp\/v2\/posts"}],"about":[{"href":"https:\/\/arantv.az\/index.php?rest_route=\/wp\/v2\/types\/post"}],"author":[{"embeddable":true,"href":"https:\/\/arantv.az\/index.php?rest_route=\/wp\/v2\/users\/2"}],"replies":[{"embeddable":true,"href":"https:\/\/arantv.az\/index.php?rest_route=%2Fwp%2Fv2%2Fcomments&post=640952"}],"version-history":[{"count":0,"href":"https:\/\/arantv.az\/index.php?rest_route=\/wp\/v2\/posts\/640952\/revisions"}],"wp:featuredmedia":[{"embeddable":true,"href":"https:\/\/arantv.az\/index.php?rest_route=\/wp\/v2\/media\/640957"}],"wp:attachment":[{"href":"https:\/\/arantv.az\/index.php?rest_route=%2Fwp%2Fv2%2Fmedia&parent=640952"}],"wp:term":[{"taxonomy":"category","embeddable":true,"href":"https:\/\/arantv.az\/index.php?rest_route=%2Fwp%2Fv2%2Fcategories&post=640952"},{"taxonomy":"post_tag","embeddable":true,"href":"https:\/\/arantv.az\/index.php?rest_route=%2Fwp%2Fv2%2Ftags&post=640952"}],"curies":[{"name":"wp","href":"https:\/\/api.w.org\/{rel}","templated":true}]}}