{"id":640956,"date":"2023-10-03T19:33:06","date_gmt":"2023-10-03T15:33:06","guid":{"rendered":"https:\/\/arantv.az\/?p=640956"},"modified":"2023-10-03T19:33:06","modified_gmt":"2023-10-03T15:33:06","slug":"kremlin-erm%c9%99nistanin-roma-statutunu-ratifikasiya-etm%c9%99sin%c9%99-reaksiyasi","status":"publish","type":"post","link":"https:\/\/arantv.az\/?p=640956","title":{"rendered":"Kremlin Erm\u0259nistan\u0131n Roma Statutunu ratifikasiya etm\u0259sin\u0259 reaksiyas\u0131"},"content":{"rendered":"<p>\u201cKreml Erm\u0259nistan\u0131n Roma Statutunu ratifikasiya etm\u0259sini ikit\u0259r\u0259fli m\u00fcnasib\u0259tl\u0259r bax\u0131m\u0131ndan d\u00fczg\u00fcn olmayan add\u0131m hesab edir\u201d.<\/p>\n<p>Bu bar\u0259d\u0259 Rusiya Prezidentinin m\u0259tbuat katibi Dmitri Peskov bildirib.<\/p>\n<p>\u201cErm\u0259nistan\u0131n Roma Statutuna qo\u015fulmas\u0131 Rusiya Federasiyas\u0131 \u00fc\u00e7\u00fcn diplomatik h\u0259ll yolunun axtar\u0131\u015f\u0131na ehtiyac yaradacaq\u201d, &#8211; dey\u0259 Peskov \u0259lav\u0259 edib.<\/p>\n<p>M\u0259nb\u0259: TASS<\/p>\n","protected":false},"excerpt":{"rendered":"<p>\u201cKreml Erm\u0259nistan\u0131n Roma Statutunu ratifikasiya etm\u0259sini ikit\u0259r\u0259fli m\u00fcnasib\u0259tl\u0259r bax\u0131m\u0131ndan d\u00fczg\u00fcn olmayan add\u0131m hesab edir\u201d. Bu bar\u0259d\u0259 Rusiya Prezidentinin m\u0259tbuat katibi Dmitri Peskov bildirib. \u201cErm\u0259nistan\u0131n Roma Statutuna qo\u015fulmas\u0131 Rusiya Federasiyas\u0131 \u00fc\u00e7\u00fcn diplomatik h\u0259ll yolunun axtar\u0131\u015f\u0131na ehtiyac yaradacaq\u201d, &#8211; dey\u0259 Peskov \u0259lav\u0259 edib. M\u0259nb\u0259: TASS<\/p>\n","protected":false},"author":2,"featured_media":640960,"comment_status":"closed","ping_status":"closed","sticky":false,"template":"","format":"standard","meta":{"om_disable_all_campaigns":false,"_monsterinsights_skip_tracking":false,"_monsterinsights_sitenote_active":false,"_monsterinsights_sitenote_note":"","_monsterinsights_sitenote_category":0},"categories":[4],"tags":[],"aioseo_notices":[],"gutentor_comment":0,"rttpg_featured_image_url":{"full":["https:\/\/arantv.az\/wp-content\/uploads\/2023\/10\/FotoJet-2023-10-03T161057.707.jpg",620,413,false],"landscape":["https:\/\/arantv.az\/wp-content\/uploads\/2023\/10\/FotoJet-2023-10-03T161057.707.jpg",620,413,false],"portraits":["https:\/\/arantv.az\/wp-content\/uploads\/2023\/10\/FotoJet-2023-10-03T161057.707.jpg",620,413,false],"thumbnail":["https:\/\/arantv.az\/wp-content\/uploads\/2023\/10\/FotoJet-2023-10-03T161057.707-500x280.jpg",500,280,true],"medium":["https:\/\/arantv.az\/wp-content\/uploads\/2023\/10\/FotoJet-2023-10-03T161057.707-548x365.jpg",548,365,true],"large":["https:\/\/arantv.az\/wp-content\/uploads\/2023\/10\/FotoJet-2023-10-03T161057.707.jpg",620,413,false],"1536x1536":["https:\/\/arantv.az\/wp-content\/uploads\/2023\/10\/FotoJet-2023-10-03T161057.707.jpg",620,413,false],"2048x2048":["https:\/\/arantv.az\/wp-content\/uploads\/2023\/10\/FotoJet-2023-10-03T161057.707.jpg",620,413,false],"post-thumbnail":["https:\/\/arantv.az\/wp-content\/uploads\/2023\/10\/FotoJet-2023-10-03T161057.707-240x172.jpg",240,172,true],"advps-thumb-one":["https:\/\/arantv.az\/wp-content\/uploads\/2023\/10\/FotoJet-2023-10-03T161057.707.jpg",620,413,false]},"rttpg_author":{"display_name":"V\u00fcsal Rafiqo\u011flu","author_link":"https:\/\/arantv.az\/?author=2"},"rttpg_comment":0,"rttpg_category":"<a href=\"https:\/\/arantv.az\/?cat=4\" rel=\"category\">Siyas\u0259t<\/a>","rttpg_excerpt":"\u201cKreml Erm\u0259nistan\u0131n Roma Statutunu ratifikasiya etm\u0259sini ikit\u0259r\u0259fli m\u00fcnasib\u0259tl\u0259r bax\u0131m\u0131ndan d\u00fczg\u00fcn olmayan add\u0131m hesab edir\u201d. Bu bar\u0259d\u0259 Rusiya Prezidentinin m\u0259tbuat katibi Dmitri Peskov bildirib. \u201cErm\u0259nistan\u0131n Roma Statutuna qo\u015fulmas\u0131 Rusiya Federasiyas\u0131 \u00fc\u00e7\u00fcn diplomatik h\u0259ll yolunun axtar\u0131\u015f\u0131na ehtiyac yaradacaq\u201d, &#8211; dey\u0259 Peskov \u0259lav\u0259 edib. M\u0259nb\u0259: TASS","_links":{"self":[{"href":"https:\/\/arantv.az\/index.php?rest_route=\/wp\/v2\/posts\/640956"}],"collection":[{"href":"https:\/\/arantv.az\/index.php?rest_route=\/wp\/v2\/posts"}],"about":[{"href":"https:\/\/arantv.az\/index.php?rest_route=\/wp\/v2\/types\/post"}],"author":[{"embeddable":true,"href":"https:\/\/arantv.az\/index.php?rest_route=\/wp\/v2\/users\/2"}],"replies":[{"embeddable":true,"href":"https:\/\/arantv.az\/index.php?rest_route=%2Fwp%2Fv2%2Fcomments&post=640956"}],"version-history":[{"count":0,"href":"https:\/\/arantv.az\/index.php?rest_route=\/wp\/v2\/posts\/640956\/revisions"}],"wp:featuredmedia":[{"embeddable":true,"href":"https:\/\/arantv.az\/index.php?rest_route=\/wp\/v2\/media\/640960"}],"wp:attachment":[{"href":"https:\/\/arantv.az\/index.php?rest_route=%2Fwp%2Fv2%2Fmedia&parent=640956"}],"wp:term":[{"taxonomy":"category","embeddable":true,"href":"https:\/\/arantv.az\/index.php?rest_route=%2Fwp%2Fv2%2Fcategories&post=640956"},{"taxonomy":"post_tag","embeddable":true,"href":"https:\/\/arantv.az\/index.php?rest_route=%2Fwp%2Fv2%2Ftags&post=640956"}],"curies":[{"name":"wp","href":"https:\/\/api.w.org\/{rel}","templated":true}]}}