{"id":640969,"date":"2023-10-03T21:18:21","date_gmt":"2023-10-03T17:18:21","guid":{"rendered":"https:\/\/arantv.az\/?p=640969"},"modified":"2023-10-03T21:18:21","modified_gmt":"2023-10-03T17:18:21","slug":"elza-seyidcahan-v%c9%99-orxan-lokbatanlinin-kabab-m%c9%99kanindan-reportaj-video","status":"publish","type":"post","link":"https:\/\/arantv.az\/?p=640969","title":{"rendered":"Elza Seyidcahan v\u0259 Orxan L\u00f6kbatanl\u0131n\u0131n kabab m\u0259kan\u0131ndan REPORTAJ &#8211; V\u0130DEO"},"content":{"rendered":"<article class=\"news\">\n<div class=\"news-inner\">\n<p>Baku TV-nin \u0259m\u0259kda\u015f\u0131 Arzu K\u0259lbi Yasamal rayonunda \u201c\u018ft\u00e7il\u0259r\u201d adlanan \u0259razid\u0259n reportaj haz\u0131rlay\u0131b.<\/p>\n<p>Bu \u0259razid\u0259 paytaxt\u0131n ucuz kababxanalar\u0131 f\u0259aliyy\u0259t g\u00f6st\u0259rir.<\/p>\n<p>Kabab\u00e7\u0131lar deyirl\u0259r ki, m\u00fc\u015ft\u0259risiz g\u00fcnl\u0259ri olmur. Buraya g\u0259l\u0259nl\u0259r aras\u0131nda Az\u0259rbaycan\u0131n m\u0259\u015fhur simalar\u0131 da var, xarici qonaqlar da.<\/p>\n<p>\u201c\u015eou-biznes al\u0259mind\u0259n m\u00fc\u015ft\u0259ril\u0259rimiz \u00e7oxdur. Manaf A\u011fayev, Elza Seyidcahan, Orxan L\u00f6kbatanl\u0131 daimi m\u00fc\u015ft\u0259ril\u0259rimizdir\u201d, &#8211;\u00a0kabab\u00e7\u0131 s\u00f6yl\u0259yib.<\/p>\n<p>\u018ftrafl\u0131 s\u00fcjetd\u0259:<\/p>\n<div><iframe loading=\"lazy\" title=\"YouTube video player\" src=\"https:\/\/www.youtube.com\/embed\/aNdUE1tArdg?si=0gOXjAcXrjmVc20R\" width=\"560\" height=\"315\" frameborder=\"0\" allowfullscreen=\"allowfullscreen\" data-mce-fragment=\"1\"><\/iframe><\/div>\n<\/div>\n<\/article>\n","protected":false},"excerpt":{"rendered":"<p>Baku TV-nin \u0259m\u0259kda\u015f\u0131 Arzu K\u0259lbi Yasamal rayonunda \u201c\u018ft\u00e7il\u0259r\u201d adlanan \u0259razid\u0259n reportaj haz\u0131rlay\u0131b. Bu \u0259razid\u0259 paytaxt\u0131n ucuz kababxanalar\u0131 f\u0259aliyy\u0259t g\u00f6st\u0259rir. Kabab\u00e7\u0131lar deyirl\u0259r ki, m\u00fc\u015ft\u0259risiz g\u00fcnl\u0259ri olmur. Buraya g\u0259l\u0259nl\u0259r aras\u0131nda Az\u0259rbaycan\u0131n m\u0259\u015fhur simalar\u0131 da var, xarici qonaqlar da. \u201c\u015eou-biznes al\u0259mind\u0259n m\u00fc\u015ft\u0259ril\u0259rimiz \u00e7oxdur. Manaf A\u011fayev, Elza Seyidcahan, Orxan L\u00f6kbatanl\u0131 daimi m\u00fc\u015ft\u0259ril\u0259rimizdir\u201d, &#8211;\u00a0kabab\u00e7\u0131 s\u00f6yl\u0259yib. \u018ftrafl\u0131 s\u00fcjetd\u0259:<\/p>\n","protected":false},"author":2,"featured_media":640973,"comment_status":"closed","ping_status":"closed","sticky":false,"template":"","format":"standard","meta":{"om_disable_all_campaigns":false,"_monsterinsights_skip_tracking":false,"_monsterinsights_sitenote_active":false,"_monsterinsights_sitenote_note":"","_monsterinsights_sitenote_category":0},"categories":[1],"tags":[],"aioseo_notices":[],"gutentor_comment":0,"rttpg_featured_image_url":{"full":["https:\/\/arantv.az\/wp-content\/uploads\/2023\/10\/Screenshot-2023-10-03-204644.jpg",620,413,false],"landscape":["https:\/\/arantv.az\/wp-content\/uploads\/2023\/10\/Screenshot-2023-10-03-204644.jpg",620,413,false],"portraits":["https:\/\/arantv.az\/wp-content\/uploads\/2023\/10\/Screenshot-2023-10-03-204644.jpg",620,413,false],"thumbnail":["https:\/\/arantv.az\/wp-content\/uploads\/2023\/10\/Screenshot-2023-10-03-204644-500x280.jpg",500,280,true],"medium":["https:\/\/arantv.az\/wp-content\/uploads\/2023\/10\/Screenshot-2023-10-03-204644-548x365.jpg",548,365,true],"large":["https:\/\/arantv.az\/wp-content\/uploads\/2023\/10\/Screenshot-2023-10-03-204644.jpg",620,413,false],"1536x1536":["https:\/\/arantv.az\/wp-content\/uploads\/2023\/10\/Screenshot-2023-10-03-204644.jpg",620,413,false],"2048x2048":["https:\/\/arantv.az\/wp-content\/uploads\/2023\/10\/Screenshot-2023-10-03-204644.jpg",620,413,false],"post-thumbnail":["https:\/\/arantv.az\/wp-content\/uploads\/2023\/10\/Screenshot-2023-10-03-204644-240x172.jpg",240,172,true],"advps-thumb-one":["https:\/\/arantv.az\/wp-content\/uploads\/2023\/10\/Screenshot-2023-10-03-204644.jpg",620,413,false]},"rttpg_author":{"display_name":"V\u00fcsal Rafiqo\u011flu","author_link":"https:\/\/arantv.az\/?author=2"},"rttpg_comment":0,"rttpg_category":"<a href=\"https:\/\/arantv.az\/?cat=1\" rel=\"category\">C\u0259miyy\u0259t<\/a>","rttpg_excerpt":"Baku TV-nin \u0259m\u0259kda\u015f\u0131 Arzu K\u0259lbi Yasamal rayonunda \u201c\u018ft\u00e7il\u0259r\u201d adlanan \u0259razid\u0259n reportaj haz\u0131rlay\u0131b. Bu \u0259razid\u0259 paytaxt\u0131n ucuz kababxanalar\u0131 f\u0259aliyy\u0259t g\u00f6st\u0259rir. Kabab\u00e7\u0131lar deyirl\u0259r ki, m\u00fc\u015ft\u0259risiz g\u00fcnl\u0259ri olmur. Buraya g\u0259l\u0259nl\u0259r aras\u0131nda Az\u0259rbaycan\u0131n m\u0259\u015fhur simalar\u0131 da var, xarici qonaqlar da. \u201c\u015eou-biznes al\u0259mind\u0259n m\u00fc\u015ft\u0259ril\u0259rimiz \u00e7oxdur. Manaf A\u011fayev, Elza Seyidcahan, Orxan L\u00f6kbatanl\u0131 daimi m\u00fc\u015ft\u0259ril\u0259rimizdir\u201d, &#8211;\u00a0kabab\u00e7\u0131 s\u00f6yl\u0259yib. \u018ftrafl\u0131 s\u00fcjetd\u0259:","_links":{"self":[{"href":"https:\/\/arantv.az\/index.php?rest_route=\/wp\/v2\/posts\/640969"}],"collection":[{"href":"https:\/\/arantv.az\/index.php?rest_route=\/wp\/v2\/posts"}],"about":[{"href":"https:\/\/arantv.az\/index.php?rest_route=\/wp\/v2\/types\/post"}],"author":[{"embeddable":true,"href":"https:\/\/arantv.az\/index.php?rest_route=\/wp\/v2\/users\/2"}],"replies":[{"embeddable":true,"href":"https:\/\/arantv.az\/index.php?rest_route=%2Fwp%2Fv2%2Fcomments&post=640969"}],"version-history":[{"count":0,"href":"https:\/\/arantv.az\/index.php?rest_route=\/wp\/v2\/posts\/640969\/revisions"}],"wp:featuredmedia":[{"embeddable":true,"href":"https:\/\/arantv.az\/index.php?rest_route=\/wp\/v2\/media\/640973"}],"wp:attachment":[{"href":"https:\/\/arantv.az\/index.php?rest_route=%2Fwp%2Fv2%2Fmedia&parent=640969"}],"wp:term":[{"taxonomy":"category","embeddable":true,"href":"https:\/\/arantv.az\/index.php?rest_route=%2Fwp%2Fv2%2Fcategories&post=640969"},{"taxonomy":"post_tag","embeddable":true,"href":"https:\/\/arantv.az\/index.php?rest_route=%2Fwp%2Fv2%2Ftags&post=640969"}],"curies":[{"name":"wp","href":"https:\/\/api.w.org\/{rel}","templated":true}]}}