{"id":640972,"date":"2023-10-03T21:18:45","date_gmt":"2023-10-03T17:18:45","guid":{"rendered":"https:\/\/arantv.az\/?p=640972"},"modified":"2023-10-03T21:18:45","modified_gmt":"2023-10-03T17:18:45","slug":"usaid-regiondan-n%c9%99-ist%c9%99yir-s%c9%99rh-foto","status":"publish","type":"post","link":"https:\/\/arantv.az\/?p=640972","title":{"rendered":"USAID regiondan n\u0259 ist\u0259yir? &#8211; \u015e\u018fRH + FOTO"},"content":{"rendered":"<p>Qon\u015fu G\u00fcrc\u00fcstanda ba\u015f ver\u0259n n\u00f6vb\u0259ti qalmaqal AB\u015e-nin Rusiyan\u0131 C\u0259nubi Qafqazdan tamamil\u0259 s\u0131x\u0131\u015fd\u0131r\u0131b \u00e7\u0131xarmaq plan\u0131 \u00fc\u00e7\u00fcn d\u00fcym\u0259y\u0259 basd\u0131\u011f\u0131na i\u015far\u0259 edir. Rusiya il\u0259 Erm\u0259nistan aras\u0131nda ipl\u0259rin qopmaq h\u0259ddin\u0259 \u00e7atd\u0131\u011f\u0131 bir d\u00f6vrd\u0259, analoji olaraq, G\u00fcrc\u00fcstanda ba\u015f ver\u0259n hadis\u0259l\u0259r d\u0259 s\u00f6z\u00fcged\u0259n \u00f6lk\u0259d\u0259 AB\u015e k\u0259\u015ffiyyat\u0131n\u0131n d\u00f6vl\u0259t \u00e7evrili\u015fin\u0259 haz\u0131rla\u015fmas\u0131ndan x\u0259b\u0259r verir.<\/p>\n<p>G\u00fcrc\u00fcstan cari ilin sonuna kimi Avropa \u0130ttifaq\u0131na namiz\u0259d statusunun h\u0259ll olunmas\u0131n\u0131 g\u00f6zl\u0259diyi bir d\u00f6vrd\u0259 \u00f6lk\u0259d\u0259 i\u011fti\u015fa\u015f yaratmaqda maraql\u0131 olan xarici q\u00fcvv\u0259l\u0259r h\u0259r\u0259k\u0259t\u0259 ke\u00e7ibl\u0259r. Bunu dem\u0259k \u00fc\u00e7\u00fcn is\u0259 kifay\u0259t q\u0259d\u0259r \u0259sas var. M\u0259s\u0259l\u0259 buras\u0131ndad\u0131r ki, sentyabr\u0131n 25-d\u0259 USAID proqram\u0131 \u00e7\u0259r\u00e7iv\u0259sind\u0259 Serbiya v\u0259t\u0259nda\u015flar\u0131 Sinisa Sikman, Yelena Stoy\u015fi\u00e7 v\u0259 Slobodan Cinovi\u00e7 G\u00fcrc\u00fcstana s\u0259f\u0259r edibl\u0259r. \u0130lk bax\u0131\u015fdan adi s\u0259f\u0259r kimi g\u00f6r\u00fcns\u0259 d\u0259, maraql\u0131 m\u0259qamlar diqq\u0259t \u00e7\u0259kib.<\/p>\n<p>Birincisi, USAID (AB\u015e-nin Beyn\u0259lxalq \u0130nki\u015faf Agentliyi) uzunm\u00fcdd\u0259tli iqtisadi v\u0259 sosial inki\u015fafa y\u00f6n\u0259lmi\u015f qurum say\u0131l\u0131r v\u0259 m\u00fcxt\u0259lif proqramlarla \u0259sas\u0259n k\u0259nd t\u0259s\u0259rr\u00fcfat\u0131, ticar\u0259t, qlobal s\u0259hiyy\u0259, demokratiya v\u0259 humanitar yard\u0131ma d\u0259st\u0259k g\u00f6st\u0259rir. Bu, aysberqin g\u00f6r\u00fcn\u0259n \u00fcz\u00fcd\u00fcr. \u018fsas m\u0259s\u0259l\u0259 aysberqin g\u00f6r\u00fcnm\u0259y\u0259n \u00fcz\u00fcd\u00fcr. Y\u0259ni AB\u015e-nin M\u0259rk\u0259zi K\u0259\u015ffiyyat \u0130dar\u0259si \u00f6z \u0259m\u0259liyyatlar\u0131n\u0131 h\u0259yata ke\u00e7irm\u0259k m\u0259qs\u0259dil\u0259 USAID-d\u0259n p\u0259rd\u0259l\u0259nm\u0259k \u00fc\u00e7\u00fcn istifad\u0259 edir. USAID-in davaml\u0131 olaraq bir \u00f6lk\u0259d\u0259 g\u00f6r\u00fcnm\u0259si h\u0259min d\u00f6vl\u0259tin daxili i\u015fl\u0259rin\u0259 qar\u0131\u015fmaq, siyasi prosesl\u0259r\u0259 m\u00fcdaxil\u0259 etm\u0259k, hakimiyy\u0259t \u00e7evrili\u015fl\u0259rin\u0259 c\u0259hd m\u0259s\u0259l\u0259l\u0259ri dem\u0259kdir.<\/p>\n<p><img src=\"https:\/\/cdn.oxu.az\/uploads\/W1siZiIsIjIwMjMvMTAvMDMvMTgvNTgvNTYvNDVmNDJjYmMtZWQwNy00OWQ2LThjZWUtZWYyNDA5ODI2MjhmLzFiOTBjNDg4LWI1ZDQtMzYxZC1hNGJiLTQwNTk0YjY1ZDU5YS5qcGciXSxbInAiLCJlbmNvZGUiLCJqcGciLCItcXVhbGl0eSA4MCJdLFsicCIsInRodW1iIiwiNTkweDU5MFx1MDAzZSJdXQ?sha=db6dc89f5a7d45b3\" alt=\"\" \/><\/p>\n<p>\u0130kincisi, USAID t\u0259r\u0259find\u0259n d\u0259v\u0259t edil\u0259n \u015f\u0259xsl\u0259rin m\u00fc\u0259mmal\u0131 olmas\u0131d\u0131r. G\u00fcrc\u00fcstan\u0131n x\u00fcsusi xidm\u0259t orqanlar\u0131 bildirirl\u0259r ki, s\u00f6z\u00fcged\u0259n \u015f\u0259xsl\u0259r 2003-c\u00fc ild\u0259 G\u00fcrc\u00fcstanda ba\u015f ver\u0259n inqilabla ba\u011fl\u0131 \u015f\u0259xsl\u0259rdir. M\u0259s\u0259l\u0259 bununla da bitmir, G\u00fcrc\u00fcstana d\u0259v\u0259t edil\u0259n Sinisa Sikman, Yelena Stoy\u015fi\u00e7 v\u0259 Slobodan Cinovi\u00e7 m\u00fcxt\u0259lif ill\u0259rd\u0259 Serbiya, Ukrayna v\u0259 dig\u0259r d\u00f6vl\u0259tl\u0259rd\u0259 ba\u015f ver\u0259n analoji prosesl\u0259rd\u0259 i\u015ftirak edibl\u0259r.<\/p>\n<p>Bu \u015f\u0259xsl\u0259r \u0259sas\u0259n etiraz \u0259hval-ruhiyy\u0259si yaratmaqda, zorak\u0131l\u0131qla m\u00fc\u015fayi\u0259t edil\u0259n mitinq taktikalar\u0131n\u0131 \u00f6yr\u0259tm\u0259kd\u0259 pe\u015f\u0259kard\u0131rlar. USAID-in d\u0259st\u0259yi il\u0259 G\u00fcrc\u00fcstana s\u0259f\u0259r ed\u0259n bu \u015f\u0259xsl\u0259r r\u0259smi olaraq m\u0259d\u0259niyy\u0259t sah\u0259sind\u0259 \u00e7al\u0131\u015fanlar \u00fc\u00e7\u00fcn strateji qeyri-zorak\u0131 m\u00fcbariz\u0259 m\u00f6vzusunda t\u0259lim ke\u00e7ibl\u0259r. Amma \u0259slind\u0259 plan ba\u015fqad\u0131r v\u0259 oktyabr-dekabr aylar\u0131nda G\u00fcrc\u00fcstanda i\u011fti\u015fa\u015flar planla\u015fd\u0131r\u0131l\u0131r. S\u00f6z\u00fcged\u0259n \u015f\u0259xsl\u0259rin is\u0259 \u0259sas i\u015fi planla\u015fd\u0131r\u0131lan i\u011fti\u015fa\u015flar \u00fc\u00e7\u00fcn inqilabi g\u0259ncl\u0259r qruplar\u0131n\u0131 haz\u0131rla\u015fd\u0131rmaq olub.<\/p>\n<p>USAID Az\u0259rbaycanda da 1991-ci ild\u0259n f\u0259aliyy\u0259t g\u00f6st\u0259rir. F\u0259aliyy\u0259ti d\u00f6vr\u00fcnd\u0259 d\u0259f\u0259l\u0259rl\u0259 eyni \u00fcsullar, eyni taktikalara \u0259l at\u0131lsa da, bu planlar d\u00f6vl\u0259tin x\u00fcsusi xidm\u0259t orqanlar\u0131 t\u0259r\u0259find\u0259n zaman\u0131nda if\u015fa edilib v\u0259 realla\u015fmas\u0131na imkan verilm\u0259yib. S\u00f6z\u00fcged\u0259n qurumun Az\u0259rbaycana qar\u015f\u0131 \u00e7irkin \u0259m\u0259ll\u0259ri bu g\u00fcn d\u0259 davam edir. Sentyabr\u0131n 19-da Az\u0259rbaycan\u0131n Qaraba\u011f iqtisadi regionunda ba\u015flatd\u0131\u011f\u0131 lokal xarakterli antiterror t\u0259dbirl\u0259rind\u0259n sonra erm\u0259ni\u0259silli sakinl\u0259r k\u00f6n\u00fcll\u00fc olaraq Erm\u0259nistana k\u00f6\u00e7 etm\u0259y\u0259 ba\u015flad\u0131lar. Bu zaman USAID d\u0259rhal \u00f6z\u00fcn\u00fc g\u00f6st\u0259rdi v\u0259 qurumun r\u0259hb\u0259ri Samanta Pauer Erm\u0259nistana s\u0259f\u0259r etdi. O, s\u0259f\u0259r zaman\u0131 is\u0259 \u201cqa\u00e7q\u0131nlar\u201da 2.5 milyon dollar yard\u0131m g\u00f6st\u0259ril\u0259c\u0259yini b\u0259yan etdi.<\/p>\n<p>Samanta Pauerin ad\u0131 qalmaqallarla yadda qal\u0131b. \u015e\u00fcbh\u0259siz ki, 2006-c\u0131 ild\u0259 lent\u0259 al\u0131nan qondarma erm\u0259ni soyq\u0131r\u0131m\u0131ndan b\u0259hs ed\u0259n filmd\u0259 t\u00fcrkl\u0259ri fa\u015fist adland\u0131ran, soyq\u0131r\u0131m\u0131n\u0131n tan\u0131naca\u011f\u0131 g\u00fcn\u00fc \u00f6z\u00fcn\u00fcn ikinci ad g\u00fcn\u00fc elan ed\u0259c\u0259yini bildir\u0259n Pauer radikal erm\u0259nip\u0259r\u0259stdir. B\u0259s USAID-\u0131n Az\u0259rbaycana qar\u015f\u0131 bu m\u00f6vqeyinin \u0259sl s\u0259b\u0259bi n\u0259dir? T\u0259bii ki, ba\u011fl\u0131 oldu\u011fu Soros fondu. Zaman\u0131nda Az\u0259rbaycanda h\u0259rcm\u0259rclikl\u0259r yaratmaq ist\u0259y\u0259n \u201cSoros Fondu\u201d\u00a0biab\u0131r\u00e7\u0131 \u015f\u0259kild\u0259 \u00f6lk\u0259d\u0259n qovulmu\u015fdu.<\/p>\n<p>G\u00f6r\u00fcn\u00fcr, quyruq ac\u0131s\u0131n\u0131 unuda bilm\u0259y\u0259n fond t\u00f6r\u0259m\u0259si USAID-i i\u015f\u0259 salaraq Az\u0259rbaycana qar\u015f\u0131 q\u0259r\u0259zli m\u00f6vqe tutmaqda davam edir. USAID-in Az\u0259rbaycana qar\u015f\u0131 m\u00fcnasib\u0259ti is\u0259 nec\u0259 dey\u0259rl\u0259r, g\u00fcn kimi ayd\u0131nd\u0131r. Qurum t\u0259msil etdiyi d\u00f6vl\u0259tin xarici siyas\u0259tin\u0259 k\u00f6lg\u0259 salaraq Az\u0259rbaycan\u0131n \u0259razi b\u00fct\u00f6vl\u00fcy\u00fcn\u0259 v\u0259 suverenliyin\u0259 qar\u015f\u0131 s\u0259rs\u0259m a\u00e7\u0131qlamalar verir, BMT, AT\u018fT, A\u0130 kimi qurumlar bu bar\u0259d\u0259 dan\u0131\u015fmad\u0131\u011f\u0131 halda erm\u0259ni na\u011f\u0131l\u0131n\u0131 t\u0259krarlayaraq \u201cetnik t\u0259mizl\u0259m\u0259\u201dd\u0259n d\u0259m vurur. Bu is\u0259 AB\u015e-nin n\u0259 xarici siyas\u0259tin\u0259, n\u0259 d\u0259 regionda y\u00fcr\u00fctd\u00fcy\u00fc x\u0259tt\u0259 uy\u011fundur.<\/p>\n<p><img src=\"https:\/\/cdn.oxu.az\/uploads\/W1siZiIsIjIwMjMvMTAvMDMvMTgvNTgvNTYvNDhiNGFmZDEtN2YwZC00NmZiLWFkODgtYWY0Y2Q3MTBjNjU5L2ZjM2QyZmM3LWYxNjktMzlhOS1hMWFjLTEwMmE2ODE4MjNlZC5qcGciXSxbInAiLCJlbmNvZGUiLCJqcGciLCItcXVhbGl0eSA4MCJdLFsicCIsInRodW1iIiwiNTkweDU5MFx1MDAzZSJdXQ?sha=45f95f8147d3d151\" alt=\"\" \/><\/p>\n<p>S\u00f6z\u00fcged\u0259n qurum vaxtil\u0259 Az\u0259rbaycanda \u201cN\u0130DA\u201d, \u201cDal\u011fa\u201d kimi t\u0259\u015fkilatlar\u0131 maliyy\u0259l\u0259\u015fdirir, Az\u0259rbaycan h\u00f6kum\u0259ti \u0259leyhin\u0259 qeyri-qanuni aksiyalar da t\u0259\u015fkil etdirm\u0259kd\u0259n \u00e7\u0259kinmirdi. Bununla yana\u015f\u0131, f\u0259aliyy\u0259tini p\u0259rd\u0259l\u0259m\u0259k \u00fc\u00e7\u00fcn regionlarda m\u00fcxt\u0259lif layih\u0259l\u0259r h\u0259yata ke\u00e7irirdi. M\u0259s\u0259l\u0259n, 2014-c\u00fc ild\u0259 USAID Az\u0259rbaycanda \u201cm\u00fcst\u0259qil median\u0131n inki\u015faf\u0131\u201d \u00fc\u00e7\u00fcn 2,4 milyon dollar m\u0259bl\u0259\u011find\u0259 qrant ay\u0131r\u0131b v\u0259 v\u0259saiti \u00f6zl\u0259rin\u0259 yax\u0131n bildikl\u0259ri media v\u0259 qurumlara qeyri-\u015f\u0259ffaf formada paylay\u0131b.<\/p>\n<p>\u018fslind\u0259, USAID-in layih\u0259l\u0259rin\u0259 ehtiyac yoxdur. Az\u0259rbaycan\u0131n ist\u0259nil\u0259n layih\u0259ni realla\u015fd\u0131rmaq \u00fc\u00e7\u00fcn kifay\u0259t q\u0259d\u0259r resursu var. Ancaq r\u0259smi qurumlar t\u0259r\u0259find\u0259n bu layih\u0259l\u0259r\u0259 ehtiyac olmad\u0131\u011f\u0131 bildirils\u0259 d\u0259, USAID f\u0259aliyy\u0259tini dayand\u0131rm\u0131r. \u00c7\u00fcnki bu f\u0259aliyy\u0259tl\u0259ri il\u0259 \u0259slind\u0259 \u00f6z\u00fcn\u0259 informasiya toplay\u0131r, yeni t\u0259r\u0259fda\u015flar c\u0259lb edirl\u0259r. T\u0259sad\u00fcfi deyil ki, m\u00fcxalif\u0259ty\u00f6nl\u00fc QHT-l\u0259rin \u0259ks\u0259riyy\u0259ti USAID-d\u0259n, AB\u015e Milli Demokratiya \u0130nstitutundan (MDI\/NDI) maliyy\u0259l\u0259\u015fir v\u0259 ald\u0131qlar\u0131 qrant m\u00fcqabilind\u0259 laz\u0131m olan informasiya v\u0259 d\u0259st\u0259yi g\u00f6st\u0259rm\u0259yi \u00f6zl\u0259rin\u0259 borc bilirl\u0259r. Bel\u0259 ki, 2014-c\u00fc ild\u0259 MDI\/NDI-nin Bak\u0131dak\u0131 n\u00fcmay\u0259nd\u0259liyinin ke\u00e7mi\u015f r\u0259hb\u0259ri Aleks Qriqoryevs \u00f6z\u00fcn\u00fcn bank hesab\u0131ndan 2 milyon dollar \u00e7\u0131xararaq bir s\u0131ra QHT-l\u0259r\u0259, b\u0259zi \u015f\u0259xsl\u0259r\u0259 paylay\u0131b ki, \u00f6zl\u0259ri \u00fc\u00e7\u00fcn burada bir dayaq qrupu yarats\u0131nlar.<\/p>\n<p>Amma h\u0259r zaman oldu\u011fu kimi, USAID-in Az\u0259rbaycanda ist\u0259nil\u0259n \u201cf\u0259aliyy\u0259ti\u201d fiaskoya u\u011fray\u0131r, r\u0259ngli inqilab, \u00f6lk\u0259d\u0259 naraz\u0131l\u0131q salmaq, d\u00f6vl\u0259tl\u0259 xalq aras\u0131nda qar\u015f\u0131durma yaratmaq tipli arzular\u0131 \u00fcr\u0259kl\u0259rind\u0259 qal\u0131r. MK\u0130 r\u0259hb\u0259rliyi v\u0259 USAID a\u011falar\u0131 anlamal\u0131d\u0131rlar ki, Az\u0259rbaycanda d\u00f6vl\u0259tl\u0259 xalq\u0131n aras\u0131na girm\u0259k m\u00fcmk\u00fcn deyil. Amma g\u00f6r\u00fcn\u00fcr, Az\u0259rbaycan\u0131n s\u0259bir kasas\u0131 bir g\u00fcn dolacaq v\u0259 \u201cSoros Fondu\u201d\u00a0kimi qurumu \u00f6lk\u0259d\u0259n qovdu\u011fu kimi, USAID-\u0259 d\u0259 qap\u0131n\u0131 g\u00f6st\u0259r\u0259c\u0259k.<\/p>\n<p><strong>\u201cReport\u201d \u0130nformasiya Agentliyi<\/strong><\/p>\n","protected":false},"excerpt":{"rendered":"<p>Qon\u015fu G\u00fcrc\u00fcstanda ba\u015f ver\u0259n n\u00f6vb\u0259ti qalmaqal AB\u015e-nin Rusiyan\u0131 C\u0259nubi Qafqazdan tamamil\u0259 s\u0131x\u0131\u015fd\u0131r\u0131b \u00e7\u0131xarmaq plan\u0131 \u00fc\u00e7\u00fcn d\u00fcym\u0259y\u0259 basd\u0131\u011f\u0131na i\u015far\u0259 edir. Rusiya il\u0259 Erm\u0259nistan aras\u0131nda ipl\u0259rin qopmaq h\u0259ddin\u0259 \u00e7atd\u0131\u011f\u0131 bir d\u00f6vrd\u0259, analoji olaraq, G\u00fcrc\u00fcstanda ba\u015f ver\u0259n hadis\u0259l\u0259r d\u0259 s\u00f6z\u00fcged\u0259n \u00f6lk\u0259d\u0259 AB\u015e k\u0259\u015ffiyyat\u0131n\u0131n d\u00f6vl\u0259t \u00e7evrili\u015fin\u0259 haz\u0131rla\u015fmas\u0131ndan x\u0259b\u0259r verir. G\u00fcrc\u00fcstan cari ilin sonuna kimi Avropa \u0130ttifaq\u0131na namiz\u0259d statusunun h\u0259ll olunmas\u0131n\u0131 g\u00f6zl\u0259diyi bir d\u00f6vrd\u0259 \u00f6lk\u0259d\u0259 i\u011fti\u015fa\u015f yaratmaqda maraql\u0131 olan xarici q\u00fcvv\u0259l\u0259r h\u0259r\u0259k\u0259t\u0259 ke\u00e7ibl\u0259r. Bunu dem\u0259k \u00fc\u00e7\u00fcn is\u0259 kifay\u0259t q\u0259d\u0259r \u0259sas var. M\u0259s\u0259l\u0259 buras\u0131ndad\u0131r ki, sentyabr\u0131n 25-d\u0259 USAID proqram\u0131 \u00e7\u0259r\u00e7iv\u0259sind\u0259 Serbiya v\u0259t\u0259nda\u015flar\u0131 Sinisa Sikman, Yelena Stoy\u015fi\u00e7&hellip;<\/p>\n","protected":false},"author":2,"featured_media":640976,"comment_status":"closed","ping_status":"closed","sticky":false,"template":"","format":"standard","meta":{"om_disable_all_campaigns":false,"_monsterinsights_skip_tracking":false,"_monsterinsights_sitenote_active":false,"_monsterinsights_sitenote_note":"","_monsterinsights_sitenote_category":0},"categories":[4],"tags":[],"aioseo_notices":[],"gutentor_comment":0,"rttpg_featured_image_url":{"full":["https:\/\/arantv.az\/wp-content\/uploads\/2023\/10\/0ec304d8-cfeb-371b-8a5f-6aa3313c3c08_850.jpg",620,413,false],"landscape":["https:\/\/arantv.az\/wp-content\/uploads\/2023\/10\/0ec304d8-cfeb-371b-8a5f-6aa3313c3c08_850.jpg",620,413,false],"portraits":["https:\/\/arantv.az\/wp-content\/uploads\/2023\/10\/0ec304d8-cfeb-371b-8a5f-6aa3313c3c08_850.jpg",620,413,false],"thumbnail":["https:\/\/arantv.az\/wp-content\/uploads\/2023\/10\/0ec304d8-cfeb-371b-8a5f-6aa3313c3c08_850-500x280.jpg",500,280,true],"medium":["https:\/\/arantv.az\/wp-content\/uploads\/2023\/10\/0ec304d8-cfeb-371b-8a5f-6aa3313c3c08_850-548x365.jpg",548,365,true],"large":["https:\/\/arantv.az\/wp-content\/uploads\/2023\/10\/0ec304d8-cfeb-371b-8a5f-6aa3313c3c08_850.jpg",620,413,false],"1536x1536":["https:\/\/arantv.az\/wp-content\/uploads\/2023\/10\/0ec304d8-cfeb-371b-8a5f-6aa3313c3c08_850.jpg",620,413,false],"2048x2048":["https:\/\/arantv.az\/wp-content\/uploads\/2023\/10\/0ec304d8-cfeb-371b-8a5f-6aa3313c3c08_850.jpg",620,413,false],"post-thumbnail":["https:\/\/arantv.az\/wp-content\/uploads\/2023\/10\/0ec304d8-cfeb-371b-8a5f-6aa3313c3c08_850-240x172.jpg",240,172,true],"advps-thumb-one":["https:\/\/arantv.az\/wp-content\/uploads\/2023\/10\/0ec304d8-cfeb-371b-8a5f-6aa3313c3c08_850.jpg",620,413,false]},"rttpg_author":{"display_name":"V\u00fcsal Rafiqo\u011flu","author_link":"https:\/\/arantv.az\/?author=2"},"rttpg_comment":0,"rttpg_category":"<a href=\"https:\/\/arantv.az\/?cat=4\" rel=\"category\">Siyas\u0259t<\/a>","rttpg_excerpt":"Qon\u015fu G\u00fcrc\u00fcstanda ba\u015f ver\u0259n n\u00f6vb\u0259ti qalmaqal AB\u015e-nin Rusiyan\u0131 C\u0259nubi Qafqazdan tamamil\u0259 s\u0131x\u0131\u015fd\u0131r\u0131b \u00e7\u0131xarmaq plan\u0131 \u00fc\u00e7\u00fcn d\u00fcym\u0259y\u0259 basd\u0131\u011f\u0131na i\u015far\u0259 edir. Rusiya il\u0259 Erm\u0259nistan aras\u0131nda ipl\u0259rin qopmaq h\u0259ddin\u0259 \u00e7atd\u0131\u011f\u0131 bir d\u00f6vrd\u0259, analoji olaraq, G\u00fcrc\u00fcstanda ba\u015f ver\u0259n hadis\u0259l\u0259r d\u0259 s\u00f6z\u00fcged\u0259n \u00f6lk\u0259d\u0259 AB\u015e k\u0259\u015ffiyyat\u0131n\u0131n d\u00f6vl\u0259t \u00e7evrili\u015fin\u0259 haz\u0131rla\u015fmas\u0131ndan x\u0259b\u0259r verir. G\u00fcrc\u00fcstan cari ilin sonuna kimi Avropa \u0130ttifaq\u0131na namiz\u0259d statusunun h\u0259ll&hellip;","_links":{"self":[{"href":"https:\/\/arantv.az\/index.php?rest_route=\/wp\/v2\/posts\/640972"}],"collection":[{"href":"https:\/\/arantv.az\/index.php?rest_route=\/wp\/v2\/posts"}],"about":[{"href":"https:\/\/arantv.az\/index.php?rest_route=\/wp\/v2\/types\/post"}],"author":[{"embeddable":true,"href":"https:\/\/arantv.az\/index.php?rest_route=\/wp\/v2\/users\/2"}],"replies":[{"embeddable":true,"href":"https:\/\/arantv.az\/index.php?rest_route=%2Fwp%2Fv2%2Fcomments&post=640972"}],"version-history":[{"count":0,"href":"https:\/\/arantv.az\/index.php?rest_route=\/wp\/v2\/posts\/640972\/revisions"}],"wp:featuredmedia":[{"embeddable":true,"href":"https:\/\/arantv.az\/index.php?rest_route=\/wp\/v2\/media\/640976"}],"wp:attachment":[{"href":"https:\/\/arantv.az\/index.php?rest_route=%2Fwp%2Fv2%2Fmedia&parent=640972"}],"wp:term":[{"taxonomy":"category","embeddable":true,"href":"https:\/\/arantv.az\/index.php?rest_route=%2Fwp%2Fv2%2Fcategories&post=640972"},{"taxonomy":"post_tag","embeddable":true,"href":"https:\/\/arantv.az\/index.php?rest_route=%2Fwp%2Fv2%2Ftags&post=640972"}],"curies":[{"name":"wp","href":"https:\/\/api.w.org\/{rel}","templated":true}]}}