{"id":640978,"date":"2023-10-03T21:20:08","date_gmt":"2023-10-03T17:20:08","guid":{"rendered":"https:\/\/arantv.az\/?p=640978"},"modified":"2023-10-03T21:20:08","modified_gmt":"2023-10-03T17:20:08","slug":"erm%c9%99nistanda-doyus-meydanindan-qacmis-polkovnik%c9%99-ittiham-ir%c9%99li-suruldu","status":"publish","type":"post","link":"https:\/\/arantv.az\/?p=640978","title":{"rendered":"Erm\u0259nistanda d\u00f6y\u00fc\u015f meydan\u0131ndan qa\u00e7m\u0131\u015f polkovnik\u0259 ittiham ir\u0259li s\u00fcr\u00fcld\u00fc"},"content":{"rendered":"<p>Erm\u0259nistanda 44 g\u00fcnl\u00fck m\u00fcharib\u0259 zaman\u0131 d\u00f6y\u00fc\u015f meydan\u0131ndan qa\u00e7m\u0131\u015f polkovnik Manuk Badalyana qar\u015f\u0131 ittiham ir\u0259li s\u00fcr\u00fcl\u00fcb.<\/p>\n<p>Bu bar\u0259d\u0259 Erm\u0259nistan ba\u015f prokurorlu\u011fundan m\u0259lumat verilib.<\/p>\n<p>M\u0259lumata g\u00f6r\u0259, 2020-ci il oktyabr\u0131n 3-d\u0259 Hadrut rayonunun Tu\u011f k\u0259ndind\u0259ki Mexakavan h\u0259rbi hospital\u0131na Erm\u0259nistan silahl\u0131 q\u00fcvv\u0259l\u0259rinin 18-ci motoat\u0131c\u0131 diviziyas\u0131n\u0131n komandir m\u00fcavini, polkovnik Manuk Badalyan m\u00fcraci\u0259t edib. Badalyan sa\u011f diz oyna\u011f\u0131ndan z\u0259d\u0259 ald\u0131\u011f\u0131n\u0131 bildirib.<\/p>\n<p>Lakin tibbi ekspertiza z\u0259d\u0259nin xidm\u0259t\u0259 mane olmayaca\u011f\u0131n\u0131\u00a0m\u00fc\u0259yy\u0259n edib v\u0259 ona xidm\u0259t\u0259 davam etm\u0259si bar\u0259d\u0259 g\u00f6st\u0259ri\u015f verilib. Sa\u011flaml\u0131\u011f\u0131na g\u00f6r\u0259 h\u0259rbi xidm\u0259ti dayand\u0131rma\u011f\u0131n qeyri-m\u00fcmk\u00fcn oldu\u011funu ba\u015fa d\u00fc\u015f\u0259n Manuk Badalyan d\u00f6y\u00fc\u015f \u0259m\u0259liyyatlar\u0131 zaman\u0131 yaraland\u0131\u011f\u0131 il\u0259 ba\u011fl\u0131 ill\u00fcziya yaratmaq q\u0259rar\u0131na g\u0259lib. Bunun \u00fc\u00e7\u00fcn sa\u011f diz oyna\u011f\u0131n\u0131n \u015fi\u015fmi\u015f hiss\u0259sin\u0259 d\u0259f\u0259l\u0259rl\u0259 yod vurub, \u00fcz\u0259rini eyni maye il\u0259 islad\u0131lm\u0131\u015f sar\u011f\u0131 il\u0259 sar\u0131y\u0131b v\u0259 bu da 2-ci d\u0259r\u0259c\u0259li yan\u0131qlar\u0131n \u0259m\u0259l\u0259 g\u0259lm\u0259sin\u0259 s\u0259b\u0259b olub.<\/p>\n<p>Bir h\u0259ft\u0259 sonra, 10 oktyabr 2020-ci il tarixind\u0259 saat 11:00-dan 12:00-d\u0259k diviziyan\u0131n komandanl\u0131q m\u0259nt\u0259q\u0259sin\u0259 ke\u00e7id zaman\u0131 polkovnik Manuk Badalyan\u0131n v\u0259 h\u0259mkar\u0131n\u0131n oldu\u011fu avtomobil at\u0259\u015f\u0259 tutulub. At\u0131\u015fma n\u0259tic\u0259sind\u0259 yaln\u0131z s\u00fcr\u00fcc\u00fc q\u0259lp\u0259 yaralar\u0131 al\u0131b. Eyni avtomobild\u0259 tap\u0131lan v\u0259 he\u00e7 bir x\u0259sar\u0259t almayan Manuk Badalyan is\u0259 v\u0259ziyy\u0259t bar\u0259d\u0259 he\u00e7 kimin m\u0259lumatl\u0131 olmamas\u0131ndan istifad\u0259 ed\u0259r\u0259k i\u015f\u00e7il\u0259r\u0259 m\u0259rmi at\u0259\u015fi n\u0259tic\u0259sind\u0259 yaraland\u0131\u011f\u0131n\u0131 deyib v\u0259 xidm\u0259ti yerini t\u0259rk edib.<\/p>\n<p>M\u0259nb\u0259: Erm\u0259ni K\u0130V<\/p>\n","protected":false},"excerpt":{"rendered":"<p>Erm\u0259nistanda 44 g\u00fcnl\u00fck m\u00fcharib\u0259 zaman\u0131 d\u00f6y\u00fc\u015f meydan\u0131ndan qa\u00e7m\u0131\u015f polkovnik Manuk Badalyana qar\u015f\u0131 ittiham ir\u0259li s\u00fcr\u00fcl\u00fcb. Bu bar\u0259d\u0259 Erm\u0259nistan ba\u015f prokurorlu\u011fundan m\u0259lumat verilib. M\u0259lumata g\u00f6r\u0259, 2020-ci il oktyabr\u0131n 3-d\u0259 Hadrut rayonunun Tu\u011f k\u0259ndind\u0259ki Mexakavan h\u0259rbi hospital\u0131na Erm\u0259nistan silahl\u0131 q\u00fcvv\u0259l\u0259rinin 18-ci motoat\u0131c\u0131 diviziyas\u0131n\u0131n komandir m\u00fcavini, polkovnik Manuk Badalyan m\u00fcraci\u0259t edib. Badalyan sa\u011f diz oyna\u011f\u0131ndan z\u0259d\u0259 ald\u0131\u011f\u0131n\u0131 bildirib. Lakin tibbi ekspertiza z\u0259d\u0259nin xidm\u0259t\u0259 mane olmayaca\u011f\u0131n\u0131\u00a0m\u00fc\u0259yy\u0259n edib v\u0259 ona xidm\u0259t\u0259 davam etm\u0259si bar\u0259d\u0259 g\u00f6st\u0259ri\u015f verilib. Sa\u011flaml\u0131\u011f\u0131na g\u00f6r\u0259 h\u0259rbi xidm\u0259ti dayand\u0131rma\u011f\u0131n qeyri-m\u00fcmk\u00fcn oldu\u011funu ba\u015fa d\u00fc\u015f\u0259n Manuk Badalyan d\u00f6y\u00fc\u015f \u0259m\u0259liyyatlar\u0131 zaman\u0131 yaraland\u0131\u011f\u0131 il\u0259 ba\u011fl\u0131 ill\u00fcziya yaratmaq&hellip;<\/p>\n","protected":false},"author":2,"featured_media":640981,"comment_status":"closed","ping_status":"closed","sticky":false,"template":"","format":"standard","meta":{"om_disable_all_campaigns":false,"_monsterinsights_skip_tracking":false,"_monsterinsights_sitenote_active":false,"_monsterinsights_sitenote_note":"","_monsterinsights_sitenote_category":0},"categories":[7],"tags":[],"aioseo_notices":[],"gutentor_comment":0,"rttpg_featured_image_url":{"full":["https:\/\/arantv.az\/wp-content\/uploads\/2023\/10\/FotoJet-2023-10-03T165013.885.jpg",620,413,false],"landscape":["https:\/\/arantv.az\/wp-content\/uploads\/2023\/10\/FotoJet-2023-10-03T165013.885.jpg",620,413,false],"portraits":["https:\/\/arantv.az\/wp-content\/uploads\/2023\/10\/FotoJet-2023-10-03T165013.885.jpg",620,413,false],"thumbnail":["https:\/\/arantv.az\/wp-content\/uploads\/2023\/10\/FotoJet-2023-10-03T165013.885-500x280.jpg",500,280,true],"medium":["https:\/\/arantv.az\/wp-content\/uploads\/2023\/10\/FotoJet-2023-10-03T165013.885-548x365.jpg",548,365,true],"large":["https:\/\/arantv.az\/wp-content\/uploads\/2023\/10\/FotoJet-2023-10-03T165013.885.jpg",620,413,false],"1536x1536":["https:\/\/arantv.az\/wp-content\/uploads\/2023\/10\/FotoJet-2023-10-03T165013.885.jpg",620,413,false],"2048x2048":["https:\/\/arantv.az\/wp-content\/uploads\/2023\/10\/FotoJet-2023-10-03T165013.885.jpg",620,413,false],"post-thumbnail":["https:\/\/arantv.az\/wp-content\/uploads\/2023\/10\/FotoJet-2023-10-03T165013.885-240x172.jpg",240,172,true],"advps-thumb-one":["https:\/\/arantv.az\/wp-content\/uploads\/2023\/10\/FotoJet-2023-10-03T165013.885.jpg",620,413,false]},"rttpg_author":{"display_name":"V\u00fcsal Rafiqo\u011flu","author_link":"https:\/\/arantv.az\/?author=2"},"rttpg_comment":0,"rttpg_category":"<a href=\"https:\/\/arantv.az\/?cat=7\" rel=\"category\">D\u00fcnya<\/a>","rttpg_excerpt":"Erm\u0259nistanda 44 g\u00fcnl\u00fck m\u00fcharib\u0259 zaman\u0131 d\u00f6y\u00fc\u015f meydan\u0131ndan qa\u00e7m\u0131\u015f polkovnik Manuk Badalyana qar\u015f\u0131 ittiham ir\u0259li s\u00fcr\u00fcl\u00fcb. Bu bar\u0259d\u0259 Erm\u0259nistan ba\u015f prokurorlu\u011fundan m\u0259lumat verilib. M\u0259lumata g\u00f6r\u0259, 2020-ci il oktyabr\u0131n 3-d\u0259 Hadrut rayonunun Tu\u011f k\u0259ndind\u0259ki Mexakavan h\u0259rbi hospital\u0131na Erm\u0259nistan silahl\u0131 q\u00fcvv\u0259l\u0259rinin 18-ci motoat\u0131c\u0131 diviziyas\u0131n\u0131n komandir m\u00fcavini, polkovnik Manuk Badalyan m\u00fcraci\u0259t edib. Badalyan sa\u011f diz oyna\u011f\u0131ndan z\u0259d\u0259 ald\u0131\u011f\u0131n\u0131 bildirib.&hellip;","_links":{"self":[{"href":"https:\/\/arantv.az\/index.php?rest_route=\/wp\/v2\/posts\/640978"}],"collection":[{"href":"https:\/\/arantv.az\/index.php?rest_route=\/wp\/v2\/posts"}],"about":[{"href":"https:\/\/arantv.az\/index.php?rest_route=\/wp\/v2\/types\/post"}],"author":[{"embeddable":true,"href":"https:\/\/arantv.az\/index.php?rest_route=\/wp\/v2\/users\/2"}],"replies":[{"embeddable":true,"href":"https:\/\/arantv.az\/index.php?rest_route=%2Fwp%2Fv2%2Fcomments&post=640978"}],"version-history":[{"count":0,"href":"https:\/\/arantv.az\/index.php?rest_route=\/wp\/v2\/posts\/640978\/revisions"}],"wp:featuredmedia":[{"embeddable":true,"href":"https:\/\/arantv.az\/index.php?rest_route=\/wp\/v2\/media\/640981"}],"wp:attachment":[{"href":"https:\/\/arantv.az\/index.php?rest_route=%2Fwp%2Fv2%2Fmedia&parent=640978"}],"wp:term":[{"taxonomy":"category","embeddable":true,"href":"https:\/\/arantv.az\/index.php?rest_route=%2Fwp%2Fv2%2Fcategories&post=640978"},{"taxonomy":"post_tag","embeddable":true,"href":"https:\/\/arantv.az\/index.php?rest_route=%2Fwp%2Fv2%2Ftags&post=640978"}],"curies":[{"name":"wp","href":"https:\/\/api.w.org\/{rel}","templated":true}]}}