{"id":640982,"date":"2023-10-03T21:21:13","date_gmt":"2023-10-03T17:21:13","guid":{"rendered":"https:\/\/arantv.az\/?p=640982"},"modified":"2023-10-03T21:21:13","modified_gmt":"2023-10-03T17:21:13","slug":"bako-saakyan-arkadi-qukasyan-v%c9%99-david-isxanyan-saxlanilaraq-bakiya-g%c9%99tirilibl%c9%99r","status":"publish","type":"post","link":"https:\/\/arantv.az\/?p=640982","title":{"rendered":"Bako Saakyan, Arkadi Qukasyan v\u0259 David \u0130\u015fxanyan saxlan\u0131laraq Bak\u0131ya g\u0259tirilibl\u0259r"},"content":{"rendered":"<p>Qaraba\u011fdak\u0131 separat\u00e7\u0131lar\u0131n ke\u00e7mi\u015f \u201cprezident\u201dl\u0259ri Arkadi Qukasyan (1997-2007) v\u0259 Bako Saakyan (2007-2020), \u201cDa\u015fnakasutyun\u201dpartiyas\u0131n\u0131n \u201cQaraba\u011f t\u0259msil\u00e7isi\u201d v\u0259 separat\u00e7\u0131 rejimin ke\u00e7mi\u015f \u201cparlament s\u0259dri\u201d David \u0130\u015fxanyan t\u00f6r\u0259tdikl\u0259ri cinay\u0259t \u0259m\u0259ll\u0259rin\u0259 g\u00f6r\u0259 bar\u0259l\u0259rind\u0259 apar\u0131lan cinay\u0259t i\u015fl\u0259ri \u00fczr\u0259 Az\u0259rbaycan Respublikas\u0131 D\u00f6vl\u0259t T\u0259hl\u00fck\u0259sizliyi Xidm\u0259ti (DTX) t\u0259r\u0259find\u0259n saxlan\u0131laraq Bak\u0131ya g\u0259tirilibl\u0259r.<\/p>\n<p>Oxu.Az-\u0131n \u0259ld\u0259 etdiyi m\u0259lumata g\u00f6r\u0259, bu \u015f\u0259xsl\u0259r ill\u0259rl\u0259 t\u00f6r\u0259tdikl\u0259ri v\u0259 r\u0259hb\u0259rlik etdikl\u0259ri cinay\u0259t \u0259m\u0259ll\u0259rin\u0259 g\u00f6r\u0259 qanun qar\u015f\u0131s\u0131nda cavab ver\u0259c\u0259kl\u0259r.<\/p>\n<p>Qeyd ed\u0259k ki, 2020-cil sentyabr\u0131n 27-d\u0259 V\u0259t\u0259n m\u00fcharib\u0259sini q\u0259l\u0259b\u0259 il\u0259 bitm\u0259sind\u0259n sonra \u00dc\u00e7t\u0259r\u0259fli B\u0259yanata \u0259sas\u0259n h\u0259min \u0259razil\u0259r\u0259 v\u0259 b\u00f6lg\u0259d\u0259n Erm\u0259nistana ged\u0259n La\u00e7\u0131n yoluna Rusiyan\u0131n h\u0259rbi kontingenti n\u0259zar\u0259t edib.<\/p>\n<p>Bundan sonra Az\u0259rbaycan \u00f6z\u00fc q\u0259tiyy\u0259tli add\u0131mlar ataraq separat\u00e7\u0131lar\u0131n b\u00fct\u00fcn m\u0259krli planlar\u0131n\u0131 darmada\u011f\u0131n edib.<\/p>\n<p>Sentyabr\u0131n 19-da ordumuzun ke\u00e7irdiyi lokal antiterror t\u0259dbirl\u0259rind\u0259n sonra separat\u00e7\u0131 rejim a\u011f bayraq qald\u0131raraq \u00f6z\u00fcn\u00fc buraxma\u011fa m\u0259cbur edilib.<\/p>\n","protected":false},"excerpt":{"rendered":"<p>Qaraba\u011fdak\u0131 separat\u00e7\u0131lar\u0131n ke\u00e7mi\u015f \u201cprezident\u201dl\u0259ri Arkadi Qukasyan (1997-2007) v\u0259 Bako Saakyan (2007-2020), \u201cDa\u015fnakasutyun\u201dpartiyas\u0131n\u0131n \u201cQaraba\u011f t\u0259msil\u00e7isi\u201d v\u0259 separat\u00e7\u0131 rejimin ke\u00e7mi\u015f \u201cparlament s\u0259dri\u201d David \u0130\u015fxanyan t\u00f6r\u0259tdikl\u0259ri cinay\u0259t \u0259m\u0259ll\u0259rin\u0259 g\u00f6r\u0259 bar\u0259l\u0259rind\u0259 apar\u0131lan cinay\u0259t i\u015fl\u0259ri \u00fczr\u0259 Az\u0259rbaycan Respublikas\u0131 D\u00f6vl\u0259t T\u0259hl\u00fck\u0259sizliyi Xidm\u0259ti (DTX) t\u0259r\u0259find\u0259n saxlan\u0131laraq Bak\u0131ya g\u0259tirilibl\u0259r. Oxu.Az-\u0131n \u0259ld\u0259 etdiyi m\u0259lumata g\u00f6r\u0259, bu \u015f\u0259xsl\u0259r ill\u0259rl\u0259 t\u00f6r\u0259tdikl\u0259ri v\u0259 r\u0259hb\u0259rlik etdikl\u0259ri cinay\u0259t \u0259m\u0259ll\u0259rin\u0259 g\u00f6r\u0259 qanun qar\u015f\u0131s\u0131nda cavab ver\u0259c\u0259kl\u0259r. Qeyd ed\u0259k ki, 2020-cil sentyabr\u0131n 27-d\u0259 V\u0259t\u0259n m\u00fcharib\u0259sini q\u0259l\u0259b\u0259 il\u0259 bitm\u0259sind\u0259n sonra \u00dc\u00e7t\u0259r\u0259fli B\u0259yanata \u0259sas\u0259n h\u0259min \u0259razil\u0259r\u0259 v\u0259 b\u00f6lg\u0259d\u0259n Erm\u0259nistana ged\u0259n La\u00e7\u0131n yoluna Rusiyan\u0131n h\u0259rbi kontingenti n\u0259zar\u0259t edib. Bundan sonra&hellip;<\/p>\n","protected":false},"author":2,"featured_media":640986,"comment_status":"closed","ping_status":"closed","sticky":false,"template":"","format":"standard","meta":{"om_disable_all_campaigns":false,"_monsterinsights_skip_tracking":false,"_monsterinsights_sitenote_active":false,"_monsterinsights_sitenote_note":"","_monsterinsights_sitenote_category":0},"categories":[4],"tags":[],"aioseo_notices":[],"gutentor_comment":0,"rttpg_featured_image_url":{"full":["https:\/\/arantv.az\/wp-content\/uploads\/2023\/10\/651c36f15f827651c36f15f8281696347889651c36f15f825651c36f15f826.jpg",620,413,false],"landscape":["https:\/\/arantv.az\/wp-content\/uploads\/2023\/10\/651c36f15f827651c36f15f8281696347889651c36f15f825651c36f15f826.jpg",620,413,false],"portraits":["https:\/\/arantv.az\/wp-content\/uploads\/2023\/10\/651c36f15f827651c36f15f8281696347889651c36f15f825651c36f15f826.jpg",620,413,false],"thumbnail":["https:\/\/arantv.az\/wp-content\/uploads\/2023\/10\/651c36f15f827651c36f15f8281696347889651c36f15f825651c36f15f826-500x280.jpg",500,280,true],"medium":["https:\/\/arantv.az\/wp-content\/uploads\/2023\/10\/651c36f15f827651c36f15f8281696347889651c36f15f825651c36f15f826-548x365.jpg",548,365,true],"large":["https:\/\/arantv.az\/wp-content\/uploads\/2023\/10\/651c36f15f827651c36f15f8281696347889651c36f15f825651c36f15f826.jpg",620,413,false],"1536x1536":["https:\/\/arantv.az\/wp-content\/uploads\/2023\/10\/651c36f15f827651c36f15f8281696347889651c36f15f825651c36f15f826.jpg",620,413,false],"2048x2048":["https:\/\/arantv.az\/wp-content\/uploads\/2023\/10\/651c36f15f827651c36f15f8281696347889651c36f15f825651c36f15f826.jpg",620,413,false],"post-thumbnail":["https:\/\/arantv.az\/wp-content\/uploads\/2023\/10\/651c36f15f827651c36f15f8281696347889651c36f15f825651c36f15f826-240x172.jpg",240,172,true],"advps-thumb-one":["https:\/\/arantv.az\/wp-content\/uploads\/2023\/10\/651c36f15f827651c36f15f8281696347889651c36f15f825651c36f15f826.jpg",620,413,false]},"rttpg_author":{"display_name":"V\u00fcsal Rafiqo\u011flu","author_link":"https:\/\/arantv.az\/?author=2"},"rttpg_comment":0,"rttpg_category":"<a href=\"https:\/\/arantv.az\/?cat=4\" rel=\"category\">Siyas\u0259t<\/a>","rttpg_excerpt":"Qaraba\u011fdak\u0131 separat\u00e7\u0131lar\u0131n ke\u00e7mi\u015f \u201cprezident\u201dl\u0259ri Arkadi Qukasyan (1997-2007) v\u0259 Bako Saakyan (2007-2020), \u201cDa\u015fnakasutyun\u201dpartiyas\u0131n\u0131n \u201cQaraba\u011f t\u0259msil\u00e7isi\u201d v\u0259 separat\u00e7\u0131 rejimin ke\u00e7mi\u015f \u201cparlament s\u0259dri\u201d David \u0130\u015fxanyan t\u00f6r\u0259tdikl\u0259ri cinay\u0259t \u0259m\u0259ll\u0259rin\u0259 g\u00f6r\u0259 bar\u0259l\u0259rind\u0259 apar\u0131lan cinay\u0259t i\u015fl\u0259ri \u00fczr\u0259 Az\u0259rbaycan Respublikas\u0131 D\u00f6vl\u0259t T\u0259hl\u00fck\u0259sizliyi Xidm\u0259ti (DTX) t\u0259r\u0259find\u0259n saxlan\u0131laraq Bak\u0131ya g\u0259tirilibl\u0259r. Oxu.Az-\u0131n \u0259ld\u0259 etdiyi m\u0259lumata g\u00f6r\u0259, bu \u015f\u0259xsl\u0259r ill\u0259rl\u0259 t\u00f6r\u0259tdikl\u0259ri v\u0259 r\u0259hb\u0259rlik etdikl\u0259ri cinay\u0259t \u0259m\u0259ll\u0259rin\u0259&hellip;","_links":{"self":[{"href":"https:\/\/arantv.az\/index.php?rest_route=\/wp\/v2\/posts\/640982"}],"collection":[{"href":"https:\/\/arantv.az\/index.php?rest_route=\/wp\/v2\/posts"}],"about":[{"href":"https:\/\/arantv.az\/index.php?rest_route=\/wp\/v2\/types\/post"}],"author":[{"embeddable":true,"href":"https:\/\/arantv.az\/index.php?rest_route=\/wp\/v2\/users\/2"}],"replies":[{"embeddable":true,"href":"https:\/\/arantv.az\/index.php?rest_route=%2Fwp%2Fv2%2Fcomments&post=640982"}],"version-history":[{"count":0,"href":"https:\/\/arantv.az\/index.php?rest_route=\/wp\/v2\/posts\/640982\/revisions"}],"wp:featuredmedia":[{"embeddable":true,"href":"https:\/\/arantv.az\/index.php?rest_route=\/wp\/v2\/media\/640986"}],"wp:attachment":[{"href":"https:\/\/arantv.az\/index.php?rest_route=%2Fwp%2Fv2%2Fmedia&parent=640982"}],"wp:term":[{"taxonomy":"category","embeddable":true,"href":"https:\/\/arantv.az\/index.php?rest_route=%2Fwp%2Fv2%2Fcategories&post=640982"},{"taxonomy":"post_tag","embeddable":true,"href":"https:\/\/arantv.az\/index.php?rest_route=%2Fwp%2Fv2%2Ftags&post=640982"}],"curies":[{"name":"wp","href":"https:\/\/api.w.org\/{rel}","templated":true}]}}