{"id":640988,"date":"2023-10-03T21:22:25","date_gmt":"2023-10-03T17:22:25","guid":{"rendered":"https:\/\/arantv.az\/?p=640988"},"modified":"2023-10-03T21:22:25","modified_gmt":"2023-10-03T17:22:25","slug":"iranda-%c9%99fqan-xofunun-s%c9%99b%c9%99bi-n%c9%99dir-video","status":"publish","type":"post","link":"https:\/\/arantv.az\/?p=640988","title":{"rendered":"\u0130randa \u0259fqan xofunun s\u0259b\u0259bi n\u0259dir? &#8211; V\u0130DEO"},"content":{"rendered":"<article class=\"news\">\n<div class=\"news-inner\">\n<p>Son d\u00f6vrd\u0259 \u0130randa m\u0259skunla\u015fm\u0131\u015f \u0259fqan m\u00fchacirl\u0259r m\u0259s\u0259l\u0259si \u00f6lk\u0259 g\u00fcnd\u0259minin \u0259sas m\u00f6vzular\u0131ndan birin\u0259 \u00e7evrilib.<\/p>\n<p>M\u00f6vzunun yenid\u0259n aktualla\u015fmas\u0131 \u0259fqanlar\u0131n \u0259sas\u0259n qeyri-qanuni yollarla \u0130rana k\u00fctl\u0259vi ax\u0131n\u0131 bar\u0259d\u0259 m\u0259lumat v\u0259 g\u00f6r\u00fcnt\u00fcl\u0259rin yay\u0131lmas\u0131 il\u0259 ba\u011fl\u0131 olub.<\/p>\n<p>\u018ffqan\u0131standak\u0131 Taliban h\u00f6kum\u0259ti il\u0259 \u0130ran\u0131n m\u00fcnasib\u0259tl\u0259rinin he\u00e7 d\u0259 hamar olmamas\u0131 v\u0259 h\u0259min m\u00fcnasib\u0259tl\u0259rd\u0259 vaxta\u015f\u0131r\u0131 g\u0259rginlik ya\u015fanmas\u0131 kontekstind\u0259 bu proses c\u0259miyy\u0259td\u0259 ciddi narahatl\u0131q do\u011furub. Bunun arxas\u0131nda hans\u0131sa gizli niyy\u0259tl\u0259rin, h\u0259tta \u0130ran\u0131 i\u015f\u011fal etm\u0259k plan\u0131n\u0131n m\u00f6vcudlu\u011fu bar\u0259d\u0259 m\u00fclahiz\u0259l\u0259r\u0259 yol a\u00e7\u0131l\u0131b.<\/p>\n<p>H\u0259l\u0259 bu ilin yay\u0131nda \u0130ran prezidentinin \u018ffqan\u0131stan \u00fczr\u0259 x\u00fcsusi n\u00fcmay\u0259nd\u0259si H\u0259s\u0259n Kaz\u0131mi Qumi BMT Ba\u015f katibinin \u018ffqan\u0131stan m\u0259s\u0259l\u0259l\u0259ri \u00fczr\u0259 k\u00f6m\u0259k\u00e7isi il\u0259 Tehranda g\u00f6r\u00fc\u015f\u0259rk\u0259n, h\u0259r g\u00fcn 5 min m\u00fchacirin \u018ffqan\u0131standan \u0130rana daxil oldu\u011funu s\u00f6yl\u0259mi\u015fdi.<\/p>\n<p>\u0130ndi is\u0259 bu r\u0259q\u0259min iki d\u0259f\u0259 artaraq g\u00fcnd\u0259 10 min n\u0259f\u0259r\u0259 \u00e7atd\u0131\u011f\u0131 bildirilib. Bu da \u0130randa daha \u00f6nc\u0259 m\u0259skunla\u015fm\u0131\u015f milyonlarla \u0259fqan\u0131n say\u0131n\u0131 k\u0259skin \u015f\u0259kild\u0259 art\u0131r\u0131r.<\/p>\n<p>\u201cAzad \u0130ran\u201d\u00a0\u201cYoutube\u201d kanal\u0131n\u0131n m\u00f6vzu il\u0259 ba\u011fl\u0131 haz\u0131rlad\u0131\u011f\u0131 s\u00fcjeti t\u0259qdim edirik:<\/p>\n<div><iframe loading=\"lazy\" title=\"YouTube video player\" src=\"https:\/\/www.youtube.com\/embed\/0BMif23Po-4?si=EJwgAV-cY3qyTXeZ\" width=\"560\" height=\"315\" frameborder=\"0\" allowfullscreen=\"allowfullscreen\" data-mce-fragment=\"1\"><\/iframe><\/div>\n<\/div>\n<\/article>\n","protected":false},"excerpt":{"rendered":"<p>Son d\u00f6vrd\u0259 \u0130randa m\u0259skunla\u015fm\u0131\u015f \u0259fqan m\u00fchacirl\u0259r m\u0259s\u0259l\u0259si \u00f6lk\u0259 g\u00fcnd\u0259minin \u0259sas m\u00f6vzular\u0131ndan birin\u0259 \u00e7evrilib. M\u00f6vzunun yenid\u0259n aktualla\u015fmas\u0131 \u0259fqanlar\u0131n \u0259sas\u0259n qeyri-qanuni yollarla \u0130rana k\u00fctl\u0259vi ax\u0131n\u0131 bar\u0259d\u0259 m\u0259lumat v\u0259 g\u00f6r\u00fcnt\u00fcl\u0259rin yay\u0131lmas\u0131 il\u0259 ba\u011fl\u0131 olub. \u018ffqan\u0131standak\u0131 Taliban h\u00f6kum\u0259ti il\u0259 \u0130ran\u0131n m\u00fcnasib\u0259tl\u0259rinin he\u00e7 d\u0259 hamar olmamas\u0131 v\u0259 h\u0259min m\u00fcnasib\u0259tl\u0259rd\u0259 vaxta\u015f\u0131r\u0131 g\u0259rginlik ya\u015fanmas\u0131 kontekstind\u0259 bu proses c\u0259miyy\u0259td\u0259 ciddi narahatl\u0131q do\u011furub. Bunun arxas\u0131nda hans\u0131sa gizli niyy\u0259tl\u0259rin, h\u0259tta \u0130ran\u0131 i\u015f\u011fal etm\u0259k plan\u0131n\u0131n m\u00f6vcudlu\u011fu bar\u0259d\u0259 m\u00fclahiz\u0259l\u0259r\u0259 yol a\u00e7\u0131l\u0131b. H\u0259l\u0259 bu ilin yay\u0131nda \u0130ran prezidentinin \u018ffqan\u0131stan \u00fczr\u0259 x\u00fcsusi n\u00fcmay\u0259nd\u0259si H\u0259s\u0259n Kaz\u0131mi Qumi BMT Ba\u015f katibinin \u018ffqan\u0131stan m\u0259s\u0259l\u0259l\u0259ri \u00fczr\u0259 k\u00f6m\u0259k\u00e7isi il\u0259&hellip;<\/p>\n","protected":false},"author":2,"featured_media":640991,"comment_status":"closed","ping_status":"closed","sticky":false,"template":"","format":"standard","meta":{"om_disable_all_campaigns":false,"_monsterinsights_skip_tracking":false,"_monsterinsights_sitenote_active":false,"_monsterinsights_sitenote_note":"","_monsterinsights_sitenote_category":0},"categories":[7],"tags":[],"aioseo_notices":[],"gutentor_comment":0,"rttpg_featured_image_url":{"full":["https:\/\/arantv.az\/wp-content\/uploads\/2023\/10\/Screenshot-2023-10-03-190359.jpg",620,413,false],"landscape":["https:\/\/arantv.az\/wp-content\/uploads\/2023\/10\/Screenshot-2023-10-03-190359.jpg",620,413,false],"portraits":["https:\/\/arantv.az\/wp-content\/uploads\/2023\/10\/Screenshot-2023-10-03-190359.jpg",620,413,false],"thumbnail":["https:\/\/arantv.az\/wp-content\/uploads\/2023\/10\/Screenshot-2023-10-03-190359-500x280.jpg",500,280,true],"medium":["https:\/\/arantv.az\/wp-content\/uploads\/2023\/10\/Screenshot-2023-10-03-190359-548x365.jpg",548,365,true],"large":["https:\/\/arantv.az\/wp-content\/uploads\/2023\/10\/Screenshot-2023-10-03-190359.jpg",620,413,false],"1536x1536":["https:\/\/arantv.az\/wp-content\/uploads\/2023\/10\/Screenshot-2023-10-03-190359.jpg",620,413,false],"2048x2048":["https:\/\/arantv.az\/wp-content\/uploads\/2023\/10\/Screenshot-2023-10-03-190359.jpg",620,413,false],"post-thumbnail":["https:\/\/arantv.az\/wp-content\/uploads\/2023\/10\/Screenshot-2023-10-03-190359-240x172.jpg",240,172,true],"advps-thumb-one":["https:\/\/arantv.az\/wp-content\/uploads\/2023\/10\/Screenshot-2023-10-03-190359.jpg",620,413,false]},"rttpg_author":{"display_name":"V\u00fcsal Rafiqo\u011flu","author_link":"https:\/\/arantv.az\/?author=2"},"rttpg_comment":0,"rttpg_category":"<a href=\"https:\/\/arantv.az\/?cat=7\" rel=\"category\">D\u00fcnya<\/a>","rttpg_excerpt":"Son d\u00f6vrd\u0259 \u0130randa m\u0259skunla\u015fm\u0131\u015f \u0259fqan m\u00fchacirl\u0259r m\u0259s\u0259l\u0259si \u00f6lk\u0259 g\u00fcnd\u0259minin \u0259sas m\u00f6vzular\u0131ndan birin\u0259 \u00e7evrilib. M\u00f6vzunun yenid\u0259n aktualla\u015fmas\u0131 \u0259fqanlar\u0131n \u0259sas\u0259n qeyri-qanuni yollarla \u0130rana k\u00fctl\u0259vi ax\u0131n\u0131 bar\u0259d\u0259 m\u0259lumat v\u0259 g\u00f6r\u00fcnt\u00fcl\u0259rin yay\u0131lmas\u0131 il\u0259 ba\u011fl\u0131 olub. \u018ffqan\u0131standak\u0131 Taliban h\u00f6kum\u0259ti il\u0259 \u0130ran\u0131n m\u00fcnasib\u0259tl\u0259rinin he\u00e7 d\u0259 hamar olmamas\u0131 v\u0259 h\u0259min m\u00fcnasib\u0259tl\u0259rd\u0259 vaxta\u015f\u0131r\u0131 g\u0259rginlik ya\u015fanmas\u0131 kontekstind\u0259 bu proses c\u0259miyy\u0259td\u0259 ciddi narahatl\u0131q do\u011furub. Bunun&hellip;","_links":{"self":[{"href":"https:\/\/arantv.az\/index.php?rest_route=\/wp\/v2\/posts\/640988"}],"collection":[{"href":"https:\/\/arantv.az\/index.php?rest_route=\/wp\/v2\/posts"}],"about":[{"href":"https:\/\/arantv.az\/index.php?rest_route=\/wp\/v2\/types\/post"}],"author":[{"embeddable":true,"href":"https:\/\/arantv.az\/index.php?rest_route=\/wp\/v2\/users\/2"}],"replies":[{"embeddable":true,"href":"https:\/\/arantv.az\/index.php?rest_route=%2Fwp%2Fv2%2Fcomments&post=640988"}],"version-history":[{"count":0,"href":"https:\/\/arantv.az\/index.php?rest_route=\/wp\/v2\/posts\/640988\/revisions"}],"wp:featuredmedia":[{"embeddable":true,"href":"https:\/\/arantv.az\/index.php?rest_route=\/wp\/v2\/media\/640991"}],"wp:attachment":[{"href":"https:\/\/arantv.az\/index.php?rest_route=%2Fwp%2Fv2%2Fmedia&parent=640988"}],"wp:term":[{"taxonomy":"category","embeddable":true,"href":"https:\/\/arantv.az\/index.php?rest_route=%2Fwp%2Fv2%2Fcategories&post=640988"},{"taxonomy":"post_tag","embeddable":true,"href":"https:\/\/arantv.az\/index.php?rest_route=%2Fwp%2Fv2%2Ftags&post=640988"}],"curies":[{"name":"wp","href":"https:\/\/api.w.org\/{rel}","templated":true}]}}