{"id":640994,"date":"2023-10-03T21:23:24","date_gmt":"2023-10-03T17:23:24","guid":{"rendered":"https:\/\/arantv.az\/?p=640994"},"modified":"2023-10-03T21:23:24","modified_gmt":"2023-10-03T17:23:24","slug":"haber-global-qarabagda-separatcilardan-t%c9%99mizl%c9%99n%c9%99n-h%c9%99rbi-movqel%c9%99ri-ilk-d%c9%99f%c9%99-numayis-etdirdi-video","status":"publish","type":"post","link":"https:\/\/arantv.az\/?p=640994","title":{"rendered":"\u201cHaber Global\u201d Qaraba\u011fda separat\u00e7\u0131lardan t\u0259mizl\u0259n\u0259n h\u0259rbi m\u00f6vqel\u0259ri ilk d\u0259f\u0259 n\u00fcmayi\u015f etdirdi &#8211; V\u0130DEO"},"content":{"rendered":"<p>T\u00fcrkiy\u0259nin \u201cHaber Global\u201d telekanal\u0131 Qaraba\u011fdan silsil\u0259 s\u00fcjetl\u0259rini davam etdirir.<\/p>\n<p>Bu d\u0259f\u0259 telekanal\u0131n efirind\u0259 lokal antiterror \u0259m\u0259liyyat\u0131 n\u0259tic\u0259sind\u0259 separat\u00e7\u0131lardan t\u0259mizl\u0259n\u0259n h\u0259rbi m\u00f6vqel\u0259r ilk d\u0259f\u0259 n\u00fcmayi\u015f olunub.<\/p>\n<p>\u201cHaber Global\u201d\u0131n b\u00f6lg\u0259y\u0259 ezam olunmu\u015f \u0259m\u0259kda\u015flar\u0131 Murat Karata\u015f v\u0259 \u00dcnsal \u00c7ak\u0131n izl\u0259yicil\u0259ri qanunsuz erm\u0259ni h\u0259rbi d\u0259st\u0259l\u0259rinin gizl\u0259ndiyi h\u0259rbi obyektd\u0259ki cari v\u0259ziyy\u0259tl\u0259 yax\u0131ndan tan\u0131\u015f edibl\u0259r.<\/p>\n<p>Bildirilib ki, separat\u00e7\u0131lar Az\u0259rbaycan \u0259sg\u0259ri qar\u015f\u0131s\u0131nda silahlar\u0131n\u0131 ataraq m\u00f6vqel\u0259rind\u0259n qa\u00e7\u0131blar.<\/p>\n<p>Daha \u0259trafl\u0131 \u201cHaber Global\u201d\u0131n videomaterial\u0131nda:<\/p>\n<div><iframe loading=\"lazy\" title=\"YouTube video player\" src=\"https:\/\/www.youtube.com\/embed\/KKEH63s8GtQ?si=T4rhF6wdvcJW8QUS\" width=\"560\" height=\"315\" frameborder=\"0\" allowfullscreen=\"allowfullscreen\" data-mce-fragment=\"1\"><\/iframe><\/div>\n<p>&nbsp;<\/p>\n","protected":false},"excerpt":{"rendered":"<p>T\u00fcrkiy\u0259nin \u201cHaber Global\u201d telekanal\u0131 Qaraba\u011fdan silsil\u0259 s\u00fcjetl\u0259rini davam etdirir. Bu d\u0259f\u0259 telekanal\u0131n efirind\u0259 lokal antiterror \u0259m\u0259liyyat\u0131 n\u0259tic\u0259sind\u0259 separat\u00e7\u0131lardan t\u0259mizl\u0259n\u0259n h\u0259rbi m\u00f6vqel\u0259r ilk d\u0259f\u0259 n\u00fcmayi\u015f olunub. \u201cHaber Global\u201d\u0131n b\u00f6lg\u0259y\u0259 ezam olunmu\u015f \u0259m\u0259kda\u015flar\u0131 Murat Karata\u015f v\u0259 \u00dcnsal \u00c7ak\u0131n izl\u0259yicil\u0259ri qanunsuz erm\u0259ni h\u0259rbi d\u0259st\u0259l\u0259rinin gizl\u0259ndiyi h\u0259rbi obyektd\u0259ki cari v\u0259ziyy\u0259tl\u0259 yax\u0131ndan tan\u0131\u015f edibl\u0259r. Bildirilib ki, separat\u00e7\u0131lar Az\u0259rbaycan \u0259sg\u0259ri qar\u015f\u0131s\u0131nda silahlar\u0131n\u0131 ataraq m\u00f6vqel\u0259rind\u0259n qa\u00e7\u0131blar. Daha \u0259trafl\u0131 \u201cHaber Global\u201d\u0131n videomaterial\u0131nda: &nbsp;<\/p>\n","protected":false},"author":2,"featured_media":640997,"comment_status":"closed","ping_status":"closed","sticky":false,"template":"","format":"standard","meta":{"om_disable_all_campaigns":false,"_monsterinsights_skip_tracking":false,"_monsterinsights_sitenote_active":false,"_monsterinsights_sitenote_note":"","_monsterinsights_sitenote_category":0},"categories":[4],"tags":[],"aioseo_notices":[],"gutentor_comment":0,"rttpg_featured_image_url":{"full":["https:\/\/arantv.az\/wp-content\/uploads\/2023\/10\/maxresdefault.jpg",620,413,false],"landscape":["https:\/\/arantv.az\/wp-content\/uploads\/2023\/10\/maxresdefault.jpg",620,413,false],"portraits":["https:\/\/arantv.az\/wp-content\/uploads\/2023\/10\/maxresdefault.jpg",620,413,false],"thumbnail":["https:\/\/arantv.az\/wp-content\/uploads\/2023\/10\/maxresdefault-500x280.jpg",500,280,true],"medium":["https:\/\/arantv.az\/wp-content\/uploads\/2023\/10\/maxresdefault-548x365.jpg",548,365,true],"large":["https:\/\/arantv.az\/wp-content\/uploads\/2023\/10\/maxresdefault.jpg",620,413,false],"1536x1536":["https:\/\/arantv.az\/wp-content\/uploads\/2023\/10\/maxresdefault.jpg",620,413,false],"2048x2048":["https:\/\/arantv.az\/wp-content\/uploads\/2023\/10\/maxresdefault.jpg",620,413,false],"post-thumbnail":["https:\/\/arantv.az\/wp-content\/uploads\/2023\/10\/maxresdefault-240x172.jpg",240,172,true],"advps-thumb-one":["https:\/\/arantv.az\/wp-content\/uploads\/2023\/10\/maxresdefault.jpg",620,413,false]},"rttpg_author":{"display_name":"V\u00fcsal Rafiqo\u011flu","author_link":"https:\/\/arantv.az\/?author=2"},"rttpg_comment":0,"rttpg_category":"<a href=\"https:\/\/arantv.az\/?cat=4\" rel=\"category\">Siyas\u0259t<\/a>","rttpg_excerpt":"T\u00fcrkiy\u0259nin \u201cHaber Global\u201d telekanal\u0131 Qaraba\u011fdan silsil\u0259 s\u00fcjetl\u0259rini davam etdirir. Bu d\u0259f\u0259 telekanal\u0131n efirind\u0259 lokal antiterror \u0259m\u0259liyyat\u0131 n\u0259tic\u0259sind\u0259 separat\u00e7\u0131lardan t\u0259mizl\u0259n\u0259n h\u0259rbi m\u00f6vqel\u0259r ilk d\u0259f\u0259 n\u00fcmayi\u015f olunub. \u201cHaber Global\u201d\u0131n b\u00f6lg\u0259y\u0259 ezam olunmu\u015f \u0259m\u0259kda\u015flar\u0131 Murat Karata\u015f v\u0259 \u00dcnsal \u00c7ak\u0131n izl\u0259yicil\u0259ri qanunsuz erm\u0259ni h\u0259rbi d\u0259st\u0259l\u0259rinin gizl\u0259ndiyi h\u0259rbi obyektd\u0259ki cari v\u0259ziyy\u0259tl\u0259 yax\u0131ndan tan\u0131\u015f edibl\u0259r. Bildirilib ki, separat\u00e7\u0131lar Az\u0259rbaycan \u0259sg\u0259ri qar\u015f\u0131s\u0131nda&hellip;","_links":{"self":[{"href":"https:\/\/arantv.az\/index.php?rest_route=\/wp\/v2\/posts\/640994"}],"collection":[{"href":"https:\/\/arantv.az\/index.php?rest_route=\/wp\/v2\/posts"}],"about":[{"href":"https:\/\/arantv.az\/index.php?rest_route=\/wp\/v2\/types\/post"}],"author":[{"embeddable":true,"href":"https:\/\/arantv.az\/index.php?rest_route=\/wp\/v2\/users\/2"}],"replies":[{"embeddable":true,"href":"https:\/\/arantv.az\/index.php?rest_route=%2Fwp%2Fv2%2Fcomments&post=640994"}],"version-history":[{"count":0,"href":"https:\/\/arantv.az\/index.php?rest_route=\/wp\/v2\/posts\/640994\/revisions"}],"wp:featuredmedia":[{"embeddable":true,"href":"https:\/\/arantv.az\/index.php?rest_route=\/wp\/v2\/media\/640997"}],"wp:attachment":[{"href":"https:\/\/arantv.az\/index.php?rest_route=%2Fwp%2Fv2%2Fmedia&parent=640994"}],"wp:term":[{"taxonomy":"category","embeddable":true,"href":"https:\/\/arantv.az\/index.php?rest_route=%2Fwp%2Fv2%2Fcategories&post=640994"},{"taxonomy":"post_tag","embeddable":true,"href":"https:\/\/arantv.az\/index.php?rest_route=%2Fwp%2Fv2%2Ftags&post=640994"}],"curies":[{"name":"wp","href":"https:\/\/api.w.org\/{rel}","templated":true}]}}