{"id":641000,"date":"2023-10-03T21:25:56","date_gmt":"2023-10-03T17:25:56","guid":{"rendered":"https:\/\/arantv.az\/?p=641000"},"modified":"2023-10-03T21:25:56","modified_gmt":"2023-10-03T17:25:56","slug":"gunun-fotosu-dord-dost-dord-yoldasiq-biz","status":"publish","type":"post","link":"https:\/\/arantv.az\/?p=641000","title":{"rendered":"G\u00fcn\u00fcn fotosu: \u201cD\u00f6rd dost, d\u00f6rd yolda\u015f\u0131q biz\u201d"},"content":{"rendered":"<p><strong>Bu \u015f\u0259kil Bak\u0131da \u00e7\u0259kilm\u0259yib, be\u015f-alt\u0131 ay, b\u0259lk\u0259 d\u0259 bir-iki il \u00f6nc\u0259 Xank\u0259ndid\u0259 \u00e7\u0259kilib.<\/strong><\/p>\n<p>Amma bu g\u00fcn bu adamlar\u0131n d\u00f6rd\u00fc d\u0259 &#8211; Araik Aurtunyan da, Bako Saakyan da, Arkadi Qukasyan da, David \u0130\u015fxanyan da Bak\u0131dad\u0131r.<\/p>\n<p>Onlar Bak\u0131ya qonaq g\u0259lm\u0259yibl\u0259r, onlar Bak\u0131ya qolu ba\u011fl\u0131 g\u0259tirilibl\u0259r.<\/p>\n<p>Ke\u00e7mi\u015f vaxtlarda bel\u0259 adamlar\u0131 yaxalayar, paytaxta aparar v\u0259 edam ed\u0259rdil\u0259r. \u0130ndi el\u0259 olmayacaq, amma onlar\u0131 m\u00fchakim\u0259 ed\u0259c\u0259kl\u0259r.<\/p>\n<p>G\u00fcnahlar\u0131 b\u00f6y\u00fckd\u00fcr bu adamlar\u0131n. \u00c7oxlu adam \u00f6ld\u00fcrd\u00fcbl\u0259r, i\u015fg\u0259nc\u0259y\u0259 m\u0259ruz qoyublar, abad bir mahal\u0131 darmada\u011f\u0131n edibl\u0259r.<\/p>\n<p>Bu g\u00fcn onlar\u0131n r\u0259hb\u0259rlik etdiyi \u201cd\u00f6vl\u0259t\u201din nec\u0259 oyuncaq, \u00f6zl\u0259rinin marionet oldu\u011fu bir daha t\u0259sdiql\u0259ndi.<\/p>\n<p>Onlar araba k\u00f6lg\u0259sini \u00f6z k\u00f6lg\u0259l\u0259ri hesab ed\u0259r\u0259k \u00fcst\u00fcm\u00fcz\u0259 \u00e7ox di\u015f q\u0131cam\u0131\u015fd\u0131lar, \u00e7ox h\u0259rz\u0259-h\u0259dyan dan\u0131\u015fm\u0131\u015fd\u0131lar.<\/p>\n<p><img loading=\"lazy\" src=\"https:\/\/cdn.musavat.com\/news\/thumbnails\/e76d5498e0c0004f712d92fac5aa2f82.jpg\" alt=\"c47152b6-07d6-4ea4-a95c-d9ce88dc7ea4.jpg (66 KB)\" width=\"750\" height=\"501\" \/><\/p>\n<p>Dov\u015fan\u0131 araba il\u0259 tutan d\u00f6vl\u0259t arabas\u0131n\u0131 3 metr o t\u0259r\u0259f\u0259 \u00e7\u0259k\u0259n kimi bunlar\u0131n n\u0259 q\u0259d\u0259r c\u0131l\u0131z, g\u00fccs\u00fcz oldu\u011fu ortaya \u00e7\u0131xd\u0131.<\/p>\n<p>Bunlar\u0131n yaxalanmas\u0131, h\u0259rbi canil\u0259r kimi m\u00fchakim\u0259 olunmas\u0131 perspektivi n\u0259 q\u0259d\u0259r adam\u0131n \u00fcr\u0259yind\u0259n tikan \u00e7\u0131xarsa da, yen\u0259 d\u0259 o tikanlar\u0131n yeri qalacaq. B\u0259s bu yaramazlar\u0131n fitvas\u0131na qurban ged\u0259n minl\u0259rl\u0259 cavan geri g\u0259l\u0259c\u0259kmi? \u018fsas m\u0259s\u0259l\u0259 budur.<\/p>\n<p>Bu \u015f\u0259xsl\u0259rin cinay\u0259ti \u00e7ox b\u00f6y\u00fckd\u00fcr. Bunlar bizim t\u0259kc\u0259 qan d\u00fc\u015fm\u0259nl\u0259rimiz deyil, eyni zamanda irz-namus d\u00fc\u015fm\u0259nl\u0259rimizdir.<\/p>\n<p>Bu \u015f\u0259kill\u0259rin birind\u0259 onlar hans\u0131sa t\u0259nt\u0259n\u0259li m\u0259rasimd\u0259 yana\u015f\u0131 durublar, o birisind\u0259 is\u0259 mat\u0259m m\u0259rasimind\u0259dirl\u0259r. Allah qoymasa, d\u00fcnyaya demokratiya, \u201chakimiyy\u0259tin dinc \u00f6t\u00fcr\u00fclm\u0259si\u201d, \u201cke\u00e7mi\u015f prezidentl\u0259r\u0259 say\u011f\u0131\u201d g\u00f6st\u0259risi t\u0259\u015fkil edirl\u0259r.<\/p>\n<p>M\u0259hk\u0259m\u0259d\u0259 d\u0259 bel\u0259c\u0259, boy-boya duracaqlar. G\u00f6r\u0259k \u00f6zl\u0259rini orda nec\u0259 aparacaqlar.<\/p>\n","protected":false},"excerpt":{"rendered":"<p>Bu \u015f\u0259kil Bak\u0131da \u00e7\u0259kilm\u0259yib, be\u015f-alt\u0131 ay, b\u0259lk\u0259 d\u0259 bir-iki il \u00f6nc\u0259 Xank\u0259ndid\u0259 \u00e7\u0259kilib. Amma bu g\u00fcn bu adamlar\u0131n d\u00f6rd\u00fc d\u0259 &#8211; Araik Aurtunyan da, Bako Saakyan da, Arkadi Qukasyan da, David \u0130\u015fxanyan da Bak\u0131dad\u0131r. Onlar Bak\u0131ya qonaq g\u0259lm\u0259yibl\u0259r, onlar Bak\u0131ya qolu ba\u011fl\u0131 g\u0259tirilibl\u0259r. Ke\u00e7mi\u015f vaxtlarda bel\u0259 adamlar\u0131 yaxalayar, paytaxta aparar v\u0259 edam ed\u0259rdil\u0259r. \u0130ndi el\u0259 olmayacaq, amma onlar\u0131 m\u00fchakim\u0259 ed\u0259c\u0259kl\u0259r. G\u00fcnahlar\u0131 b\u00f6y\u00fckd\u00fcr bu adamlar\u0131n. \u00c7oxlu adam \u00f6ld\u00fcrd\u00fcbl\u0259r, i\u015fg\u0259nc\u0259y\u0259 m\u0259ruz qoyublar, abad bir mahal\u0131 darmada\u011f\u0131n edibl\u0259r. Bu g\u00fcn onlar\u0131n r\u0259hb\u0259rlik etdiyi \u201cd\u00f6vl\u0259t\u201din nec\u0259 oyuncaq, \u00f6zl\u0259rinin marionet oldu\u011fu bir daha t\u0259sdiql\u0259ndi. Onlar&hellip;<\/p>\n","protected":false},"author":2,"featured_media":641001,"comment_status":"closed","ping_status":"closed","sticky":false,"template":"","format":"standard","meta":{"om_disable_all_campaigns":false,"_monsterinsights_skip_tracking":false,"_monsterinsights_sitenote_active":false,"_monsterinsights_sitenote_note":"","_monsterinsights_sitenote_category":0},"categories":[19],"tags":[],"aioseo_notices":[],"gutentor_comment":0,"rttpg_featured_image_url":{"full":["https:\/\/arantv.az\/wp-content\/uploads\/2023\/10\/23f8281fecda0287bf6422742548b017.jpg",720,441,false],"landscape":["https:\/\/arantv.az\/wp-content\/uploads\/2023\/10\/23f8281fecda0287bf6422742548b017.jpg",720,441,false],"portraits":["https:\/\/arantv.az\/wp-content\/uploads\/2023\/10\/23f8281fecda0287bf6422742548b017.jpg",720,441,false],"thumbnail":["https:\/\/arantv.az\/wp-content\/uploads\/2023\/10\/23f8281fecda0287bf6422742548b017-500x280.jpg",500,280,true],"medium":["https:\/\/arantv.az\/wp-content\/uploads\/2023\/10\/23f8281fecda0287bf6422742548b017-596x365.jpg",596,365,true],"large":["https:\/\/arantv.az\/wp-content\/uploads\/2023\/10\/23f8281fecda0287bf6422742548b017.jpg",640,392,false],"1536x1536":["https:\/\/arantv.az\/wp-content\/uploads\/2023\/10\/23f8281fecda0287bf6422742548b017.jpg",720,441,false],"2048x2048":["https:\/\/arantv.az\/wp-content\/uploads\/2023\/10\/23f8281fecda0287bf6422742548b017.jpg",720,441,false],"post-thumbnail":["https:\/\/arantv.az\/wp-content\/uploads\/2023\/10\/23f8281fecda0287bf6422742548b017-240x172.jpg",240,172,true],"advps-thumb-one":["https:\/\/arantv.az\/wp-content\/uploads\/2023\/10\/23f8281fecda0287bf6422742548b017.jpg",720,441,false]},"rttpg_author":{"display_name":"V\u00fcsal Rafiqo\u011flu","author_link":"https:\/\/arantv.az\/?author=2"},"rttpg_comment":0,"rttpg_category":"<a href=\"https:\/\/arantv.az\/?cat=19\" rel=\"category\">G\u00fcnd\u0259m<\/a>","rttpg_excerpt":"Bu \u015f\u0259kil Bak\u0131da \u00e7\u0259kilm\u0259yib, be\u015f-alt\u0131 ay, b\u0259lk\u0259 d\u0259 bir-iki il \u00f6nc\u0259 Xank\u0259ndid\u0259 \u00e7\u0259kilib. Amma bu g\u00fcn bu adamlar\u0131n d\u00f6rd\u00fc d\u0259 &#8211; Araik Aurtunyan da, Bako Saakyan da, Arkadi Qukasyan da, David \u0130\u015fxanyan da Bak\u0131dad\u0131r. Onlar Bak\u0131ya qonaq g\u0259lm\u0259yibl\u0259r, onlar Bak\u0131ya qolu ba\u011fl\u0131 g\u0259tirilibl\u0259r. Ke\u00e7mi\u015f vaxtlarda bel\u0259 adamlar\u0131 yaxalayar, paytaxta aparar v\u0259 edam ed\u0259rdil\u0259r. \u0130ndi el\u0259&hellip;","_links":{"self":[{"href":"https:\/\/arantv.az\/index.php?rest_route=\/wp\/v2\/posts\/641000"}],"collection":[{"href":"https:\/\/arantv.az\/index.php?rest_route=\/wp\/v2\/posts"}],"about":[{"href":"https:\/\/arantv.az\/index.php?rest_route=\/wp\/v2\/types\/post"}],"author":[{"embeddable":true,"href":"https:\/\/arantv.az\/index.php?rest_route=\/wp\/v2\/users\/2"}],"replies":[{"embeddable":true,"href":"https:\/\/arantv.az\/index.php?rest_route=%2Fwp%2Fv2%2Fcomments&post=641000"}],"version-history":[{"count":0,"href":"https:\/\/arantv.az\/index.php?rest_route=\/wp\/v2\/posts\/641000\/revisions"}],"wp:featuredmedia":[{"embeddable":true,"href":"https:\/\/arantv.az\/index.php?rest_route=\/wp\/v2\/media\/641001"}],"wp:attachment":[{"href":"https:\/\/arantv.az\/index.php?rest_route=%2Fwp%2Fv2%2Fmedia&parent=641000"}],"wp:term":[{"taxonomy":"category","embeddable":true,"href":"https:\/\/arantv.az\/index.php?rest_route=%2Fwp%2Fv2%2Fcategories&post=641000"},{"taxonomy":"post_tag","embeddable":true,"href":"https:\/\/arantv.az\/index.php?rest_route=%2Fwp%2Fv2%2Ftags&post=641000"}],"curies":[{"name":"wp","href":"https:\/\/api.w.org\/{rel}","templated":true}]}}