{"id":641003,"date":"2023-10-03T22:52:31","date_gmt":"2023-10-03T18:52:31","guid":{"rendered":"https:\/\/arantv.az\/?p=641003"},"modified":"2023-10-03T22:52:31","modified_gmt":"2023-10-03T18:52:31","slug":"q%c9%99rbi-az%c9%99rbaycan-xronikasi-erm%c9%99nil%c9%99rin-etnik-t%c9%99mizl%c9%99m%c9%99-%c9%99m%c9%99ll%c9%99rinin-etirafi-video","status":"publish","type":"post","link":"https:\/\/arantv.az\/?p=641003","title":{"rendered":"Q\u0259rbi Az\u0259rbaycan Xronikas\u0131: Erm\u0259nil\u0259rin etnik t\u0259mizl\u0259m\u0259 \u0259m\u0259ll\u0259rinin etiraf\u0131 &#8211; V\u0130DEO"},"content":{"rendered":"<article class=\"news\">\n<div class=\"news-inner\">\n<p>Q\u0259rbi Az\u0259rbaycan Xronikas\u0131 layih\u0259si \u00e7\u0259r\u00e7iv\u0259sind\u0259 s\u0259n\u0259t\u015f\u00fcnasl\u0131q \u00fczr\u0259 f\u0259ls\u0259f\u0259 doktoru El\u00e7in \u018flib\u0259ylinin t\u0259qdimat\u0131nda \u201cG\u0259nc q\u0131z saxta erm\u0259ni tarixini biab\u0131r etdi\u201d adl\u0131 verili\u015f efir\u0259 gedib.<\/p>\n<p>Verili\u015fd\u0259 g\u0259nc erm\u0259ni ara\u015fd\u0131rma\u00e7\u0131 Ani Hakopyan\u0131n Erm\u0259nistanda az\u0259rbaycanl\u0131lar\u0131n tarixi haqq\u0131nda yazd\u0131\u011f\u0131 m\u0259qal\u0259sind\u0259 obyektiv olma\u011fa \u00e7al\u0131\u015fmas\u0131na, 1441-ci ild\u0259 \u00dc\u00e7kils\u0259y\u0259 s\u0131\u011f\u0131nan, t\u0259dric\u0259n erm\u0259ni mill\u0259t\u00e7iliyi v\u0259 \u015fovinizminin m\u0259rk\u0259zi olan Katolikoslar\u0131n uydurdu\u011fu, na\u011f\u0131l\u00e7\u0131 tarix\u00e7il\u0259rin yalanlar\u0131 il\u0259 deyil, ger\u00e7\u0259yi \u00e7atd\u0131rmaq ist\u0259yin\u0259 yer verilir.<\/p>\n<p>Qeyd olunur ki, 1441-ci ild\u0259, xa\u00e7 y\u00fcr\u00fc\u015fl\u0259rin\u0259 d\u0259st\u0259k vermi\u015f erm\u0259ni kils\u0259si \u00f6z varl\u0131\u011f\u0131n\u0131 II Muraddan qorumaq \u00fc\u00e7\u00fcn Qaraqoyunlu d\u00f6vl\u0259tinin hakiminin &#8211; Cahan \u015fah\u0131n qanad\u0131n\u0131n alt\u0131na s\u0131\u011f\u0131n\u0131r. Erm\u0259ni kils\u0259 m\u0259rk\u0259zini\u00a0Qafqaza k\u00f6\u00e7\u00fcrm\u0259k \u00fc\u00e7\u00fcn b\u00fct\u00fcn imkanlardan istifad\u0259 ed\u0259r\u0259k (1436-1467) Cahan \u015fahdan icaz\u0259 alma\u011fa m\u00fcy\u0259ss\u0259r olur.<\/p>\n<p>Ara\u015fd\u0131rma\u00e7\u0131 az\u0259rbaycanl\u0131lara qar\u015f\u0131 Erm\u0259nistanda t\u00f6r\u0259dil\u0259nl\u0259ri q\u0259l\u0259m\u0259 alsa da, saxta erm\u0259ni tarix\u00e7il\u0259rinin qurban\u0131 kimi uydurma tarixi d\u0259 t\u0259qdim edir, XIX \u0259srd\u0259n ba\u015flayan erm\u0259ni mill\u0259t\u00e7iliyi praktik f\u0259aliyy\u0259ti il\u0259 Q\u0259rbi Az\u0259rbaycanda o\u011fuz t\u00fcrkl\u0259rinin say\u0131n\u0131n azalmas\u0131n\u0131, tarixi ger\u00e7\u0259kliyi s\u0259mimiyy\u0259ti il\u0259 etiraf edir:<\/p>\n<p>\u201cQaraba\u011f m\u00fcnaqi\u015f\u0259sin\u0259 q\u0259d\u0259r Erm\u0259nistan \u0259razisind\u0259 \u00e7ox sayda az\u0259rbaycanl\u0131 ya\u015fay\u0131rd\u0131. Qaraba\u011f m\u00fcharib\u0259sind\u0259n sonra yaranm\u0131\u015f g\u0259rgin Erm\u0259nistan-Az\u0259rbaycan v\u0259ziyy\u0259ti n\u0259tic\u0259sind\u0259 az\u0259rbaycanl\u0131 icmas\u0131 Erm\u0259nistan \u0259razisini t\u0259rk edib. XIX \u0259srin \u0259vv\u0259ll\u0259rind\u0259 az\u0259rbaycanl\u0131lar v\u0259 tatarlar Erm\u0259nistan \u0259halisinin \u0259h\u0259miyy\u0259tli hiss\u0259sini t\u0259\u015fkil edirdil\u0259r. XX \u0259srd\u0259 Erm\u0259nistanda tarix boyu ya\u015fayan az\u0259rbaycanl\u0131lar ayr\u0131-se\u00e7kiliy\u0259 m\u0259ruz qalma\u011fa ba\u015flad\u0131lar\u201d.<\/p>\n<p>Verili\u015fd\u0259 diqq\u0259t\u0259 \u00e7atd\u0131r\u0131l\u0131r ki, bu, ifad\u0259l\u0259r \u0259slind\u0259 yalan dastanlar dan\u0131\u015fan tarix m\u00fc\u0259lliml\u0259rin\u0259 v\u0259 tarix\u00e7il\u0259r\u0259 bir erm\u0259ni q\u0131z\u0131n\u0131n vurdu\u011fu solaxay \u015fill\u0259dir.<\/p>\n<p>Sonda vur\u011fulan\u0131r ki, erm\u0259ni x\u0259st\u0259liyind\u0259n, fa\u015fist ideologiyadan qurtulmaq yolu il\u0259 yaln\u0131z Ani\u00a0 Hakopyan kimi g\u0259ncl\u0259r insan kimi ya\u015faya bil\u0259rl\u0259r\u201d.<\/p>\n<p>Xat\u0131rladaq ki, Q\u0259rbi Az\u0259rbaycan Xronikas\u0131 layih\u0259sinin m\u0259qs\u0259di tarixi torpaqlar\u0131m\u0131z\u0131n ad\u0131n\u0131n ya\u015fad\u0131lmas\u0131, tan\u0131d\u0131lmas\u0131, h\u0259m\u00e7inin az\u0259rbaycanl\u0131lar\u0131n erm\u0259nil\u0259r t\u0259r\u0259find\u0259n deportasiyaya m\u0259ruz qoyulmas\u0131ndan, h\u0259min \u0259razil\u0259rd\u0259 m\u00f6vcud olmu\u015f, lakin ad\u0131 silin\u0259n toponiml\u0259rin, says\u0131z-hesabs\u0131z yeralt\u0131 v\u0259 yer\u00fcst\u00fc maddi m\u0259d\u0259niyy\u0259t n\u00fcmun\u0259l\u0259ri \u2013 q\u0259dim ya\u015fay\u0131\u015f m\u0259sk\u0259nl\u0259ri, nekropollar, kurqanlar, qala, saray v\u0259 istehkam qal\u0131qlar\u0131, karvansaralar, k\u00f6rp\u00fcl\u0259r, q\u0259bir\u00fcst\u00fc s\u0259nduq\u0259l\u0259r, xa\u00e7da\u015flar, at-qo\u00e7 heyk\u0259ll\u0259ri, m\u0259b\u0259d, kils\u0259, m\u0259scid, pir v\u0259 ocaqlar\u0131n \u00fcz\u0259 \u00e7\u0131xar\u0131lmas\u0131, h\u0259min \u0259razinin t\u0259miz o\u011fuz-t\u00fcrk m\u0259sk\u0259nl\u0259ri oldu\u011funu t\u0259sdiq ed\u0259n faktlar\u0131n d\u00fcnya ictimaiyy\u0259tin\u0259 \u00e7atd\u0131r\u0131lmas\u0131d\u0131r.<\/p>\n<p>H\u0259m\u00e7inin Prezident<strong>\u00a0\u0130lham \u018fliyevin<\/strong>\u00a0Q\u0259rbi Az\u0259rbaycanla ba\u011fl\u0131 dediyi \u201cXX \u0259srin \u0259vv\u0259ll\u0259rin\u0259 t\u0259sad\u00fcf ed\u0259n x\u0259rit\u0259 bir daha onu g\u00f6st\u0259rir ki, Q\u0259rbi Az\u0259rbaycan tarixi Az\u0259rbaycan diyar\u0131d\u0131r, \u015f\u0259h\u0259rl\u0259rin, k\u0259ndl\u0259rin adlar\u0131 Az\u0259rbaycan m\u0259n\u015f\u0259lidir v\u0259 biz yax\u015f\u0131 bilirik ki, indiki Erm\u0259nistan \u0259razisind\u0259 tarix boyu Az\u0259rbaycan xalq\u0131 ya\u015fay\u0131b. \u0130ndi \u0259sas v\u0259zif\u0259 ondan ibar\u0259tdir ki, d\u00fcnya ictimaiyy\u0259ti d\u0259 bunu bilsin\u201d, &#8211;\u00a0fikrini \u0259sas tutaraq, Q\u0259rbi Az\u0259rbaycan \u0130cmas\u0131n\u0131n haz\u0131rlad\u0131\u011f\u0131 Qay\u0131d\u0131\u015f Konsepsiyas\u0131ndan ir\u0259li g\u0259l\u0259n v\u0259zif\u0259l\u0259rin t\u0259bli\u011fidir.<\/p>\n<p>Bundan \u0259lav\u0259, Q\u0259rbi Az\u0259rbaycanla ba\u011fl\u0131 tarix\u00e7il\u0259rin, ara\u015fd\u0131rma\u00e7\u0131lar\u0131n d\u00fc\u015f\u00fcnc\u0259l\u0259rini, deportasiyaya m\u0259ruz qalm\u0131\u015f \u015f\u0259xsl\u0259rin h\u0259yat hekay\u0259sini i\u015f\u0131qland\u0131rmaqd\u0131r.<\/p>\n<p>\u018ftrafl\u0131 Baku TV-nin s\u00fcjetind\u0259:<\/p>\n<div><iframe loading=\"lazy\" title=\"YouTube video player\" src=\"https:\/\/www.youtube.com\/embed\/KbaXY9RitcA?si=MiDop5F6ddgxls2U\" width=\"560\" height=\"315\" frameborder=\"0\" allowfullscreen=\"allowfullscreen\" data-mce-fragment=\"1\"><\/iframe><\/div>\n<\/div>\n<\/article>\n","protected":false},"excerpt":{"rendered":"<p>Q\u0259rbi Az\u0259rbaycan Xronikas\u0131 layih\u0259si \u00e7\u0259r\u00e7iv\u0259sind\u0259 s\u0259n\u0259t\u015f\u00fcnasl\u0131q \u00fczr\u0259 f\u0259ls\u0259f\u0259 doktoru El\u00e7in \u018flib\u0259ylinin t\u0259qdimat\u0131nda \u201cG\u0259nc q\u0131z saxta erm\u0259ni tarixini biab\u0131r etdi\u201d adl\u0131 verili\u015f efir\u0259 gedib. Verili\u015fd\u0259 g\u0259nc erm\u0259ni ara\u015fd\u0131rma\u00e7\u0131 Ani Hakopyan\u0131n Erm\u0259nistanda az\u0259rbaycanl\u0131lar\u0131n tarixi haqq\u0131nda yazd\u0131\u011f\u0131 m\u0259qal\u0259sind\u0259 obyektiv olma\u011fa \u00e7al\u0131\u015fmas\u0131na, 1441-ci ild\u0259 \u00dc\u00e7kils\u0259y\u0259 s\u0131\u011f\u0131nan, t\u0259dric\u0259n erm\u0259ni mill\u0259t\u00e7iliyi v\u0259 \u015fovinizminin m\u0259rk\u0259zi olan Katolikoslar\u0131n uydurdu\u011fu, na\u011f\u0131l\u00e7\u0131 tarix\u00e7il\u0259rin yalanlar\u0131 il\u0259 deyil, ger\u00e7\u0259yi \u00e7atd\u0131rmaq ist\u0259yin\u0259 yer verilir. Qeyd olunur ki, 1441-ci ild\u0259, xa\u00e7 y\u00fcr\u00fc\u015fl\u0259rin\u0259 d\u0259st\u0259k vermi\u015f erm\u0259ni kils\u0259si \u00f6z varl\u0131\u011f\u0131n\u0131 II Muraddan qorumaq \u00fc\u00e7\u00fcn Qaraqoyunlu d\u00f6vl\u0259tinin hakiminin &#8211; Cahan \u015fah\u0131n qanad\u0131n\u0131n alt\u0131na s\u0131\u011f\u0131n\u0131r. Erm\u0259ni kils\u0259 m\u0259rk\u0259zini\u00a0Qafqaza&hellip;<\/p>\n","protected":false},"author":2,"featured_media":641005,"comment_status":"closed","ping_status":"closed","sticky":false,"template":"","format":"standard","meta":{"om_disable_all_campaigns":false,"_monsterinsights_skip_tracking":false,"_monsterinsights_sitenote_active":false,"_monsterinsights_sitenote_note":"","_monsterinsights_sitenote_category":0},"categories":[4],"tags":[],"aioseo_notices":[],"gutentor_comment":0,"rttpg_featured_image_url":{"full":["https:\/\/arantv.az\/wp-content\/uploads\/2023\/10\/380009665_225333623881803_4405415041329715589_n.jpg",620,413,false],"landscape":["https:\/\/arantv.az\/wp-content\/uploads\/2023\/10\/380009665_225333623881803_4405415041329715589_n.jpg",620,413,false],"portraits":["https:\/\/arantv.az\/wp-content\/uploads\/2023\/10\/380009665_225333623881803_4405415041329715589_n.jpg",620,413,false],"thumbnail":["https:\/\/arantv.az\/wp-content\/uploads\/2023\/10\/380009665_225333623881803_4405415041329715589_n-500x280.jpg",500,280,true],"medium":["https:\/\/arantv.az\/wp-content\/uploads\/2023\/10\/380009665_225333623881803_4405415041329715589_n-548x365.jpg",548,365,true],"large":["https:\/\/arantv.az\/wp-content\/uploads\/2023\/10\/380009665_225333623881803_4405415041329715589_n.jpg",620,413,false],"1536x1536":["https:\/\/arantv.az\/wp-content\/uploads\/2023\/10\/380009665_225333623881803_4405415041329715589_n.jpg",620,413,false],"2048x2048":["https:\/\/arantv.az\/wp-content\/uploads\/2023\/10\/380009665_225333623881803_4405415041329715589_n.jpg",620,413,false],"post-thumbnail":["https:\/\/arantv.az\/wp-content\/uploads\/2023\/10\/380009665_225333623881803_4405415041329715589_n-240x172.jpg",240,172,true],"advps-thumb-one":["https:\/\/arantv.az\/wp-content\/uploads\/2023\/10\/380009665_225333623881803_4405415041329715589_n.jpg",620,413,false]},"rttpg_author":{"display_name":"V\u00fcsal Rafiqo\u011flu","author_link":"https:\/\/arantv.az\/?author=2"},"rttpg_comment":0,"rttpg_category":"<a href=\"https:\/\/arantv.az\/?cat=4\" rel=\"category\">Siyas\u0259t<\/a>","rttpg_excerpt":"Q\u0259rbi Az\u0259rbaycan Xronikas\u0131 layih\u0259si \u00e7\u0259r\u00e7iv\u0259sind\u0259 s\u0259n\u0259t\u015f\u00fcnasl\u0131q \u00fczr\u0259 f\u0259ls\u0259f\u0259 doktoru El\u00e7in \u018flib\u0259ylinin t\u0259qdimat\u0131nda \u201cG\u0259nc q\u0131z saxta erm\u0259ni tarixini biab\u0131r etdi\u201d adl\u0131 verili\u015f efir\u0259 gedib. Verili\u015fd\u0259 g\u0259nc erm\u0259ni ara\u015fd\u0131rma\u00e7\u0131 Ani Hakopyan\u0131n Erm\u0259nistanda az\u0259rbaycanl\u0131lar\u0131n tarixi haqq\u0131nda yazd\u0131\u011f\u0131 m\u0259qal\u0259sind\u0259 obyektiv olma\u011fa \u00e7al\u0131\u015fmas\u0131na, 1441-ci ild\u0259 \u00dc\u00e7kils\u0259y\u0259 s\u0131\u011f\u0131nan, t\u0259dric\u0259n erm\u0259ni mill\u0259t\u00e7iliyi v\u0259 \u015fovinizminin m\u0259rk\u0259zi olan Katolikoslar\u0131n uydurdu\u011fu, na\u011f\u0131l\u00e7\u0131 tarix\u00e7il\u0259rin yalanlar\u0131 il\u0259&hellip;","_links":{"self":[{"href":"https:\/\/arantv.az\/index.php?rest_route=\/wp\/v2\/posts\/641003"}],"collection":[{"href":"https:\/\/arantv.az\/index.php?rest_route=\/wp\/v2\/posts"}],"about":[{"href":"https:\/\/arantv.az\/index.php?rest_route=\/wp\/v2\/types\/post"}],"author":[{"embeddable":true,"href":"https:\/\/arantv.az\/index.php?rest_route=\/wp\/v2\/users\/2"}],"replies":[{"embeddable":true,"href":"https:\/\/arantv.az\/index.php?rest_route=%2Fwp%2Fv2%2Fcomments&post=641003"}],"version-history":[{"count":0,"href":"https:\/\/arantv.az\/index.php?rest_route=\/wp\/v2\/posts\/641003\/revisions"}],"wp:featuredmedia":[{"embeddable":true,"href":"https:\/\/arantv.az\/index.php?rest_route=\/wp\/v2\/media\/641005"}],"wp:attachment":[{"href":"https:\/\/arantv.az\/index.php?rest_route=%2Fwp%2Fv2%2Fmedia&parent=641003"}],"wp:term":[{"taxonomy":"category","embeddable":true,"href":"https:\/\/arantv.az\/index.php?rest_route=%2Fwp%2Fv2%2Fcategories&post=641003"},{"taxonomy":"post_tag","embeddable":true,"href":"https:\/\/arantv.az\/index.php?rest_route=%2Fwp%2Fv2%2Ftags&post=641003"}],"curies":[{"name":"wp","href":"https:\/\/api.w.org\/{rel}","templated":true}]}}