{"id":641008,"date":"2023-10-03T22:53:48","date_gmt":"2023-10-03T18:53:48","guid":{"rendered":"https:\/\/arantv.az\/?p=641008"},"modified":"2023-10-03T22:53:48","modified_gmt":"2023-10-03T18:53:48","slug":"fransa-erm%c9%99nistani-silahlandirir","status":"publish","type":"post","link":"https:\/\/arantv.az\/?p=641008","title":{"rendered":"Fransa Erm\u0259nistan\u0131 silahland\u0131r\u0131r"},"content":{"rendered":"<p>Fransan\u0131n Erm\u0259nistan\u0131 silahland\u0131rmas\u0131 bug\u00fcn\u0259d\u0259k qism\u0259n qapal\u0131 \u015f\u0259kild\u0259 (m\u0259s\u0259l\u0259n, humanitar yard\u0131m ad\u0131 alt\u0131nda), qism\u0259n d\u0259 \u00fc\u00e7\u00fcnc\u00fc t\u0259r\u0259fin (m\u0259s\u0259l\u0259n, Hindistan\u0131n) vasit\u0259sil\u0259 h\u0259yata ke\u00e7irilirdis\u0259, art\u0131q bu proses r\u0259smi \u015f\u0259kil alacaq.<\/p>\n<p>Haz\u0131rda \u0130r\u0259vanda s\u0259f\u0259rd\u0259 olan Fransan\u0131n xarici i\u015fl\u0259r naziri Ketrin Kolonnan\u0131n m\u0259tbuat konfrans\u0131ndak\u0131 a\u00e7\u0131qlamalar\u0131 bunu dem\u0259y\u0259 \u0259sas verir.<\/p>\n<p>O, bildirib ki, Paris \u0130r\u0259vanla sonuncuya h\u0259rbi texnikan\u0131n verilm\u0259sini m\u00fcmk\u00fcn ed\u0259c\u0259k sazi\u015f imzalama\u011fa raz\u0131la\u015f\u0131b.<\/p>\n<p>\u201cBu bar\u0259d\u0259 h\u0259l\u0259 \u0259trafl\u0131 dan\u0131\u015fa bilm\u0259r\u0259m\u201d, &#8211;\u00a0Kolonna qeyd edib.<\/p>\n<p>Fransa xarici i\u015fl\u0259r naziri h\u0259m\u00e7inin b\u0259yan edib ki, o, Avropa diplomatiyas\u0131n\u0131n r\u0259hb\u0259ri Josep Borrel\u0259 \u200b\u200bAvropa \u0130ttifaq\u0131n\u0131n Erm\u0259nistandak\u0131 \u201cm\u00fclki\u201d missiyas\u0131n\u0131n geni\u015fl\u0259ndirilm\u0259si v\u0259 onun mandat\u0131n\u0131n g\u00fccl\u0259ndirilm\u0259si t\u0259klifi il\u0259 r\u0259smi m\u00fcraci\u0259t edib.<\/p>\n<p>Ketrin Kolonna Erm\u0259nistan\u0131n Moldovan\u0131n qo\u015fuldu\u011fu Avropa S\u00fclh Fonduna daxil edilm\u0259si t\u0259klifini d\u0259 ir\u0259li s\u00fcr\u00fcb.<\/p>\n<p>M\u0259nb\u0259: Sputnik<\/p>\n","protected":false},"excerpt":{"rendered":"<p>Fransan\u0131n Erm\u0259nistan\u0131 silahland\u0131rmas\u0131 bug\u00fcn\u0259d\u0259k qism\u0259n qapal\u0131 \u015f\u0259kild\u0259 (m\u0259s\u0259l\u0259n, humanitar yard\u0131m ad\u0131 alt\u0131nda), qism\u0259n d\u0259 \u00fc\u00e7\u00fcnc\u00fc t\u0259r\u0259fin (m\u0259s\u0259l\u0259n, Hindistan\u0131n) vasit\u0259sil\u0259 h\u0259yata ke\u00e7irilirdis\u0259, art\u0131q bu proses r\u0259smi \u015f\u0259kil alacaq. Haz\u0131rda \u0130r\u0259vanda s\u0259f\u0259rd\u0259 olan Fransan\u0131n xarici i\u015fl\u0259r naziri Ketrin Kolonnan\u0131n m\u0259tbuat konfrans\u0131ndak\u0131 a\u00e7\u0131qlamalar\u0131 bunu dem\u0259y\u0259 \u0259sas verir. O, bildirib ki, Paris \u0130r\u0259vanla sonuncuya h\u0259rbi texnikan\u0131n verilm\u0259sini m\u00fcmk\u00fcn ed\u0259c\u0259k sazi\u015f imzalama\u011fa raz\u0131la\u015f\u0131b. \u201cBu bar\u0259d\u0259 h\u0259l\u0259 \u0259trafl\u0131 dan\u0131\u015fa bilm\u0259r\u0259m\u201d, &#8211;\u00a0Kolonna qeyd edib. Fransa xarici i\u015fl\u0259r naziri h\u0259m\u00e7inin b\u0259yan edib ki, o, Avropa diplomatiyas\u0131n\u0131n r\u0259hb\u0259ri Josep Borrel\u0259 \u200b\u200bAvropa \u0130ttifaq\u0131n\u0131n Erm\u0259nistandak\u0131 \u201cm\u00fclki\u201d missiyas\u0131n\u0131n geni\u015fl\u0259ndirilm\u0259si v\u0259 onun mandat\u0131n\u0131n&hellip;<\/p>\n","protected":false},"author":2,"featured_media":641010,"comment_status":"closed","ping_status":"closed","sticky":false,"template":"","format":"standard","meta":{"om_disable_all_campaigns":false,"_monsterinsights_skip_tracking":false,"_monsterinsights_sitenote_active":false,"_monsterinsights_sitenote_note":"","_monsterinsights_sitenote_category":0},"categories":[7],"tags":[],"aioseo_notices":[],"gutentor_comment":0,"rttpg_featured_image_url":{"full":["https:\/\/arantv.az\/wp-content\/uploads\/2023\/10\/384535507_3476954162566614_3569814054550456832_n.jpg",620,413,false],"landscape":["https:\/\/arantv.az\/wp-content\/uploads\/2023\/10\/384535507_3476954162566614_3569814054550456832_n.jpg",620,413,false],"portraits":["https:\/\/arantv.az\/wp-content\/uploads\/2023\/10\/384535507_3476954162566614_3569814054550456832_n.jpg",620,413,false],"thumbnail":["https:\/\/arantv.az\/wp-content\/uploads\/2023\/10\/384535507_3476954162566614_3569814054550456832_n-500x280.jpg",500,280,true],"medium":["https:\/\/arantv.az\/wp-content\/uploads\/2023\/10\/384535507_3476954162566614_3569814054550456832_n-548x365.jpg",548,365,true],"large":["https:\/\/arantv.az\/wp-content\/uploads\/2023\/10\/384535507_3476954162566614_3569814054550456832_n.jpg",620,413,false],"1536x1536":["https:\/\/arantv.az\/wp-content\/uploads\/2023\/10\/384535507_3476954162566614_3569814054550456832_n.jpg",620,413,false],"2048x2048":["https:\/\/arantv.az\/wp-content\/uploads\/2023\/10\/384535507_3476954162566614_3569814054550456832_n.jpg",620,413,false],"post-thumbnail":["https:\/\/arantv.az\/wp-content\/uploads\/2023\/10\/384535507_3476954162566614_3569814054550456832_n-240x172.jpg",240,172,true],"advps-thumb-one":["https:\/\/arantv.az\/wp-content\/uploads\/2023\/10\/384535507_3476954162566614_3569814054550456832_n.jpg",620,413,false]},"rttpg_author":{"display_name":"V\u00fcsal Rafiqo\u011flu","author_link":"https:\/\/arantv.az\/?author=2"},"rttpg_comment":0,"rttpg_category":"<a href=\"https:\/\/arantv.az\/?cat=7\" rel=\"category\">D\u00fcnya<\/a>","rttpg_excerpt":"Fransan\u0131n Erm\u0259nistan\u0131 silahland\u0131rmas\u0131 bug\u00fcn\u0259d\u0259k qism\u0259n qapal\u0131 \u015f\u0259kild\u0259 (m\u0259s\u0259l\u0259n, humanitar yard\u0131m ad\u0131 alt\u0131nda), qism\u0259n d\u0259 \u00fc\u00e7\u00fcnc\u00fc t\u0259r\u0259fin (m\u0259s\u0259l\u0259n, Hindistan\u0131n) vasit\u0259sil\u0259 h\u0259yata ke\u00e7irilirdis\u0259, art\u0131q bu proses r\u0259smi \u015f\u0259kil alacaq. Haz\u0131rda \u0130r\u0259vanda s\u0259f\u0259rd\u0259 olan Fransan\u0131n xarici i\u015fl\u0259r naziri Ketrin Kolonnan\u0131n m\u0259tbuat konfrans\u0131ndak\u0131 a\u00e7\u0131qlamalar\u0131 bunu dem\u0259y\u0259 \u0259sas verir. O, bildirib ki, Paris \u0130r\u0259vanla sonuncuya h\u0259rbi texnikan\u0131n verilm\u0259sini m\u00fcmk\u00fcn ed\u0259c\u0259k&hellip;","_links":{"self":[{"href":"https:\/\/arantv.az\/index.php?rest_route=\/wp\/v2\/posts\/641008"}],"collection":[{"href":"https:\/\/arantv.az\/index.php?rest_route=\/wp\/v2\/posts"}],"about":[{"href":"https:\/\/arantv.az\/index.php?rest_route=\/wp\/v2\/types\/post"}],"author":[{"embeddable":true,"href":"https:\/\/arantv.az\/index.php?rest_route=\/wp\/v2\/users\/2"}],"replies":[{"embeddable":true,"href":"https:\/\/arantv.az\/index.php?rest_route=%2Fwp%2Fv2%2Fcomments&post=641008"}],"version-history":[{"count":0,"href":"https:\/\/arantv.az\/index.php?rest_route=\/wp\/v2\/posts\/641008\/revisions"}],"wp:featuredmedia":[{"embeddable":true,"href":"https:\/\/arantv.az\/index.php?rest_route=\/wp\/v2\/media\/641010"}],"wp:attachment":[{"href":"https:\/\/arantv.az\/index.php?rest_route=%2Fwp%2Fv2%2Fmedia&parent=641008"}],"wp:term":[{"taxonomy":"category","embeddable":true,"href":"https:\/\/arantv.az\/index.php?rest_route=%2Fwp%2Fv2%2Fcategories&post=641008"},{"taxonomy":"post_tag","embeddable":true,"href":"https:\/\/arantv.az\/index.php?rest_route=%2Fwp%2Fv2%2Ftags&post=641008"}],"curies":[{"name":"wp","href":"https:\/\/api.w.org\/{rel}","templated":true}]}}