{"id":641022,"date":"2023-10-03T22:59:37","date_gmt":"2023-10-03T18:59:37","guid":{"rendered":"https:\/\/arantv.az\/?p=641022"},"modified":"2023-10-03T22:59:37","modified_gmt":"2023-10-03T18:59:37","slug":"usaid-in-regiondaki-butun-planlari-fiaskoya-ugrayacaq","status":"publish","type":"post","link":"https:\/\/arantv.az\/?p=641022","title":{"rendered":"USAID-in regiondak\u0131 b\u00fct\u00fcn planlar\u0131 fiaskoya u\u011frayacaq"},"content":{"rendered":"<p>Son zamanlar C\u0259nubi Qafqazda ba\u015f ver\u0259n prosesl\u0259r bir daha t\u0259sdiq edir ki, d\u00fcnya siyas\u0259tin\u0259 t\u0259siri olan b\u00f6y\u00fck d\u00f6vl\u0259tl\u0259r v\u0259 onlar\u0131n x\u00fcsusi xidm\u0259t orqanlar\u0131 il\u0259 bilavasit\u0259 i\u015fbirliyind\u0259 olan b\u0259zi beyn\u0259lxalq t\u0259\u015fkilatlar siyas\u0259ti riyakarl\u0131q al\u0259tin\u0259 \u00e7eviribl\u0259r. X\u00fcsusil\u0259 d\u0259 b\u00f6lg\u0259mizd\u0259 geosiyasi maraqlar\u0131 olan b\u00f6y\u00fck d\u00f6vl\u0259tl\u0259rin \u00f6z aralar\u0131ndak\u0131, nec\u0259 dey\u0259rl\u0259r, \u201crazborkalar\u0131\u201d h\u0259ll etm\u0259k \u00fc\u00e7\u00fcn bu regiondan poliqon kimi istifad\u0259 etm\u0259k c\u0259hdl\u0259ri a\u00e7\u0131q-a\u015fkar onlar\u0131n m\u0259krli planlar\u0131ndan x\u0259b\u0259r verir. He\u00e7 kim\u0259 sirr deyil ki, AB\u015e ba\u015fda olmaqla Q\u0259rb d\u00fc\u015f\u0259rg\u0259si Rusiyan\u0131 regiondan \u00e7\u0131xda\u015f etm\u0259k b\u00fct\u00fcn q\u00fcvv\u0259l\u0259rini s\u0259f\u0259rb\u0259r edibl\u0259r.<\/p>\n<p>T\u0259bii ki, b\u00fct\u00fcn bunlar b\u00f6lg\u0259y\u0259 yax\u015f\u0131 he\u00e7 n\u0259 v\u0259d etmir. Ax\u0131r vaxtlar qon\u015fu G\u00fcrc\u00fcstanda ba\u015f ver\u0259nl\u0259r bunu bir daha t\u0259sdiq edir. \u00c7\u00fcnki qon\u015fu \u00f6lk\u0259d\u0259 c\u0259r\u0259yan ed\u0259n prosesl\u0259r g\u00f6st\u0259rir ki, Q\u0259rb d\u00fc\u015f\u0259rg\u0259si, x\u00fcsusil\u0259 d\u0259 AB\u015e G\u00fcrc\u00fcstanda d\u00f6vl\u0259t \u00e7evrili\u015fi etm\u0259k \u00fc\u00e7\u00fcn art\u0131q d\u00fcym\u0259ni bas\u0131b. Son g\u00fcnl\u0259r G\u00fcrc\u00fcstan r\u0259smil\u0259rinin dalbadal a\u00e7\u0131qlamalar\u0131 s\u00fcbut edir ki, q\u0259rblil\u0259rin bu \u00f6lk\u0259 \u00fc\u00e7\u00fcn haz\u0131rlad\u0131qlar\u0131 layih\u0259l\u0259r i\u015f\u0259 d\u00fc\u015f\u00fcb. Onlar bu layih\u0259l\u0259rin icras\u0131n\u0131 USAID proqram\u0131 \u00e7\u0259r\u00e7iv\u0259sind\u0259 h\u0259yata ke\u00e7irm\u0259k \u00fc\u00e7\u00fcn ilkin add\u0131mlar\u0131n\u0131 da at\u0131blar.<\/p>\n<p>Bu g\u00fcnl\u0259rd\u0259 G\u00fcrc\u00fcstan parlamentinin spikeri \u015ealva Papua\u015fvili USAID-in G\u00fcrc\u00fcstanda inqilabi prosesl\u0259ri maliyy\u0259l\u0259\u015fdirm\u0259si il\u0259 ba\u011fl\u0131 m\u0259lumat\u0131 AB\u015e-\u0131n G\u00fcrc\u00fcstana g\u00f6st\u0259rdiyi yard\u0131m tarixind\u0259 qara g\u00fcn adland\u0131rmas\u0131 he\u00e7 d\u0259 t\u0259sad\u00fcfi deyil. Art\u0131q \u201cG\u00fcrc\u00fc arzusu &#8211; Demokratik G\u00fcrc\u00fcstan\u201d Partiyas\u0131n\u0131n s\u0259dri \u0130rakli Kobaxidze d\u0259 bildirib ki, G\u00fcrc\u00fcstan v\u0259t\u0259nda\u015flar\u0131n\u0131 h\u00f6kum\u0259tin devrilm\u0259sin\u0259 haz\u0131rlayan Serbiya v\u0259t\u0259nda\u015flar\u0131n\u0131n i\u015ftirak\u0131 il\u0259 t\u0259liml\u0259rin USAID Beyn\u0259lxalq \u0130nki\u015faf Agentliyi t\u0259r\u0259find\u0259n maliyy\u0259l\u0259\u015fdirilm\u0259si m\u0259s\u0259l\u0259sin\u0259 ayd\u0131nl\u0131q g\u0259tirilm\u0259lidir.<\/p>\n<p>Bundan ba\u015fqa, G\u00fcrc\u00fcstan\u0131n D\u00f6vl\u0259t T\u0259hl\u00fck\u0259sizliyi Xidm\u0259tinin oktyabr\u0131n 2-d\u0259 verdiyi m\u0259lumata g\u00f6r\u0259, Serbiya v\u0259t\u0259nda\u015flar\u0131 Sinisa Sikvan, Jelena Stojsic v\u0259 Slobodan Djinovic USAID-in d\u0259v\u0259ti il\u0259 sentyabr\u0131n 25-d\u0259 G\u00fcrc\u00fcstana g\u0259l\u0259r\u0259k paytaxt otell\u0259rind\u0259n birind\u0259 \u201chakimiyy\u0259tin zorla devrilm\u0259sinin haz\u0131rlanmas\u0131nda v\u0259 h\u0259yata ke\u00e7irilm\u0259sind\u0259 h\u0259lledici rol oynamal\u0131 olan\u201d t\u0259\u015fkilatlar v\u0259 v\u0259t\u0259nda\u015f f\u0259allar\u0131n\u0131n i\u015ftirak\u0131 il\u0259 t\u0259liml\u0259r ke\u00e7iribl\u0259r. \u201cKanvas\u201d t\u0259\u015fkilat\u0131n\u0131 t\u0259msil ed\u0259n Serbiya v\u0259t\u0259nda\u015flar\u0131 art\u0131q D\u00f6vl\u0259t T\u0259hl\u00fck\u0259sizliyi Xidm\u0259tind\u0259 dindirilibl\u0259r.<\/p>\n<p>\u015e\u00fcbh\u0259siz, G\u00fcrc\u00fcstanda ba\u015f ver\u0259n bu prosesl\u0259r, daha do\u011frusu, qalmaqal t\u0259sad\u00fcfi olmad\u0131\u011f\u0131 kimi, h\u0259m d\u0259 ilk hal deyil. \u00c7\u00fcnki USAID-in ad\u0131 h\u0259mi\u015f\u0259 i\u015fl\u0259diyi \u00f6lk\u0259l\u0259rd\u0259 siyasi prosesl\u0259r\u0259 a\u00e7\u0131q m\u00fcdaxil\u0259d\u0259, hakimiyy\u0259t \u00e7evrili\u015fl\u0259rin\u0259 c\u0259hdl\u0259rind\u0259 v\u0259 s. hallan\u0131b.<\/p>\n<p>M\u0259s\u0259l\u0259 buras\u0131ndad\u0131r ki, ba\u015fl\u0131ca m\u0259qs\u0259di \u0259sas\u0259n k\u0259nd t\u0259s\u0259rr\u00fcfat\u0131, ticar\u0259t, qlobal s\u0259hiyy\u0259, demokratiya v\u0259 humanitar yard\u0131ma d\u0259st\u0259k g\u00f6st\u0259rm\u0259k olan USAID he\u00e7 d\u0259 m\u00fcst\u0259qil t\u0259\u015fkilat deyil. Ham\u0131ya b\u0259llidir ki, AB\u015e-\u0131n a\u00e7\u0131q \u015f\u0259kild\u0259 dig\u0259r \u00f6lk\u0259l\u0259rin daxili i\u015fl\u0259rin\u0259 m\u00fcdaxil\u0259, \u00f6z\u00fcn\u0259 s\u0259rf etm\u0259y\u0259n hakimiyy\u0259tl\u0259rin devrilm\u0259si strategiyas\u0131nda USAID x\u00fcsusi rol oynay\u0131r. Daha do\u011frusu, AB\u015e-\u0131n M\u0259rk\u0259zi K\u0259\u015ffiyyat \u0130dar\u0259si ayr\u0131-ayr\u0131 b\u00f6lg\u0259l\u0259rd\u0259 v\u0259 \u00f6lk\u0259l\u0259rd\u0259 \u00f6z planlar\u0131n\u0131 h\u0259yata ke\u00e7irm\u0259k \u00fc\u00e7\u00fcn daim USAID-i \u00f6n\u0259 verib. Bu t\u0259\u015fkilat da m\u00fcxt\u0259lif \u00f6lk\u0259l\u0259rin daxili i\u015fl\u0259rin\u0259 qar\u0131\u015fmaq, orada qeyri-sabit, \u00e7evrili\u015f v\u0259 xaos \u00fc\u00e7\u00fcn m\u00fcnbit \u015f\u0259rait yaratmaq \u00fc\u00e7\u00fcn b\u00fct\u00fcn vasit\u0259l\u0259rd\u0259n istifad\u0259 edir. Ham\u0131ya b\u0259llidir ki,USAID 2023-2025-ci ill\u0259rd\u0259 m\u00fcxt\u0259lif \u00f6lk\u0259l\u0259rd\u0259 \u201cv\u0259t\u0259nda\u015f c\u0259miyy\u0259ti\u201d quruculu\u011funa 10 milyard dollara yax\u0131n v\u0259sait ay\u0131r\u0131b.<\/p>\n<p>Sirr deyil ki, ba\u015fda USAID olmaqla AB\u015e h\u00f6kum\u0259tin\u0259 ba\u011fl\u0131 olan yerli t\u0259\u015fkilatlar v\u0259 h\u0259r\u0259katlar v\u0259t\u0259nda\u015f c\u0259miyy\u0259tl\u0259rinin inki\u015faf\u0131na t\u00f6hf\u0259 verm\u0259kd\u0259n daha \u00e7ox siyasi prosesl\u0259r\u0259 m\u00fcdaxil\u0259 etm\u0259k, c\u0259miyy\u0259td\u0259 qar\u015f\u0131durma yaratmaq, prosesl\u0259ri manipulyasiya etm\u0259k m\u0259qs\u0259di g\u00fcd\u00fcrl\u0259r.<\/p>\n<p>Bir m\u0259s\u0259l\u0259ni x\u00fcsusil\u0259 vur\u011fulamq ist\u0259rdik ki, bu g\u00fcn G\u00fcrc\u00fcstan\u0131n \u00fczl\u0259\u015fdiyi probleml\u0259ri Az\u0259rbaycan \u00e7oxdan ya\u015fay\u0131b, amma g\u00fccl\u00fc d\u00f6vl\u0259t olaraq USAID kimi qurumlar\u0131n planlar\u0131n\u0131n realla\u015fmas\u0131na imkan verm\u0259yib. Yeri g\u0259lmi\u015fk\u0259n, USAID 1991-ci ild\u0259n ba\u015flayaraq Az\u0259rbaycanda da f\u0259aliyy\u0259t g\u00f6st\u0259rir v\u0259 d\u0259f\u0259l\u0259rl\u0259 \u00f6lk\u0259d\u0259 qar\u015f\u0131durma v\u0259 g\u0259rginlik c\u0259hdl\u0259rinin arxas\u0131nda dayan\u0131b. USAID, NED, Fridrix Nauman, Mar\u015fall, \u0130REX v\u0259 dig\u0259r bu kimi qurumlar Az\u0259rbaycanda da siyasi hakimiyy\u0259t\u0259 qar\u015f\u0131 t\u0259zyiq vasit\u0259si kimi istifad\u0259 etm\u0259k \u00fc\u00e7\u00fcn \u00f6z \u015f\u0259b\u0259k\u0259sini formala\u015fd\u0131rma\u011fa \u00e7al\u0131\u015f\u0131b. Bu g\u00fcn \u00e7evrili\u015f c\u0259hdi il\u0259 \u00fczl\u0259mi\u015f G\u00fcrc\u00fcstanda USAID geni\u015f \u015f\u0259b\u0259k\u0259 yarad\u0131b, vaxtil\u0259 Az\u0259rbaycanda i\u015fl\u0259dikl\u0259ri t\u0259\u015fkilat v\u0259 h\u0259r\u0259katlara maliyy\u0259ni m\u0259hz G\u00fcrc\u00fcstan \u00fcz\u0259rind\u0259n \u00f6t\u00fcr\u00fcb. M\u0259s\u0259l\u0259n, 2014-c\u00fc ild\u0259 USAID Az\u0259rbaycanda \u201cm\u00fcst\u0259qil median\u0131n inki\u015faf\u0131\u201d \u00fc\u00e7\u00fcn fantastik h\u0259cmd\u0259, 2,4 milyon dollar m\u0259bl\u0259\u011find\u0259 qrant ay\u0131r\u0131b v\u0259 onlar\u0131 \u00f6zl\u0259rinin t\u0259sir agentl\u0259rin\u0259 \u00f6t\u00fcr\u00fcb. H\u0259min ild\u0259 AB\u015e Milli Demokratiya \u0130nstitutunun (MD\u0130\/ND\u0130) Bak\u0131dak\u0131 n\u00fcmay\u0259nd\u0259liyinin ke\u00e7mi\u015f r\u0259hb\u0259ri Aleks Qriqoryevsin \u00f6z\u00fcn\u00fcn bank hesab\u0131ndan 2 milyon dollara yax\u0131n v\u0259saiti \u00e7\u0131xar\u0131b b\u0259zi QHT-l\u0259r\u0259, konkret \u015f\u0259xsl\u0259r\u0259 paylamas\u0131 da he\u00e7 kimin yad\u0131ndan \u00e7\u0131xmay\u0131b.<\/p>\n<p>Bundan ba\u015fqa, USAID, NED kimi qurumlar N\u0130DA, \u201cDal\u011fa\u201d v\u0259 s t\u0259\u015fkilatalar\u0131 davaml\u0131 olaraq maliyy\u0259l\u0259\u015fdirib. MD\u0130 \u0259m\u0259kda\u015flar\u0131 da Bak\u0131da ke\u00e7iril\u0259n qanunsuz aksiyalarda i\u015ftirak edibl\u0259r. T\u0259bii ki, b\u00fct\u00fcn bunlar USAID, MD\u0130 kimi qurumlar\u0131n qeyri-\u015f\u0259ffaf maliyy\u0259l\u0259\u015fm\u0259 yolu il\u0259 \u00f6z\u00fcn\u0259 xidm\u0259t ed\u0259n media v\u0259 QHT \u015f\u0259b\u0259k\u0259si formala\u015fd\u0131rmaq c\u0259hdind\u0259n ba\u015fqa bir \u015fey deyildi.<\/p>\n<p>\u0130\u015f oras\u0131ndad\u0131r ki, daha sonralar da USAID eyni m\u0259qs\u0259dl\u0259 bir \u00e7ox layih\u0259l\u0259r realla\u015fd\u0131r\u0131b, indinin \u00f6z\u00fcnd\u0259 d\u0259 x\u00fcsusil\u0259 regionlarda m\u00fcxt\u0259lif layih\u0259l\u0259r h\u0259yata ke\u00e7irir. Az\u0259rbaycan t\u0259r\u0259fi d\u0259f\u0259l\u0259rl\u0259 onun \u00f6lk\u0259d\u0259 qalmas\u0131na ehtiyac olmad\u0131\u011f\u0131n\u0131, m\u0259qs\u0259d\u0259uy\u011fun say\u0131lmad\u0131\u011f\u0131n\u0131 n\u0259z\u0259r\u0259 \u00e7atd\u0131rsa da, USAID f\u0259aliyy\u0259tini dayand\u0131rm\u0131r. Son ill\u0259r Az\u0259rbaycanda m\u00fcharib\u0259 \u0259leyhin\u0259 h\u0259r\u0259kat\u0131n &#8211; NoWar-\u00e7\u0131lar\u0131n m\u00f6vqel\u0259rinin g\u00fccl\u0259nm\u0259si \u00fc\u00e7\u00fcn USA\u0130D v\u0259 dig\u0259r xarici t\u0259\u015fkilatlar\u0131n s\u0259yl\u0259rini art\u0131rmas\u0131 da t\u0259sad\u00fcfi deyil. Burada m\u0259qs\u0259d status-kvonun saxlanmas\u0131, Az\u0259rbaycan \u0259razil\u0259rinin azad olunmas\u0131na mane\u0259l\u0259rin yarad\u0131lmas\u0131d\u0131r.<\/p>\n<p>T\u0259bii ki, b\u00fct\u00fcn bunlar \u0259b\u0259sdir. USAID v\u0259 bu kimi t\u0259\u015fkilatlar\u0131n arxas\u0131nda dayanan x\u00fcsusi xidm\u0259t orqanlar\u0131n\u0131\u0131n ba\u015fbil\u0259nl\u0259ri yadda saxlamalad\u0131rlar ki, onlar bizim \u00f6lk\u0259mizd\u0259 \u00f6z \u00e7irkin m\u0259qs\u0259dl\u0259rini he\u00e7 zaman h\u0259yata ke\u00e7ir\u0259 bilm\u0259y\u0259c\u0259kl\u0259r. Az\u0259rbaycan xalq\u0131 buna he\u00e7 v\u0259chl\u0259 icaz\u0259 verm\u0259y\u0259c\u0259k. Bel\u0259l\u0259rinin b\u00fct\u00fcn planlar\u0131 alt-\u00fcst olaraq iflasa u\u011frayacaqd\u0131r.<\/p>\n","protected":false},"excerpt":{"rendered":"<p>Son zamanlar C\u0259nubi Qafqazda ba\u015f ver\u0259n prosesl\u0259r bir daha t\u0259sdiq edir ki, d\u00fcnya siyas\u0259tin\u0259 t\u0259siri olan b\u00f6y\u00fck d\u00f6vl\u0259tl\u0259r v\u0259 onlar\u0131n x\u00fcsusi xidm\u0259t orqanlar\u0131 il\u0259 bilavasit\u0259 i\u015fbirliyind\u0259 olan b\u0259zi beyn\u0259lxalq t\u0259\u015fkilatlar siyas\u0259ti riyakarl\u0131q al\u0259tin\u0259 \u00e7eviribl\u0259r. X\u00fcsusil\u0259 d\u0259 b\u00f6lg\u0259mizd\u0259 geosiyasi maraqlar\u0131 olan b\u00f6y\u00fck d\u00f6vl\u0259tl\u0259rin \u00f6z aralar\u0131ndak\u0131, nec\u0259 dey\u0259rl\u0259r, \u201crazborkalar\u0131\u201d h\u0259ll etm\u0259k \u00fc\u00e7\u00fcn bu regiondan poliqon kimi istifad\u0259 etm\u0259k c\u0259hdl\u0259ri a\u00e7\u0131q-a\u015fkar onlar\u0131n m\u0259krli planlar\u0131ndan x\u0259b\u0259r verir. He\u00e7 kim\u0259 sirr deyil ki, AB\u015e ba\u015fda olmaqla Q\u0259rb d\u00fc\u015f\u0259rg\u0259si Rusiyan\u0131 regiondan \u00e7\u0131xda\u015f etm\u0259k b\u00fct\u00fcn q\u00fcvv\u0259l\u0259rini s\u0259f\u0259rb\u0259r edibl\u0259r. T\u0259bii ki, b\u00fct\u00fcn bunlar b\u00f6lg\u0259y\u0259 yax\u015f\u0131 he\u00e7 n\u0259 v\u0259d&hellip;<\/p>\n","protected":false},"author":2,"featured_media":641026,"comment_status":"closed","ping_status":"closed","sticky":false,"template":"","format":"standard","meta":{"om_disable_all_campaigns":false,"_monsterinsights_skip_tracking":false,"_monsterinsights_sitenote_active":false,"_monsterinsights_sitenote_note":"","_monsterinsights_sitenote_category":0},"categories":[1],"tags":[],"aioseo_notices":[],"gutentor_comment":0,"rttpg_featured_image_url":{"full":["https:\/\/arantv.az\/wp-content\/uploads\/2023\/10\/c80bcf42169635555866886854611097224.jpg",975,540,false],"landscape":["https:\/\/arantv.az\/wp-content\/uploads\/2023\/10\/c80bcf42169635555866886854611097224.jpg",975,540,false],"portraits":["https:\/\/arantv.az\/wp-content\/uploads\/2023\/10\/c80bcf42169635555866886854611097224.jpg",975,540,false],"thumbnail":["https:\/\/arantv.az\/wp-content\/uploads\/2023\/10\/c80bcf42169635555866886854611097224-500x280.jpg",500,280,true],"medium":["https:\/\/arantv.az\/wp-content\/uploads\/2023\/10\/c80bcf42169635555866886854611097224-660x365.jpg",660,365,true],"large":["https:\/\/arantv.az\/wp-content\/uploads\/2023\/10\/c80bcf42169635555866886854611097224-840x465.jpg",640,354,true],"1536x1536":["https:\/\/arantv.az\/wp-content\/uploads\/2023\/10\/c80bcf42169635555866886854611097224.jpg",975,540,false],"2048x2048":["https:\/\/arantv.az\/wp-content\/uploads\/2023\/10\/c80bcf42169635555866886854611097224.jpg",975,540,false],"post-thumbnail":["https:\/\/arantv.az\/wp-content\/uploads\/2023\/10\/c80bcf42169635555866886854611097224-240x172.jpg",240,172,true],"advps-thumb-one":["https:\/\/arantv.az\/wp-content\/uploads\/2023\/10\/c80bcf42169635555866886854611097224.jpg",975,540,false]},"rttpg_author":{"display_name":"V\u00fcsal Rafiqo\u011flu","author_link":"https:\/\/arantv.az\/?author=2"},"rttpg_comment":0,"rttpg_category":"<a href=\"https:\/\/arantv.az\/?cat=1\" rel=\"category\">C\u0259miyy\u0259t<\/a>","rttpg_excerpt":"Son zamanlar C\u0259nubi Qafqazda ba\u015f ver\u0259n prosesl\u0259r bir daha t\u0259sdiq edir ki, d\u00fcnya siyas\u0259tin\u0259 t\u0259siri olan b\u00f6y\u00fck d\u00f6vl\u0259tl\u0259r v\u0259 onlar\u0131n x\u00fcsusi xidm\u0259t orqanlar\u0131 il\u0259 bilavasit\u0259 i\u015fbirliyind\u0259 olan b\u0259zi beyn\u0259lxalq t\u0259\u015fkilatlar siyas\u0259ti riyakarl\u0131q al\u0259tin\u0259 \u00e7eviribl\u0259r. X\u00fcsusil\u0259 d\u0259 b\u00f6lg\u0259mizd\u0259 geosiyasi maraqlar\u0131 olan b\u00f6y\u00fck d\u00f6vl\u0259tl\u0259rin \u00f6z aralar\u0131ndak\u0131, nec\u0259 dey\u0259rl\u0259r, \u201crazborkalar\u0131\u201d h\u0259ll etm\u0259k \u00fc\u00e7\u00fcn bu regiondan poliqon kimi istifad\u0259&hellip;","_links":{"self":[{"href":"https:\/\/arantv.az\/index.php?rest_route=\/wp\/v2\/posts\/641022"}],"collection":[{"href":"https:\/\/arantv.az\/index.php?rest_route=\/wp\/v2\/posts"}],"about":[{"href":"https:\/\/arantv.az\/index.php?rest_route=\/wp\/v2\/types\/post"}],"author":[{"embeddable":true,"href":"https:\/\/arantv.az\/index.php?rest_route=\/wp\/v2\/users\/2"}],"replies":[{"embeddable":true,"href":"https:\/\/arantv.az\/index.php?rest_route=%2Fwp%2Fv2%2Fcomments&post=641022"}],"version-history":[{"count":0,"href":"https:\/\/arantv.az\/index.php?rest_route=\/wp\/v2\/posts\/641022\/revisions"}],"wp:featuredmedia":[{"embeddable":true,"href":"https:\/\/arantv.az\/index.php?rest_route=\/wp\/v2\/media\/641026"}],"wp:attachment":[{"href":"https:\/\/arantv.az\/index.php?rest_route=%2Fwp%2Fv2%2Fmedia&parent=641022"}],"wp:term":[{"taxonomy":"category","embeddable":true,"href":"https:\/\/arantv.az\/index.php?rest_route=%2Fwp%2Fv2%2Fcategories&post=641022"},{"taxonomy":"post_tag","embeddable":true,"href":"https:\/\/arantv.az\/index.php?rest_route=%2Fwp%2Fv2%2Ftags&post=641022"}],"curies":[{"name":"wp","href":"https:\/\/api.w.org\/{rel}","templated":true}]}}