{"id":641039,"date":"2023-10-03T23:13:45","date_gmt":"2023-10-03T19:13:45","guid":{"rendered":"https:\/\/arantv.az\/?p=641039"},"modified":"2023-10-03T23:13:45","modified_gmt":"2023-10-03T19:13:45","slug":"ruben-vardanyandan-yeni-x%c9%99b%c9%99r","status":"publish","type":"post","link":"https:\/\/arantv.az\/?p=641039","title":{"rendered":"Ruben Vardanyandan YEN\u0130 X\u018fB\u018fR"},"content":{"rendered":"<p><strong>Sentyabr\u0131n 27-d\u0259 \u201cLa\u00e7\u0131n\u201d d\u00f6vl\u0259t s\u0259rh\u0259dind\u0259n burax\u0131l\u0131\u015f m\u0259nt\u0259q\u0259sind\u0259 D\u00f6vl\u0259t S\u0259rh\u0259d Xidm\u0259tinin h\u0259rbi qulluq\u00e7ular\u0131n\u0131n say\u0131ql\u0131\u011f\u0131 n\u0259tic\u0259sind\u0259 \u00f6lk\u0259 \u0259razisin\u0259 qeyri-qanuni g\u0259l\u0259r\u0259k qondarma \u201cDa\u011fl\u0131q Qaraba\u011f Respublikas\u0131n\u0131n D\u00f6vl\u0259t naziri\u201d v\u0259zif\u0259sind\u0259 \u00e7al\u0131\u015fm\u0131\u015f 1968-ci il t\u0259v\u0259ll\u00fcdl\u00fc Ruben Karleni Vardanyan Az\u0259rbaycan Respublikas\u0131ndan Erm\u0259nistan istiqam\u0259tind\u0259 h\u0259r\u0259k\u0259t ed\u0259rk\u0259n saxlan\u0131l\u0131b.<\/strong><\/p>\n<p>Erm\u0259ni \u0259silli rusiyal\u0131 i\u015f adam\u0131 Ruben Vardanyan ittiham elan edilm\u0259kl\u0259 t\u0259qsirl\u0259ndiril\u0259n \u015f\u0259xs qismind\u0259 cinay\u0259t m\u0259suliyy\u0259tin\u0259 c\u0259lb olunub, bar\u0259sind\u0259 m\u0259hk\u0259m\u0259nin q\u0259rar\u0131 il\u0259 h\u0259bs q\u0259timkan t\u0259dbiri se\u00e7ilib.<\/p>\n<p>B\u0259s Ruben Vardanyan qanunverciliyimiz\u0259 \u0259sas\u0259n ne\u00e7\u0259 il m\u00fcdd\u0259tin\u0259 azadl\u0131qdan m\u0259hrum edil\u0259 bil\u0259r?<\/p>\n<p>M\u0259s\u0259l\u0259 il\u0259 ba\u011fl\u0131 h\u00fcquq\u015f\u00fcnas Turan Abdullazad\u0259 Referans.az-a a\u00e7\u0131qlamas\u0131nda bildirib ki, o, Az\u0259rbaycan Cinay\u0259t M\u0259c\u0259ll\u0259sinin bir ne\u00e7\u0259 madd\u0259sin\u0259 \u0259sas\u0259n ittiham olunur:<\/p>\n<p>\u201cBildiyimiz kimi, Ruben Vardanyan Qaraba\u011fda separat\u00e7\u0131l\u0131q v\u0259 terror\u00e7uluq f\u0259aliyy\u0259tin\u0259 t\u0259\u015fkilat\u00e7\u0131l\u0131q ed\u0259r\u0259k terrorizmin b\u00f6lg\u0259d\u0259 aktivl\u0259\u015fm\u0259sind\u0259 ciddi rol oynay\u0131b. Yerli erm\u0259ni icmas\u0131n\u0131 Az\u0259rbaycan qanunlar\u0131na tabe olmama\u011fa \u00e7a\u011f\u0131r\u0131b, \u0259razi b\u00fct\u00f6vl\u00fcy\u00fcm\u00fcz\u0259 a\u00e7\u0131q-a\u015fkar t\u0259hdid yarad\u0131b, h\u0259m\u00e7inin etnik z\u0259mind\u0259 m\u00fcnaqi\u015f\u0259ni k\u00f6r\u00fckl\u0259y\u0259r\u0259k \u00f6lk\u0259mizin s\u0259rv\u0259tl\u0259rinin qanunsuz olaraq talanmas\u0131nda yax\u0131ndan i\u015ftirak edib. H\u0259m\u00e7inin onun \u0259m\u0259lind\u0259 m\u00fcharib\u0259 v\u0259 insanl\u0131q \u0259leyhin\u0259 olan cinay\u0259tl\u0259rin t\u0259rkibi var. Bundan ba\u015fqa o, Az\u0259rbaycan Respublikas\u0131n\u0131n d\u00f6vl\u0259t s\u0259rh\u0259dini qanunsuz olaraq ke\u00e7ib. O, Az\u0259rbaycan Cinay\u0259t M\u0259c\u0259ll\u0259sinin terror\u00e7ulu\u011fu maliyy\u0259l\u0259\u015fdirm\u0259, qanunvericilikl\u0259 n\u0259z\u0259rd\u0259 tutulmayan silahl\u0131 birl\u0259\u015fm\u0259l\u0259rin v\u0259 ya qruplar\u0131n yarad\u0131lmas\u0131nda v\u0259 f\u0259aliyy\u0259tind\u0259 i\u015ftirak etm\u0259 v\u0259 Az\u0259rbaycan\u0131n d\u00f6vl\u0259t s\u0259rh\u0259dini qanunsuz olaraq ke\u00e7m\u0259 madd\u0259l\u0259ri il\u0259 ittiham olunur\u201d.<\/p>\n<p>H\u00fcquq\u015f\u00fcnas qeyd edib ki, ir\u0259li s\u00fcr\u00fclm\u00fc\u015f ittiham aktlar\u0131 \u00f6z t\u0259sdiqini taparsa Vardanyan h\u0259tta \u00f6m\u00fcrl\u00fck h\u0259bs c\u0259zas\u0131 bel\u0259 ala bil\u0259r. Onun s\u00f6zl\u0259rin\u0259 g\u00f6r\u0259, Cinay\u0259t M\u0259c\u0259ll\u0259sinin 114-c\u00fc madd\u0259sin\u0259 \u0259sas\u0259n, muzdlular y\u0131\u011fma, onlara t\u0259lim ke\u00e7m\u0259, maliyy\u0259l\u0259\u015fdirm\u0259 v\u0259 ba\u015fqa c\u00fcr maddi t\u0259minat verm\u0259, habel\u0259 onlardan h\u0259rbi m\u00fcnaqi\u015f\u0259d\u0259 v\u0259 ya h\u0259rbi \u0259m\u0259liyyatlarda istifad\u0259 etm\u0259 s\u0259kkiz ild\u0259n on iki il\u0259d\u0259k m\u00fcdd\u0259t\u0259 azadl\u0131qdan m\u0259hrum etm\u0259 il\u0259 c\u0259zaland\u0131r\u0131l\u0131r: \u201cEyni zamanda terror\u00e7ulu\u011fu maliyy\u0259l\u0259\u015fdirm\u0259, a\u00e7\u0131q \u00e7a\u011f\u0131r\u0131\u015flar, bu m\u0259qs\u0259dl\u0259 t\u0259lim ke\u00e7m\u0259k a\u011f\u0131r v\u0259 x\u00fcsusil\u0259 a\u011f\u0131r cinay\u0259tl\u0259r olmaqla \u00e7ox s\u0259rt \u015f\u0259kild\u0259 c\u0259zaland\u0131r\u0131l\u0131r. Bununla yana\u015f\u0131 Cinay\u0259t M\u0259c\u0259ll\u0259sinin 279-cu madd\u0259sin\u0259 \u0259sas\u0259n, Az\u0259rbaycan Respublikas\u0131n\u0131n qanunvericiliyi il\u0259 n\u0259z\u0259rd\u0259 tutulmayan silahl\u0131 birl\u0259\u015fm\u0259l\u0259r yaxud qruplar yaratma, el\u0259c\u0259 d\u0259 onlar\u0131n yarad\u0131lmas\u0131nda v\u0259 f\u0259aliyy\u0259tind\u0259 i\u015ftirak etm\u0259, onlar\u0131 silahla, d\u00f6y\u00fc\u015f sursat\u0131 il\u0259, partlay\u0131c\u0131 madd\u0259l\u0259rl\u0259, h\u0259rbi texnika il\u0259, yaxud \u0259sg\u0259ri l\u0259vazimatla t\u0259chiz etm\u0259 \u00fc\u00e7 ild\u0259n s\u0259kkiz il\u0259d\u0259k m\u00fcdd\u0259t\u0259 azadl\u0131qdan m\u0259hrum etm\u0259 il\u0259 c\u0259zaland\u0131r\u0131l\u0131r\u201d.<\/p>\n<p>Turan Abdullazad\u0259 \u0259lav\u0259 edib ki, Ruben Vardanyan \u00f6m\u00fcrl\u00fck azadl\u0131qdan m\u0259hrum edil\u0259r\u0259k h\u0259yat\u0131n\u0131n geri qalan\u0131n\u0131 d\u0259mir barmaql\u0131qlar aras\u0131nda ke\u00e7ir\u0259 bil\u0259r. Bel\u0259 ki, \u00f6m\u00fcrl\u00fck azadl\u0131qdan m\u0259hrum etm\u0259 s\u00fclh v\u0259 insanl\u0131q \u0259leyhin\u0259, m\u00fcharib\u0259 cinay\u0259tl\u0259ri il\u0259 \u0259laq\u0259dar x\u00fcsusil\u0259 a\u011f\u0131r cinay\u0259tl\u0259r\u0259 g\u00f6r\u0259 m\u00fc\u0259yy\u0259n edil\u0259 bil\u0259r.<\/p>\n","protected":false},"excerpt":{"rendered":"<p>Sentyabr\u0131n 27-d\u0259 \u201cLa\u00e7\u0131n\u201d d\u00f6vl\u0259t s\u0259rh\u0259dind\u0259n burax\u0131l\u0131\u015f m\u0259nt\u0259q\u0259sind\u0259 D\u00f6vl\u0259t S\u0259rh\u0259d Xidm\u0259tinin h\u0259rbi qulluq\u00e7ular\u0131n\u0131n say\u0131ql\u0131\u011f\u0131 n\u0259tic\u0259sind\u0259 \u00f6lk\u0259 \u0259razisin\u0259 qeyri-qanuni g\u0259l\u0259r\u0259k qondarma \u201cDa\u011fl\u0131q Qaraba\u011f Respublikas\u0131n\u0131n D\u00f6vl\u0259t naziri\u201d v\u0259zif\u0259sind\u0259 \u00e7al\u0131\u015fm\u0131\u015f 1968-ci il t\u0259v\u0259ll\u00fcdl\u00fc Ruben Karleni Vardanyan Az\u0259rbaycan Respublikas\u0131ndan Erm\u0259nistan istiqam\u0259tind\u0259 h\u0259r\u0259k\u0259t ed\u0259rk\u0259n saxlan\u0131l\u0131b. Erm\u0259ni \u0259silli rusiyal\u0131 i\u015f adam\u0131 Ruben Vardanyan ittiham elan edilm\u0259kl\u0259 t\u0259qsirl\u0259ndiril\u0259n \u015f\u0259xs qismind\u0259 cinay\u0259t m\u0259suliyy\u0259tin\u0259 c\u0259lb olunub, bar\u0259sind\u0259 m\u0259hk\u0259m\u0259nin q\u0259rar\u0131 il\u0259 h\u0259bs q\u0259timkan t\u0259dbiri se\u00e7ilib. B\u0259s Ruben Vardanyan qanunverciliyimiz\u0259 \u0259sas\u0259n ne\u00e7\u0259 il m\u00fcdd\u0259tin\u0259 azadl\u0131qdan m\u0259hrum edil\u0259 bil\u0259r? M\u0259s\u0259l\u0259 il\u0259 ba\u011fl\u0131 h\u00fcquq\u015f\u00fcnas Turan Abdullazad\u0259 Referans.az-a a\u00e7\u0131qlamas\u0131nda bildirib ki, o, Az\u0259rbaycan Cinay\u0259t M\u0259c\u0259ll\u0259sinin&hellip;<\/p>\n","protected":false},"author":2,"featured_media":641040,"comment_status":"closed","ping_status":"closed","sticky":false,"template":"","format":"standard","meta":{"om_disable_all_campaigns":false,"_monsterinsights_skip_tracking":false,"_monsterinsights_sitenote_active":false,"_monsterinsights_sitenote_note":"","_monsterinsights_sitenote_category":0},"categories":[19],"tags":[],"aioseo_notices":[],"gutentor_comment":0,"rttpg_featured_image_url":{"full":["https:\/\/arantv.az\/wp-content\/uploads\/2023\/10\/3e366b63668e4ef09fbb4aeee81d83f0.jpg",870,500,false],"landscape":["https:\/\/arantv.az\/wp-content\/uploads\/2023\/10\/3e366b63668e4ef09fbb4aeee81d83f0.jpg",870,500,false],"portraits":["https:\/\/arantv.az\/wp-content\/uploads\/2023\/10\/3e366b63668e4ef09fbb4aeee81d83f0.jpg",870,500,false],"thumbnail":["https:\/\/arantv.az\/wp-content\/uploads\/2023\/10\/3e366b63668e4ef09fbb4aeee81d83f0-500x280.jpg",500,280,true],"medium":["https:\/\/arantv.az\/wp-content\/uploads\/2023\/10\/3e366b63668e4ef09fbb4aeee81d83f0-635x365.jpg",635,365,true],"large":["https:\/\/arantv.az\/wp-content\/uploads\/2023\/10\/3e366b63668e4ef09fbb4aeee81d83f0-840x483.jpg",640,368,true],"1536x1536":["https:\/\/arantv.az\/wp-content\/uploads\/2023\/10\/3e366b63668e4ef09fbb4aeee81d83f0.jpg",870,500,false],"2048x2048":["https:\/\/arantv.az\/wp-content\/uploads\/2023\/10\/3e366b63668e4ef09fbb4aeee81d83f0.jpg",870,500,false],"post-thumbnail":["https:\/\/arantv.az\/wp-content\/uploads\/2023\/10\/3e366b63668e4ef09fbb4aeee81d83f0-240x172.jpg",240,172,true],"advps-thumb-one":["https:\/\/arantv.az\/wp-content\/uploads\/2023\/10\/3e366b63668e4ef09fbb4aeee81d83f0.jpg",870,500,false]},"rttpg_author":{"display_name":"V\u00fcsal Rafiqo\u011flu","author_link":"https:\/\/arantv.az\/?author=2"},"rttpg_comment":0,"rttpg_category":"<a href=\"https:\/\/arantv.az\/?cat=19\" rel=\"category\">G\u00fcnd\u0259m<\/a>","rttpg_excerpt":"Sentyabr\u0131n 27-d\u0259 \u201cLa\u00e7\u0131n\u201d d\u00f6vl\u0259t s\u0259rh\u0259dind\u0259n burax\u0131l\u0131\u015f m\u0259nt\u0259q\u0259sind\u0259 D\u00f6vl\u0259t S\u0259rh\u0259d Xidm\u0259tinin h\u0259rbi qulluq\u00e7ular\u0131n\u0131n say\u0131ql\u0131\u011f\u0131 n\u0259tic\u0259sind\u0259 \u00f6lk\u0259 \u0259razisin\u0259 qeyri-qanuni g\u0259l\u0259r\u0259k qondarma \u201cDa\u011fl\u0131q Qaraba\u011f Respublikas\u0131n\u0131n D\u00f6vl\u0259t naziri\u201d v\u0259zif\u0259sind\u0259 \u00e7al\u0131\u015fm\u0131\u015f 1968-ci il t\u0259v\u0259ll\u00fcdl\u00fc Ruben Karleni Vardanyan Az\u0259rbaycan Respublikas\u0131ndan Erm\u0259nistan istiqam\u0259tind\u0259 h\u0259r\u0259k\u0259t ed\u0259rk\u0259n saxlan\u0131l\u0131b. Erm\u0259ni \u0259silli rusiyal\u0131 i\u015f adam\u0131 Ruben Vardanyan ittiham elan edilm\u0259kl\u0259 t\u0259qsirl\u0259ndiril\u0259n \u015f\u0259xs qismind\u0259 cinay\u0259t m\u0259suliyy\u0259tin\u0259 c\u0259lb&hellip;","_links":{"self":[{"href":"https:\/\/arantv.az\/index.php?rest_route=\/wp\/v2\/posts\/641039"}],"collection":[{"href":"https:\/\/arantv.az\/index.php?rest_route=\/wp\/v2\/posts"}],"about":[{"href":"https:\/\/arantv.az\/index.php?rest_route=\/wp\/v2\/types\/post"}],"author":[{"embeddable":true,"href":"https:\/\/arantv.az\/index.php?rest_route=\/wp\/v2\/users\/2"}],"replies":[{"embeddable":true,"href":"https:\/\/arantv.az\/index.php?rest_route=%2Fwp%2Fv2%2Fcomments&post=641039"}],"version-history":[{"count":0,"href":"https:\/\/arantv.az\/index.php?rest_route=\/wp\/v2\/posts\/641039\/revisions"}],"wp:featuredmedia":[{"embeddable":true,"href":"https:\/\/arantv.az\/index.php?rest_route=\/wp\/v2\/media\/641040"}],"wp:attachment":[{"href":"https:\/\/arantv.az\/index.php?rest_route=%2Fwp%2Fv2%2Fmedia&parent=641039"}],"wp:term":[{"taxonomy":"category","embeddable":true,"href":"https:\/\/arantv.az\/index.php?rest_route=%2Fwp%2Fv2%2Fcategories&post=641039"},{"taxonomy":"post_tag","embeddable":true,"href":"https:\/\/arantv.az\/index.php?rest_route=%2Fwp%2Fv2%2Ftags&post=641039"}],"curies":[{"name":"wp","href":"https:\/\/api.w.org\/{rel}","templated":true}]}}