{"id":641043,"date":"2023-10-03T23:16:23","date_gmt":"2023-10-03T19:16:23","guid":{"rendered":"https:\/\/arantv.az\/?p=641043"},"modified":"2023-10-03T23:16:23","modified_gmt":"2023-10-03T19:16:23","slug":"zatulin-putinin-erm%c9%99nistana-girisin%c9%99-qadaga-qoyulmasini-t%c9%99hqir-adlandirib","status":"publish","type":"post","link":"https:\/\/arantv.az\/?p=641043","title":{"rendered":"Zatulin Putinin Erm\u0259nistana giri\u015fin\u0259 qada\u011fa qoyulmas\u0131n\u0131 t\u0259hqir adland\u0131r\u0131b"},"content":{"rendered":"<p>\u201cErm\u0259nistan h\u00f6kum\u0259tinin Roma Statutunun ratifikasiyas\u0131 il\u0259 ba\u011fl\u0131 q\u0259rar\u0131 qeyri-dost add\u0131md\u0131r, lakin \u0130r\u0259van ard\u0131c\u0131l olaraq bu kursu davam etdirir\u201d.<\/p>\n<p>Bunu Rusiya D\u00f6vl\u0259t Dumas\u0131n\u0131n MDB i\u015fl\u0259ri, Avrasiya inteqrasiyas\u0131 v\u0259 h\u0259mv\u0259t\u0259nl\u0259rl\u0259 \u0259laq\u0259l\u0259r komit\u0259si r\u0259hb\u0259rinin birinci m\u00fcavini Konstantin Zatulin NEWS.ru-ya bildirib.<\/p>\n<p>Onun s\u00f6zl\u0259rin\u0259 g\u00f6r\u0259, Erm\u0259nistan t\u0259r\u0259fi r\u0259smi olaraq Rusiya Prezidenti Vladimir Putinin \u00f6lk\u0259y\u0259 giri\u015fin\u0259 qada\u011fa qoyub ki, bu da \u00f6zl\u00fcy\u00fcnd\u0259 t\u0259hqirdir.<\/p>\n","protected":false},"excerpt":{"rendered":"<p>\u201cErm\u0259nistan h\u00f6kum\u0259tinin Roma Statutunun ratifikasiyas\u0131 il\u0259 ba\u011fl\u0131 q\u0259rar\u0131 qeyri-dost add\u0131md\u0131r, lakin \u0130r\u0259van ard\u0131c\u0131l olaraq bu kursu davam etdirir\u201d. Bunu Rusiya D\u00f6vl\u0259t Dumas\u0131n\u0131n MDB i\u015fl\u0259ri, Avrasiya inteqrasiyas\u0131 v\u0259 h\u0259mv\u0259t\u0259nl\u0259rl\u0259 \u0259laq\u0259l\u0259r komit\u0259si r\u0259hb\u0259rinin birinci m\u00fcavini Konstantin Zatulin NEWS.ru-ya bildirib. Onun s\u00f6zl\u0259rin\u0259 g\u00f6r\u0259, Erm\u0259nistan t\u0259r\u0259fi r\u0259smi olaraq Rusiya Prezidenti Vladimir Putinin \u00f6lk\u0259y\u0259 giri\u015fin\u0259 qada\u011fa qoyub ki, bu da \u00f6zl\u00fcy\u00fcnd\u0259 t\u0259hqirdir.<\/p>\n","protected":false},"author":2,"featured_media":641044,"comment_status":"closed","ping_status":"closed","sticky":false,"template":"","format":"standard","meta":{"om_disable_all_campaigns":false,"_monsterinsights_skip_tracking":false,"_monsterinsights_sitenote_active":false,"_monsterinsights_sitenote_note":"","_monsterinsights_sitenote_category":0},"categories":[7],"tags":[],"aioseo_notices":[],"gutentor_comment":0,"rttpg_featured_image_url":{"full":["https:\/\/arantv.az\/wp-content\/uploads\/2023\/10\/386468016_3622586904665674_2722032070035070410_n.jpg",620,413,false],"landscape":["https:\/\/arantv.az\/wp-content\/uploads\/2023\/10\/386468016_3622586904665674_2722032070035070410_n.jpg",620,413,false],"portraits":["https:\/\/arantv.az\/wp-content\/uploads\/2023\/10\/386468016_3622586904665674_2722032070035070410_n.jpg",620,413,false],"thumbnail":["https:\/\/arantv.az\/wp-content\/uploads\/2023\/10\/386468016_3622586904665674_2722032070035070410_n-500x280.jpg",500,280,true],"medium":["https:\/\/arantv.az\/wp-content\/uploads\/2023\/10\/386468016_3622586904665674_2722032070035070410_n-548x365.jpg",548,365,true],"large":["https:\/\/arantv.az\/wp-content\/uploads\/2023\/10\/386468016_3622586904665674_2722032070035070410_n.jpg",620,413,false],"1536x1536":["https:\/\/arantv.az\/wp-content\/uploads\/2023\/10\/386468016_3622586904665674_2722032070035070410_n.jpg",620,413,false],"2048x2048":["https:\/\/arantv.az\/wp-content\/uploads\/2023\/10\/386468016_3622586904665674_2722032070035070410_n.jpg",620,413,false],"post-thumbnail":["https:\/\/arantv.az\/wp-content\/uploads\/2023\/10\/386468016_3622586904665674_2722032070035070410_n-240x172.jpg",240,172,true],"advps-thumb-one":["https:\/\/arantv.az\/wp-content\/uploads\/2023\/10\/386468016_3622586904665674_2722032070035070410_n.jpg",620,413,false]},"rttpg_author":{"display_name":"V\u00fcsal Rafiqo\u011flu","author_link":"https:\/\/arantv.az\/?author=2"},"rttpg_comment":0,"rttpg_category":"<a href=\"https:\/\/arantv.az\/?cat=7\" rel=\"category\">D\u00fcnya<\/a>","rttpg_excerpt":"\u201cErm\u0259nistan h\u00f6kum\u0259tinin Roma Statutunun ratifikasiyas\u0131 il\u0259 ba\u011fl\u0131 q\u0259rar\u0131 qeyri-dost add\u0131md\u0131r, lakin \u0130r\u0259van ard\u0131c\u0131l olaraq bu kursu davam etdirir\u201d. Bunu Rusiya D\u00f6vl\u0259t Dumas\u0131n\u0131n MDB i\u015fl\u0259ri, Avrasiya inteqrasiyas\u0131 v\u0259 h\u0259mv\u0259t\u0259nl\u0259rl\u0259 \u0259laq\u0259l\u0259r komit\u0259si r\u0259hb\u0259rinin birinci m\u00fcavini Konstantin Zatulin NEWS.ru-ya bildirib. Onun s\u00f6zl\u0259rin\u0259 g\u00f6r\u0259, Erm\u0259nistan t\u0259r\u0259fi r\u0259smi olaraq Rusiya Prezidenti Vladimir Putinin \u00f6lk\u0259y\u0259 giri\u015fin\u0259 qada\u011fa qoyub ki, bu da&hellip;","_links":{"self":[{"href":"https:\/\/arantv.az\/index.php?rest_route=\/wp\/v2\/posts\/641043"}],"collection":[{"href":"https:\/\/arantv.az\/index.php?rest_route=\/wp\/v2\/posts"}],"about":[{"href":"https:\/\/arantv.az\/index.php?rest_route=\/wp\/v2\/types\/post"}],"author":[{"embeddable":true,"href":"https:\/\/arantv.az\/index.php?rest_route=\/wp\/v2\/users\/2"}],"replies":[{"embeddable":true,"href":"https:\/\/arantv.az\/index.php?rest_route=%2Fwp%2Fv2%2Fcomments&post=641043"}],"version-history":[{"count":0,"href":"https:\/\/arantv.az\/index.php?rest_route=\/wp\/v2\/posts\/641043\/revisions"}],"wp:featuredmedia":[{"embeddable":true,"href":"https:\/\/arantv.az\/index.php?rest_route=\/wp\/v2\/media\/641044"}],"wp:attachment":[{"href":"https:\/\/arantv.az\/index.php?rest_route=%2Fwp%2Fv2%2Fmedia&parent=641043"}],"wp:term":[{"taxonomy":"category","embeddable":true,"href":"https:\/\/arantv.az\/index.php?rest_route=%2Fwp%2Fv2%2Fcategories&post=641043"},{"taxonomy":"post_tag","embeddable":true,"href":"https:\/\/arantv.az\/index.php?rest_route=%2Fwp%2Fv2%2Ftags&post=641043"}],"curies":[{"name":"wp","href":"https:\/\/api.w.org\/{rel}","templated":true}]}}