{"id":641047,"date":"2023-10-03T23:43:29","date_gmt":"2023-10-03T19:43:29","guid":{"rendered":"https:\/\/arantv.az\/?p=641047"},"modified":"2023-10-03T23:43:29","modified_gmt":"2023-10-03T19:43:29","slug":"xank%c9%99ndid%c9%99-bir-kuc%c9%99y%c9%99-%c9%99nv%c9%99r-pasanin-adi-verildi","status":"publish","type":"post","link":"https:\/\/arantv.az\/?p=641047","title":{"rendered":"Xank\u0259ndid\u0259 bir k\u00fc\u00e7\u0259y\u0259 \u018fnv\u0259r Pa\u015fan\u0131n ad\u0131 verildi"},"content":{"rendered":"<p>Xank\u0259ndid\u0259 k\u00fc\u00e7\u0259l\u0259rd\u0259n birin\u0259 \u018fnv\u0259r Pa\u015fan\u0131n ad\u0131 verilib.<\/p>\n<p>Bu, Az\u0259rbaycan Ordusunun konstitusiya qurulu\u015funun b\u0259rpa edilm\u0259si m\u0259qs\u0259dil\u0259 Qaraba\u011fda ke\u00e7irdiyi lokal antiterror t\u0259dbirl\u0259rind\u0259n sonra m\u00fcmk\u00fcn olub.<\/p>\n<p>Qeyd ed\u0259k ki, \u018fnv\u0259r Pa\u015fan\u0131n Az\u0259rbaycan\u0131 yadelli i\u015f\u011faldan azad ed\u0259n Qafqaz \u0130slam Ordusunun qurulmas\u0131nda m\u00fcst\u0259sna xidm\u0259tl\u0259ri olub.<\/p>\n<p>M\u0259nb\u0259: TRT<\/p>\n","protected":false},"excerpt":{"rendered":"<p>Xank\u0259ndid\u0259 k\u00fc\u00e7\u0259l\u0259rd\u0259n birin\u0259 \u018fnv\u0259r Pa\u015fan\u0131n ad\u0131 verilib. Bu, Az\u0259rbaycan Ordusunun konstitusiya qurulu\u015funun b\u0259rpa edilm\u0259si m\u0259qs\u0259dil\u0259 Qaraba\u011fda ke\u00e7irdiyi lokal antiterror t\u0259dbirl\u0259rind\u0259n sonra m\u00fcmk\u00fcn olub. Qeyd ed\u0259k ki, \u018fnv\u0259r Pa\u015fan\u0131n Az\u0259rbaycan\u0131 yadelli i\u015f\u011faldan azad ed\u0259n Qafqaz \u0130slam Ordusunun qurulmas\u0131nda m\u00fcst\u0259sna xidm\u0259tl\u0259ri olub. M\u0259nb\u0259: TRT<\/p>\n","protected":false},"author":2,"featured_media":641048,"comment_status":"closed","ping_status":"closed","sticky":false,"template":"","format":"standard","meta":{"om_disable_all_campaigns":false,"_monsterinsights_skip_tracking":false,"_monsterinsights_sitenote_active":false,"_monsterinsights_sitenote_note":"","_monsterinsights_sitenote_category":0},"categories":[1],"tags":[],"aioseo_notices":[],"gutentor_comment":0,"rttpg_featured_image_url":{"full":["https:\/\/arantv.az\/wp-content\/uploads\/2023\/10\/Ekran-A_E_kli-2023-10-03-224151.jpg",620,413,false],"landscape":["https:\/\/arantv.az\/wp-content\/uploads\/2023\/10\/Ekran-A_E_kli-2023-10-03-224151.jpg",620,413,false],"portraits":["https:\/\/arantv.az\/wp-content\/uploads\/2023\/10\/Ekran-A_E_kli-2023-10-03-224151.jpg",620,413,false],"thumbnail":["https:\/\/arantv.az\/wp-content\/uploads\/2023\/10\/Ekran-A_E_kli-2023-10-03-224151-500x280.jpg",500,280,true],"medium":["https:\/\/arantv.az\/wp-content\/uploads\/2023\/10\/Ekran-A_E_kli-2023-10-03-224151-548x365.jpg",548,365,true],"large":["https:\/\/arantv.az\/wp-content\/uploads\/2023\/10\/Ekran-A_E_kli-2023-10-03-224151.jpg",620,413,false],"1536x1536":["https:\/\/arantv.az\/wp-content\/uploads\/2023\/10\/Ekran-A_E_kli-2023-10-03-224151.jpg",620,413,false],"2048x2048":["https:\/\/arantv.az\/wp-content\/uploads\/2023\/10\/Ekran-A_E_kli-2023-10-03-224151.jpg",620,413,false],"post-thumbnail":["https:\/\/arantv.az\/wp-content\/uploads\/2023\/10\/Ekran-A_E_kli-2023-10-03-224151-240x172.jpg",240,172,true],"advps-thumb-one":["https:\/\/arantv.az\/wp-content\/uploads\/2023\/10\/Ekran-A_E_kli-2023-10-03-224151.jpg",620,413,false]},"rttpg_author":{"display_name":"V\u00fcsal Rafiqo\u011flu","author_link":"https:\/\/arantv.az\/?author=2"},"rttpg_comment":0,"rttpg_category":"<a href=\"https:\/\/arantv.az\/?cat=1\" rel=\"category\">C\u0259miyy\u0259t<\/a>","rttpg_excerpt":"Xank\u0259ndid\u0259 k\u00fc\u00e7\u0259l\u0259rd\u0259n birin\u0259 \u018fnv\u0259r Pa\u015fan\u0131n ad\u0131 verilib. Bu, Az\u0259rbaycan Ordusunun konstitusiya qurulu\u015funun b\u0259rpa edilm\u0259si m\u0259qs\u0259dil\u0259 Qaraba\u011fda ke\u00e7irdiyi lokal antiterror t\u0259dbirl\u0259rind\u0259n sonra m\u00fcmk\u00fcn olub. Qeyd ed\u0259k ki, \u018fnv\u0259r Pa\u015fan\u0131n Az\u0259rbaycan\u0131 yadelli i\u015f\u011faldan azad ed\u0259n Qafqaz \u0130slam Ordusunun qurulmas\u0131nda m\u00fcst\u0259sna xidm\u0259tl\u0259ri olub. M\u0259nb\u0259: TRT","_links":{"self":[{"href":"https:\/\/arantv.az\/index.php?rest_route=\/wp\/v2\/posts\/641047"}],"collection":[{"href":"https:\/\/arantv.az\/index.php?rest_route=\/wp\/v2\/posts"}],"about":[{"href":"https:\/\/arantv.az\/index.php?rest_route=\/wp\/v2\/types\/post"}],"author":[{"embeddable":true,"href":"https:\/\/arantv.az\/index.php?rest_route=\/wp\/v2\/users\/2"}],"replies":[{"embeddable":true,"href":"https:\/\/arantv.az\/index.php?rest_route=%2Fwp%2Fv2%2Fcomments&post=641047"}],"version-history":[{"count":0,"href":"https:\/\/arantv.az\/index.php?rest_route=\/wp\/v2\/posts\/641047\/revisions"}],"wp:featuredmedia":[{"embeddable":true,"href":"https:\/\/arantv.az\/index.php?rest_route=\/wp\/v2\/media\/641048"}],"wp:attachment":[{"href":"https:\/\/arantv.az\/index.php?rest_route=%2Fwp%2Fv2%2Fmedia&parent=641047"}],"wp:term":[{"taxonomy":"category","embeddable":true,"href":"https:\/\/arantv.az\/index.php?rest_route=%2Fwp%2Fv2%2Fcategories&post=641047"},{"taxonomy":"post_tag","embeddable":true,"href":"https:\/\/arantv.az\/index.php?rest_route=%2Fwp%2Fv2%2Ftags&post=641047"}],"curies":[{"name":"wp","href":"https:\/\/api.w.org\/{rel}","templated":true}]}}