{"id":641051,"date":"2023-10-04T08:28:06","date_gmt":"2023-10-04T04:28:06","guid":{"rendered":"https:\/\/arantv.az\/?p=641051"},"modified":"2023-10-04T08:28:06","modified_gmt":"2023-10-04T04:28:06","slug":"az%c9%99rbaycan-polsada-keciril%c9%99n-beyn%c9%99lxalq-musiqi-festivalinda-t%c9%99msil-olunub-foto","status":"publish","type":"post","link":"https:\/\/arantv.az\/?p=641051","title":{"rendered":"Az\u0259rbaycan Pol\u015fada ke\u00e7iril\u0259n Beyn\u0259lxalq Musiqi Festival\u0131nda t\u0259msil olunub &#8211; FOTO"},"content":{"rendered":"<p>Pol\u015fan\u0131n B\u0131dqo\u015f\u00e7 \u015f\u0259h\u0259rind\u0259 ke\u00e7iril\u0259n Beyn\u0259lxalq Musiqi Festival\u0131 \u00e7\u0259r\u00e7iv\u0259sind\u0259 Az\u0259rbaycan\u0131n Pol\u015fadak\u0131 s\u0259firliyinin t\u0259\u015f\u0259bb\u00fcs\u00fc v\u0259 Az\u0259rbaycan M\u0259d\u0259niyy\u0259t Nazirliyinin d\u0259st\u0259yi il\u0259 Az\u0259rbaycan musiqisi gec\u0259si t\u0259\u015fkil edilib.<\/p>\n<p>AZ\u018fRTAC\u00a0x\u0259b\u0259r verir ki, gec\u0259d\u0259 g\u0259nc ifa\u00e7\u0131lar Nisb\u0259t S\u0259drayeva v\u0259 H\u00fcseyn M\u0259likov tan\u0131nm\u0131\u015f musiqi\u00e7il\u0259r R\u00f6v\u015f\u0259n Qurbanov, To\u011frul \u018fs\u0259dullayev, V\u00fcsal Bayramov v\u0259 Rafael \u0130sg\u0259nd\u0259rovun m\u00fc\u015fayi\u0259ti il\u0259 mu\u011famlar\u0131m\u0131zdan n\u00fcmun\u0259l\u0259r, xalq mahn\u0131lar\u0131 v\u0259 g\u00f6rk\u0259mli b\u0259st\u0259karlar\u0131m\u0131z\u0131n \u0259s\u0259rl\u0259rind\u0259n par\u00e7alar s\u0259sl\u0259ndiribl\u0259r.<\/p>\n<p>Gec\u0259nin a\u00e7\u0131l\u0131\u015f\u0131nda Az\u0259rbaycan\u0131n Pol\u015fadak\u0131 s\u0259firi N\u0259rgiz Qurbanova v\u0259 konsertin t\u0259\u015fkil olundu\u011fu Pomeraniya Filarmoniyas\u0131n\u0131n direktorunun m\u00fcavini Tsezari Nelkovski \u00e7\u0131x\u0131\u015f edibl\u0259r.<\/p>\n<p>S\u0259fir N.Qurbanova, ilk n\u00f6vb\u0259d\u0259, gec\u0259nin t\u0259\u015fkilind\u0259 g\u00f6st\u0259rdikl\u0259ri d\u0259st\u0259y\u0259 g\u00f6r\u0259 Az\u0259rbaycan M\u0259d\u0259niyy\u0259t Nazirliyin\u0259 v\u0259 Pomeraniya Filarmoniyas\u0131na t\u0259\u015f\u0259kk\u00fcr edib. O, cari ilin bir s\u0131ra yubileyl\u0259r il\u0259 \u0259lam\u0259tdar oldu\u011funu &#8211; m\u00fcs\u0259lman \u015e\u0259rqind\u0259 ilk parlament respublikas\u0131 olan Az\u0259rbaycan Demokratik Respublikas\u0131n\u0131n 105, Az\u0259rbaycan teatr\u0131n\u0131n 150, Az\u0259rbaycan kinematoqrafiyas\u0131n\u0131n 125, m\u00fcs\u0259lman d\u00fcnyas\u0131nda ilk opera olan \u201cLeyli v\u0259 M\u0259cnun\u201d operas\u0131n\u0131n 115 illiyinin qeyd olundu\u011funu s\u00f6yl\u0259yib.<\/p>\n<p>\u00c7ox\u0259srlik Az\u0259rbaycan musiqisinin \u00f6z h\u00fcdudlar\u0131n\u0131 a\u015faraq qlobal musiqi irsinin ayr\u0131lmaz hiss\u0259sin\u0259 \u00e7evrildiyini qeyd ed\u0259n s\u0259fir, Az\u0259rbaycan\u0131n musiqi m\u0259b\u0259di olan \u015eu\u015fa \u015f\u0259h\u0259ri bar\u0259d\u0259 izl\u0259yicil\u0259r\u0259 m\u0259lumat verib. Qeyd edib ki, Az\u0259rbaycan\u0131n dem\u0259k olar, b\u00fct\u00fcn tan\u0131nm\u0131\u015f musiqi\u00e7il\u0259ri &#8211;\u00a0xan\u0259nd\u0259l\u0259r, instrumental ifa\u00e7\u0131lar, b\u0259st\u0259karlar \u201c\u015e\u0259rqin Konservatoriyas\u0131\u201d hesab olunan v\u0259 2023-c\u00fc ild\u0259 \u201cT\u00fcrk D\u00fcnyas\u0131n\u0131n M\u0259d\u0259niyy\u0259t Paytaxt\u0131\u201d olan \u015eu\u015fa \u015f\u0259h\u0259rind\u0259ndir. O, \u015eu\u015fan\u0131n h\u0259m d\u0259 m\u00fcs\u0259lman \u015e\u0259rqind\u0259 ilk operan\u0131n m\u00fc\u0259llifi olan g\u00f6rk\u0259mli Az\u0259rbaycan b\u0259st\u0259kar\u0131 \u00dczeyir Hac\u0131b\u0259ylinin v\u0259t\u0259ni oldu\u011funu vur\u011fulay\u0131b. Eyni zamanda, N.Qurbanova b\u0259st\u0259kar\u0131n do\u011fuldu\u011fu \u015eu\u015fa \u015f\u0259h\u0259rinin bu yax\u0131nlarda\u00a0\u00dczeyir Hac\u0131b\u0259yli XV Beyn\u0259lxalq Musiqi Festival\u0131na ev sahibliyi etdiyini diqq\u0259t\u0259 \u00e7atd\u0131r\u0131b.<\/p>\n<p>N.Qurbanova B\u0131dqo\u015f\u00e7 musiqi festival\u0131 tarixind\u0259 ilk d\u0259f\u0259 olaraq az\u0259rbaycanl\u0131 musiqi\u00e7il\u0259rin i\u015ftirak\u0131n\u0131 b\u00f6y\u00fck m\u0259mnuniyy\u0259t hissi il\u0259 qeyd edib, konsert proqram\u0131nda musiqi\u00e7il\u0259r t\u0259r\u0259find\u0259n s\u0259sl\u0259ndiril\u0259c\u0259k mu\u011famlar bar\u0259d\u0259 izl\u0259yicil\u0259r\u0259 m\u0259lumat verib. O, Az\u0259rbaycan mu\u011fam s\u0259n\u0259tinin UNESCO-nun qeyri-maddi m\u0259d\u0259ni irsin qorunmas\u0131 \u00fczr\u0259 reprezentativ siyah\u0131s\u0131na daxil edilm\u0259si, Bak\u0131, \u015eamax\u0131, G\u0259nc\u0259, Qaraba\u011f mu\u011fam m\u0259kt\u0259bl\u0259ri bar\u0259d\u0259 dan\u0131\u015f\u0131b.<\/p>\n<p>Pomeraniya Filarmoniyas\u0131n\u0131n direktorunun m\u00fcavini T.Nelkovski \u00e7\u0131x\u0131\u015f ed\u0259r\u0259k, Beyn\u0259lxalq Musiqi G\u00fcn\u00fcnd\u0259 Az\u0259rbaycan musiqi gec\u0259sinin t\u0259\u015fkilind\u0259n m\u0259mnunlu\u011funu bildirib. \u00d6lk\u0259l\u0259rimiz aras\u0131nda tarix\u0259n m\u00f6vcud olmu\u015f m\u0259d\u0259ni \u0259laq\u0259l\u0259r\u0259 diqq\u0259t \u00e7\u0259k\u0259n T.Nelkovski Az\u0259rbaycanda memarl\u0131\u011f\u0131n inki\u015faf\u0131na polyak memarlar\u0131n t\u00f6hf\u0259sind\u0259n b\u0259hs edib. \u018fd\u0259bi v\u0259 dig\u0259r sah\u0259l\u0259rd\u0259 d\u0259 \u00f6lk\u0259l\u0259rimiz aras\u0131nda \u0259laq\u0259l\u0259r\u0259 toxunan direktor m\u00fcavini t\u0259\u015fkil olunan konsert gec\u0259sinin bu \u0259laq\u0259l\u0259rin davam\u0131 oldu\u011funu bildirib.<\/p>\n<p>Alt\u0131 y\u00fczd\u0259n art\u0131q tama\u015fa\u00e7\u0131n\u0131n i\u015ftirak etdiyi konsert proqram\u0131n\u0131n sonunda qonaqlara Az\u0259rbaycan \u015f\u0259rablar\u0131, \u00f6lk\u0259mizin l\u0259ziz m\u0259tb\u0259xind\u0259n t\u0259amlar t\u0259qdim olunub.<\/p>\n<p>Konsert \u00e7\u0259r\u00e7iv\u0259sind\u0259 musiqi\u00e7il\u0259rimiz Pol\u015fa Televiziyas\u0131n\u0131n B\u0131dqo\u015f\u00e7 b\u00f6lm\u0259sin\u0259 m\u00fcsahib\u0259 veribl\u0259r. Konsert pol\u015fal\u0131 musiqisev\u0259rl\u0259r t\u0259r\u0259find\u0259n b\u00f6y\u00fck maraq v\u0259 r\u0259\u011fb\u0259tl\u0259 qar\u015f\u0131lan\u0131b.<\/p>\n<p>Qeyd ed\u0259k ki, B\u0131dqo\u015f\u00e7 \u015f\u0259h\u0259rind\u0259 1963-c\u00fc ild\u0259n etibar\u0259n ke\u00e7iril\u0259n musiqi festival\u0131na Pomeraniya Filarmoniyas\u0131 ev sahibliyi edir. Pol\u015fan\u0131n m\u0259d\u0259ni h\u0259yat\u0131nda m\u00fch\u00fcm hadis\u0259 hesab olunan festival h\u0259m bu \u00f6lk\u0259d\u0259, h\u0259m d\u0259 onun h\u00fcdudlar\u0131ndan k\u0259narda pe\u015f\u0259kar musiqi dair\u0259l\u0259ri aras\u0131nda b\u00f6y\u00fck n\u00fcfuza malikdir.<\/p>\n<p>&nbsp;<\/p>\n<div class=\"gallery\">\n<div class=\"gallery-i\"><img src=\"https:\/\/cdn.oxu.az\/uploads\/W1siZiIsIjIwMjMvMTAvMDQvMDAvMTkvMTMvZjUyYTk4NDUtMzM0Zi00MGUwLThkNzEtNDViOWY1ZmVkNzZiLzE2OTYzNjI3ODAzNjE3MjE2NjVfMTIwMHg2MzAuanBnIl0sWyJwIiwiZW5jb2RlIiwianBnIiwiLXF1YWxpdHkgODAiXSxbInAiLCJ0aHVtYiIsIjU5MHg1OTBcdTAwM2UiXV0?sha=589d7ee46a0d4a08\" alt=\"\" \/><\/p>\n<div class=\"gallery-i-caption\"><\/div>\n<\/div>\n<div class=\"gallery-i\"><img src=\"https:\/\/cdn.oxu.az\/uploads\/W1siZiIsIjIwMjMvMTAvMDQvMDAvMTkvMTMvZDZjMTg3OTAtMjMyNi00ZTcwLWI4YWQtYmYwMmMzYjE2NWUxLzE2OTYzNjI3ODA2MDYxMTYwMDZfMTIwMHg2MzAuanBnIl0sWyJwIiwiZW5jb2RlIiwianBnIiwiLXF1YWxpdHkgODAiXSxbInAiLCJ0aHVtYiIsIjU5MHg1OTBcdTAwM2UiXV0?sha=01fdbb241dd8946c\" alt=\"\" \/><\/p>\n<div class=\"gallery-i-caption\"><\/div>\n<\/div>\n<div class=\"gallery-i\"><img src=\"https:\/\/cdn.oxu.az\/uploads\/W1siZiIsIjIwMjMvMTAvMDQvMDAvMTkvMTMvZmI4MzZmYjItNjdkNi00Yjc5LTljMmEtMmIwN2RjMTE2MDFjLzE2OTYzNjI3ODAzNDE2OTU4MV8xMjAweDYzMC5qcGciXSxbInAiLCJlbmNvZGUiLCJqcGciLCItcXVhbGl0eSA4MCJdLFsicCIsInRodW1iIiwiNTkweDU5MFx1MDAzZSJdXQ?sha=e4a0ce2631c7a108\" alt=\"\" \/><\/p>\n<div class=\"gallery-i-caption\"><\/div>\n<\/div>\n<div class=\"gallery-i\"><img src=\"https:\/\/cdn.oxu.az\/uploads\/W1siZiIsIjIwMjMvMTAvMDQvMDAvMTkvMTMvNzAyOTI2MjAtN2RjMS00NDY1LThiN2QtYWUxMDVkZGUzMDhhLzE2OTYzNjI3ODAxNjEzMTQxMTQ0XzEyMDB4NjMwLmpwZyJdLFsicCIsImVuY29kZSIsImpwZyIsIi1xdWFsaXR5IDgwIl0sWyJwIiwidGh1bWIiLCI1OTB4NTkwXHUwMDNlIl1d?sha=d57b6c1385bc3a9c\" alt=\"\" \/><\/div>\n<\/div>\n","protected":false},"excerpt":{"rendered":"<p>Pol\u015fan\u0131n B\u0131dqo\u015f\u00e7 \u015f\u0259h\u0259rind\u0259 ke\u00e7iril\u0259n Beyn\u0259lxalq Musiqi Festival\u0131 \u00e7\u0259r\u00e7iv\u0259sind\u0259 Az\u0259rbaycan\u0131n Pol\u015fadak\u0131 s\u0259firliyinin t\u0259\u015f\u0259bb\u00fcs\u00fc v\u0259 Az\u0259rbaycan M\u0259d\u0259niyy\u0259t Nazirliyinin d\u0259st\u0259yi il\u0259 Az\u0259rbaycan musiqisi gec\u0259si t\u0259\u015fkil edilib. AZ\u018fRTAC\u00a0x\u0259b\u0259r verir ki, gec\u0259d\u0259 g\u0259nc ifa\u00e7\u0131lar Nisb\u0259t S\u0259drayeva v\u0259 H\u00fcseyn M\u0259likov tan\u0131nm\u0131\u015f musiqi\u00e7il\u0259r R\u00f6v\u015f\u0259n Qurbanov, To\u011frul \u018fs\u0259dullayev, V\u00fcsal Bayramov v\u0259 Rafael \u0130sg\u0259nd\u0259rovun m\u00fc\u015fayi\u0259ti il\u0259 mu\u011famlar\u0131m\u0131zdan n\u00fcmun\u0259l\u0259r, xalq mahn\u0131lar\u0131 v\u0259 g\u00f6rk\u0259mli b\u0259st\u0259karlar\u0131m\u0131z\u0131n \u0259s\u0259rl\u0259rind\u0259n par\u00e7alar s\u0259sl\u0259ndiribl\u0259r. Gec\u0259nin a\u00e7\u0131l\u0131\u015f\u0131nda Az\u0259rbaycan\u0131n Pol\u015fadak\u0131 s\u0259firi N\u0259rgiz Qurbanova v\u0259 konsertin t\u0259\u015fkil olundu\u011fu Pomeraniya Filarmoniyas\u0131n\u0131n direktorunun m\u00fcavini Tsezari Nelkovski \u00e7\u0131x\u0131\u015f edibl\u0259r. S\u0259fir N.Qurbanova, ilk n\u00f6vb\u0259d\u0259, gec\u0259nin t\u0259\u015fkilind\u0259 g\u00f6st\u0259rdikl\u0259ri d\u0259st\u0259y\u0259 g\u00f6r\u0259 Az\u0259rbaycan M\u0259d\u0259niyy\u0259t Nazirliyin\u0259 v\u0259 Pomeraniya&hellip;<\/p>\n","protected":false},"author":2,"featured_media":641053,"comment_status":"closed","ping_status":"closed","sticky":false,"template":"","format":"standard","meta":{"om_disable_all_campaigns":false,"_monsterinsights_skip_tracking":false,"_monsterinsights_sitenote_active":false,"_monsterinsights_sitenote_note":"","_monsterinsights_sitenote_category":0},"categories":[1],"tags":[],"aioseo_notices":[],"gutentor_comment":0,"rttpg_featured_image_url":{"full":["https:\/\/arantv.az\/wp-content\/uploads\/2023\/10\/16963627803322926906_1200x630.jpg",620,413,false],"landscape":["https:\/\/arantv.az\/wp-content\/uploads\/2023\/10\/16963627803322926906_1200x630.jpg",620,413,false],"portraits":["https:\/\/arantv.az\/wp-content\/uploads\/2023\/10\/16963627803322926906_1200x630.jpg",620,413,false],"thumbnail":["https:\/\/arantv.az\/wp-content\/uploads\/2023\/10\/16963627803322926906_1200x630-500x280.jpg",500,280,true],"medium":["https:\/\/arantv.az\/wp-content\/uploads\/2023\/10\/16963627803322926906_1200x630-548x365.jpg",548,365,true],"large":["https:\/\/arantv.az\/wp-content\/uploads\/2023\/10\/16963627803322926906_1200x630.jpg",620,413,false],"1536x1536":["https:\/\/arantv.az\/wp-content\/uploads\/2023\/10\/16963627803322926906_1200x630.jpg",620,413,false],"2048x2048":["https:\/\/arantv.az\/wp-content\/uploads\/2023\/10\/16963627803322926906_1200x630.jpg",620,413,false],"post-thumbnail":["https:\/\/arantv.az\/wp-content\/uploads\/2023\/10\/16963627803322926906_1200x630-240x172.jpg",240,172,true],"advps-thumb-one":["https:\/\/arantv.az\/wp-content\/uploads\/2023\/10\/16963627803322926906_1200x630.jpg",620,413,false]},"rttpg_author":{"display_name":"V\u00fcsal Rafiqo\u011flu","author_link":"https:\/\/arantv.az\/?author=2"},"rttpg_comment":0,"rttpg_category":"<a href=\"https:\/\/arantv.az\/?cat=1\" rel=\"category\">C\u0259miyy\u0259t<\/a>","rttpg_excerpt":"Pol\u015fan\u0131n B\u0131dqo\u015f\u00e7 \u015f\u0259h\u0259rind\u0259 ke\u00e7iril\u0259n Beyn\u0259lxalq Musiqi Festival\u0131 \u00e7\u0259r\u00e7iv\u0259sind\u0259 Az\u0259rbaycan\u0131n Pol\u015fadak\u0131 s\u0259firliyinin t\u0259\u015f\u0259bb\u00fcs\u00fc v\u0259 Az\u0259rbaycan M\u0259d\u0259niyy\u0259t Nazirliyinin d\u0259st\u0259yi il\u0259 Az\u0259rbaycan musiqisi gec\u0259si t\u0259\u015fkil edilib. AZ\u018fRTAC\u00a0x\u0259b\u0259r verir ki, gec\u0259d\u0259 g\u0259nc ifa\u00e7\u0131lar Nisb\u0259t S\u0259drayeva v\u0259 H\u00fcseyn M\u0259likov tan\u0131nm\u0131\u015f musiqi\u00e7il\u0259r R\u00f6v\u015f\u0259n Qurbanov, To\u011frul \u018fs\u0259dullayev, V\u00fcsal Bayramov v\u0259 Rafael \u0130sg\u0259nd\u0259rovun m\u00fc\u015fayi\u0259ti il\u0259 mu\u011famlar\u0131m\u0131zdan n\u00fcmun\u0259l\u0259r, xalq mahn\u0131lar\u0131 v\u0259 g\u00f6rk\u0259mli b\u0259st\u0259karlar\u0131m\u0131z\u0131n \u0259s\u0259rl\u0259rind\u0259n&hellip;","_links":{"self":[{"href":"https:\/\/arantv.az\/index.php?rest_route=\/wp\/v2\/posts\/641051"}],"collection":[{"href":"https:\/\/arantv.az\/index.php?rest_route=\/wp\/v2\/posts"}],"about":[{"href":"https:\/\/arantv.az\/index.php?rest_route=\/wp\/v2\/types\/post"}],"author":[{"embeddable":true,"href":"https:\/\/arantv.az\/index.php?rest_route=\/wp\/v2\/users\/2"}],"replies":[{"embeddable":true,"href":"https:\/\/arantv.az\/index.php?rest_route=%2Fwp%2Fv2%2Fcomments&post=641051"}],"version-history":[{"count":0,"href":"https:\/\/arantv.az\/index.php?rest_route=\/wp\/v2\/posts\/641051\/revisions"}],"wp:featuredmedia":[{"embeddable":true,"href":"https:\/\/arantv.az\/index.php?rest_route=\/wp\/v2\/media\/641053"}],"wp:attachment":[{"href":"https:\/\/arantv.az\/index.php?rest_route=%2Fwp%2Fv2%2Fmedia&parent=641051"}],"wp:term":[{"taxonomy":"category","embeddable":true,"href":"https:\/\/arantv.az\/index.php?rest_route=%2Fwp%2Fv2%2Fcategories&post=641051"},{"taxonomy":"post_tag","embeddable":true,"href":"https:\/\/arantv.az\/index.php?rest_route=%2Fwp%2Fv2%2Ftags&post=641051"}],"curies":[{"name":"wp","href":"https:\/\/api.w.org\/{rel}","templated":true}]}}