{"id":641060,"date":"2023-10-04T08:31:36","date_gmt":"2023-10-04T04:31:36","guid":{"rendered":"https:\/\/arantv.az\/?p=641060"},"modified":"2023-10-04T08:31:36","modified_gmt":"2023-10-04T04:31:36","slug":"v%c9%99t%c9%99n-muharib%c9%99sinin-ilk-boyuk-q%c9%99l%c9%99b%c9%99si-3-il-onc%c9%99-bu-gun-c%c9%99brayil-azad-edilmisdi","status":"publish","type":"post","link":"https:\/\/arantv.az\/?p=641060","title":{"rendered":"V\u0259t\u0259n m\u00fcharib\u0259sinin ilk b\u00f6y\u00fck q\u0259l\u0259b\u0259si &#8211; 3 il \u00f6nc\u0259 bu g\u00fcn C\u018fBRAYIL azad edilmi\u015fdi&#8230;"},"content":{"rendered":"<p><strong>Bu g\u00fcn &#8211; oktyabr\u0131n 4-\u00fc C\u0259bray\u0131l \u015f\u0259h\u0259rinin Erm\u0259nistan Silahl\u0131 Q\u00fcvv\u0259l\u0259rinin i\u015f\u011fal\u0131ndan azad edilm\u0259sinin 3-c\u00fc\u00a0 ild\u00f6n\u00fcm\u00fcd\u00fcr.<\/strong><\/p>\n<p><strong>ARANTV.AZ <\/strong>\u00a0xat\u0131rlad\u0131r ki, 2020-ci il 27 sentyabrda C\u0259bray\u0131l rayonunun B\u00f6y\u00fck M\u0259rcanl\u0131 v\u0259 N\u00fczgar k\u0259ndl\u0259ri, 3 oktyabr tarixind\u0259 Mehdili, \u00c7ax\u0131rl\u0131, A\u015fa\u011f\u0131 Maralyan, \u015e\u0259yb\u0259y v\u0259 Quycaq k\u0259ndl\u0259ri, 4 oktyabr tarixind\u0259 C\u0259bray\u0131l \u015f\u0259h\u0259ri v\u0259 rayonun 9 k\u0259ndi \u2013 Karxulu, \u015e\u00fck\u00fcrb\u0259yli, \u00c7\u0259r\u0259k\u0259n, Da\u015fk\u0259s\u0259n, Horovlu, Mahmudlu, C\u0259f\u0259rabad, Yuxar\u0131 Maralyan v\u0259 Decal k\u0259ndl\u0259ri erm\u0259ni i\u015f\u011fal\u00e7\u0131lar\u0131ndan t\u0259mizl\u0259nib. C\u0259bray\u0131l rayonunun \u0259razisind\u0259 apar\u0131lan h\u0259rbi \u0259m\u0259liyyatlar n\u0259tic\u0259sind\u0259 \u00fcmumilikd\u0259 1 \u015f\u0259h\u0259r (C\u0259bray\u0131l) v\u0259 90 k\u0259nd\u00a0d\u00fc\u015fm\u0259n i\u015f\u011fal\u0131ndan azad edilib.<\/p>\n<p>Az\u0259rbaycan\u0131n V\u0259t\u0259n m\u00fcharib\u0259sind\u0259 d\u00fc\u015fm\u0259n \u00fcz\u0259rind\u0259 qalib g\u0259lm\u0259sind\u0259n 6 g\u00fcn sonra \u2013 2020-ci ilin noyabr ay\u0131n\u0131n 16-da Prezident \u0130lham \u018fliyev v\u0259 v\u0259 birinci xan\u0131m Mehriban \u018fliyeva i\u015f\u011faldan azad edil\u0259n C\u0259bray\u0131l rayonunda olublar. Prezident C\u0259bray\u0131l \u015f\u0259h\u0259rind\u0259 v\u0259 Xudaf\u0259rin k\u00f6rp\u00fcs\u00fcnd\u0259 \u015fanl\u0131 Az\u0259rbaycan bayra\u011f\u0131n\u0131 qald\u0131r\u0131b.<\/p>\n<p><img loading=\"lazy\" src=\"https:\/\/cdn.musavat.com\/news\/thumbnails\/8f578f2a91d80a00f6975402c0e460a2.jpg\" alt=\"03369-1633320585.jpg (61 KB)\" width=\"800\" height=\"498\" \/><\/p>\n<p>H\u0259m\u00e7inin Prezident \u0130lham \u018fliyev\u00a02021-ci ilin oktyabr\u0131n 4-d\u0259 &#8211; bu \u0259razil\u0259rin i\u015f\u011faldan azad edilm\u0259sinin birinci ild\u00f6n\u00fcm\u00fcnd\u0259 C\u0259bray\u0131l rayonunda s\u0259f\u0259rd\u0259 olub.\u00a0D\u00f6vl\u0259t ba\u015f\u00e7\u0131s\u0131 C\u0259bray\u0131lda \u201cKAMaz\u201d ASC il\u0259 \u201cG\u0259nc\u0259 Avtomobil Zavodu\u201d \u0130stehsalat Birliyinin birg\u0259 servis m\u0259rk\u0259zinin, \u015e\u0259rqi Z\u0259ng\u0259zur iqtisadi rayonunda yarad\u0131lacaq \u201cAraz Vadisi \u0130qtisadi Zonas\u0131\u201d S\u0259naye Park\u0131n\u0131n t\u0259m\u0259lini qoyub. Eyni zamanda Prezident 110\/35\/10 kV-luq \u201cC\u0259bray\u0131l\u201d yar\u0131mstansiyas\u0131n\u0131n v\u0259 C\u0259bray\u0131lda D\u00f6vl\u0259t S\u0259rh\u0259d Xidm\u0259tinin h\u0259rbi hiss\u0259 kompleksinin a\u00e7\u0131l\u0131\u015f\u0131nda i\u015ftirak edib. Bundan \u0259lav\u0259, D\u00f6vl\u0259t ba\u015f\u00e7\u0131s\u0131 C\u0259bray\u0131l rayon M\u0259rk\u0259zi X\u0259st\u0259xanas\u0131n\u0131n, m\u0259kt\u0259b binas\u0131n\u0131n v\u0259 C\u0259bray\u0131l \u015f\u0259h\u0259rind\u0259 ilk \u00e7oxm\u0259nzilli ya\u015fay\u0131\u015f m\u0259h\u0259ll\u0259sinin t\u0259m\u0259ll\u0259rini qoyub. Sonra Prezident \u0130lham \u018fliyev C\u0259bray\u0131l ictimaiyy\u0259tinin n\u00fcmay\u0259nd\u0259l\u0259ri il\u0259 g\u00f6r\u00fc\u015f\u00fcb. D\u00f6vl\u0259t ba\u015f\u00e7\u0131s\u0131 C\u0259bray\u0131l Memorial Kompleksinin v\u0259 C\u0259bray\u0131l \u015f\u0259h\u0259rinin b\u0259rpas\u0131n\u0131n t\u0259m\u0259l da\u015f\u0131n\u0131 qoyub.<\/p>\n<p><img loading=\"lazy\" src=\"https:\/\/cdn.musavat.com\/news\/thumbnails\/8072b0b6cc0e1735ae226aac01233e69.jpg\" alt=\"425735129_016030731888_1920x0_80.jpg (500 KB)\" width=\"800\" height=\"450\" \/><\/p>\n<p>2022-ci il\u00a0may\u0131n 26-da Prezident \u0130lham \u018fliyev, birinci xan\u0131m Mehriban \u018fliyeva F\u00fczuli v\u0259 C\u0259bray\u0131l rayonlar\u0131na s\u0259f\u0259r edibl\u0259r. D\u00f6vl\u0259t ba\u015f\u00e7\u0131s\u0131 v\u0259 birinci xan\u0131m F\u00fczuli rayonunda Horadiz-C\u0259bray\u0131l-Z\u0259ngilan-A\u011fb\u0259nd avtomobil yolunun tikintisi il\u0259 tan\u0131\u015f olub, C\u0259bray\u0131l rayonunda Horadiz-A\u011fb\u0259nd d\u0259mir yolu x\u0259ttinin Soltanl\u0131 stansiyas\u0131n\u0131n v\u0259 \u201cAz\u0259renerji\u201d ASC-nin 330\/110 kV-luq \u201cC\u0259bray\u0131l\u201d enerji qov\u015fa\u011f\u0131n\u0131n t\u0259m\u0259lqoyma m\u0259rasimind\u0259 i\u015ftirak edibl\u0259r.<\/p>\n<p>Prezident \u0130lham \u018fliyevin 2020-ci ilin dekabr\u0131n 24-d\u0259 v\u0259 2021-ci ilin iyunun 24-d\u0259 imzalad\u0131\u011f\u0131 m\u00fcvafiq s\u0259r\u0259ncamlara \u0259sas\u0259n, bir qrup h\u0259rbi qulluq\u00e7u \u201cC\u0259bray\u0131l\u0131n azad olunmas\u0131na g\u00f6r\u0259\u201d medal\u0131 il\u0259 t\u0259ltif edilib. Rayonun i\u015f\u011faldan azad olunmas\u0131 u\u011frunda apar\u0131lan d\u00f6y\u00fc\u015f \u0259m\u0259liyyatlar\u0131nda i\u015ftirak ed\u0259r\u0259k \u015f\u0259xsi igidlik v\u0259 \u015f\u00fcca\u0259t n\u00fcmayi\u015f etdir\u0259n minl\u0259rl\u0259 h\u0259rbi qulluq\u00e7u \u201cC\u0259bray\u0131l\u0131n azad olunmas\u0131na g\u00f6r\u0259\u201d medal\u0131 il\u0259 t\u0259ltif olunub.<\/p>\n<p><strong><em>H\u0259m\u00e7inin\u00a0d\u00f6vl\u0259t ba\u015f\u00e7\u0131s\u0131n\u0131n\u00a031 iyul 2023-c\u00fc il tarixli S\u0259r\u0259ncam\u0131 il\u0259 Az\u0259rbaycan Respublikas\u0131n\u0131n i\u015f\u011faldan azad edilmi\u015f \u0259razil\u0259ri \u00fczr\u0259 \u015f\u0259h\u0259r g\u00fcnl\u0259ri t\u0259sis edilib. S\u00f6z\u00fcged\u0259n S\u0259r\u0259ncama \u0259sas\u0259n 04 oktyabr C\u0259bray\u0131l \u015f\u0259h\u0259ri g\u00fcn\u00fc kimi m\u00fc\u0259yy\u0259n olub.<\/em><\/strong><\/p>\n<p><img loading=\"lazy\" src=\"https:\/\/cdn.musavat.com\/news\/thumbnails\/f6129b2b3dff829ae1f703c048a91286.jpg\" alt=\"5b09279b-67e1-3dcb-afec-41bf84935710.jpg (235 KB)\" width=\"800\" height=\"533\" \/><\/p>\n<p><em><strong>C\u0259bray\u0131l rayonu \u0259razisind\u0259 yerl\u0259\u015f\u0259n q\u0259dim Xudaf\u0259rin k\u00f6rp\u00fcs\u00fcn\u00fcn d\u00fc\u015fm\u0259nd\u0259n azad edilm\u0259si v\u0259 M\u00fcz\u0259ff\u0259r Ali Ba\u015f Komandan \u0130lham \u018fliyevin bu k\u00f6rp\u00fcd\u0259 Az\u0259rbaycan bayra\u011f\u0131n\u0131 ucaltmas\u0131n\u0131n b\u00f6y\u00fck tarixi v\u0259 siyasi \u0259h\u0259miyy\u0259ti var.<\/strong><\/em><\/p>\n<p>\u00c7\u00fcnki 44 g\u00fcnl\u00fck V\u0259t\u0259n m\u00fcharib\u0259si d\u00f6vr\u00fcnd\u0259 C\u0259bray\u0131l \u0259m\u0259liyyat\u0131 m\u00fcr\u0259kk\u0259bliyi il\u0259 f\u0259rql\u0259nib. \u0130\u015f\u011fal ill\u0259rind\u0259 d\u00fc\u015fm\u0259n C\u0259bray\u0131l \u0259razisind\u0259 bir ne\u00e7\u0259 x\u0259td\u0259n ibar\u0259t istehkamlar qurmu\u015fdu v\u0259 bu istehkamlar\u0131 yarmaq \u00e7ox b\u00f6y\u00fck q\u0259hr\u0259manl\u0131q v\u0259 f\u0259dakarl\u0131q t\u0259l\u0259b edirdi. C\u0259bray\u0131l \u0259m\u0259liyyat\u0131n\u0131n \u0259h\u0259miyy\u0259ti, eyni zamanda, ondan ibar\u0259t idi ki, C\u0259bray\u0131l azad olunandan sonra o vaxt i\u015f\u011fal alt\u0131nda olan dig\u0259r rayonlara u\u011furlu \u0259ks-h\u00fccum m\u00fcmk\u00fcn olmu\u015fdu. C\u0259bray\u0131ldan sonra Az\u0259rbaycan Ordusunun Xocav\u0259nd rayonunun c\u0259nub k\u0259ndl\u0259ri v\u0259 strateji Hadrut q\u0259s\u0259b\u0259si istiqam\u0259tind\u0259 h\u0259rbi \u0259m\u0259liyyatlar ke\u00e7irm\u0259si \u00fc\u00e7\u00fcn geni\u015f imkanlar yarand\u0131. \u00dcst\u0259lik, Z\u0259ngilan, ondan sonra Qubadl\u0131 v\u0259 La\u00e7\u0131n rayonunun c\u0259nub hiss\u0259si i\u015f\u011fal\u00e7\u0131lardan azad edildi v\u0259 La\u00e7\u0131n d\u0259hlizi Az\u0259rbaycan\u0131n n\u0259zar\u0259tin\u0259 g\u00f6t\u00fcr\u00fcld\u00fc.<\/p>\n<p><img loading=\"lazy\" src=\"https:\/\/cdn.musavat.com\/news\/thumbnails\/7ff53775e9c8237d56f3c9865726e9da.jpg\" alt=\"c3ab18a3a4194b37d7a42724eb7cb484_3033291.jpg (345 KB)\" width=\"800\" height=\"405\" \/><\/p>\n<p><em><strong>Haz\u0131rda C\u0259bray\u0131lda b\u0259rpa-quruculuq i\u015fl\u0259ri u\u011furla davam edir.<\/strong><\/em><\/p>\n<p>\u201cAraz Vadisi \u0130qtisadi Zonas\u0131\u201dn\u0131n yarad\u0131lmas\u0131 b\u00fct\u00fcn regionun, o c\u00fcml\u0259d\u0259n C\u0259bray\u0131l rayonunun inki\u015faf\u0131 \u00fc\u00e7\u00fcn \u00f6n\u0259mli hadis\u0259dir. S\u00f6z\u00fcged\u0259n layih\u0259 200 hektar\u0131 \u0259hat\u0259 ed\u0259n b\u00f6y\u00fck bir projedir. Art\u0131q ilkin maliyy\u0259 v\u0259saiti ayr\u0131l\u0131b\u00a0v\u0259 ilkin investorlar m\u00fc\u0259yy\u0259n olunub. Bundan ba\u015fqa, C\u0259bray\u0131l rayonunun elektrik t\u0259chizat\u0131 art\u0131q var. C\u0259bray\u0131l yar\u0131mstansiyas\u0131n\u0131n istifad\u0259y\u0259 verilm\u0259si \u00f6n\u0259mli hadis\u0259l\u0259rd\u0259ndir. C\u0259bray\u0131l rayonunun elektrik t\u0259chizat\u0131n\u0131n, dem\u0259k olar ki, b\u00fct\u00fcn i\u015fl\u0259ri g\u00f6r\u00fcl\u00fcb.<\/p>\n<p>C\u0259bray\u0131la 4-6 zolaql\u0131 yol da \u00e7\u0259kilir. Art\u0131q v\u0259t\u0259nda\u015flar\u0131m\u0131z C\u0259bray\u0131la rahat ged\u0259 bil\u0259c\u0259k v\u0259 buradan ke\u00e7\u0259n Z\u0259ng\u0259zur d\u0259hlizind\u0259n istifad\u0259 ed\u0259c\u0259kl\u0259r.<\/p>\n<p>Rayonun b\u00fct\u00fcn k\u0259ndl\u0259rinin t\u0259dric\u0259n b\u0259rpa edilm\u0259si proqram\u0131 da t\u0259sdiq edilib. Rayonda 240 meqavat g\u00fcc\u0259 malik elektrik enerjisi stansiyas\u0131n\u0131n in\u015fas\u0131na, h\u0259m\u00e7inin SOCAR BP \u015firk\u0259ti il\u0259 C\u0259bray\u0131l rayonunda 240MVt-l\u0131q g\u00fcn\u0259\u015f elektrik stansiyan\u0131n tikintisin\u0259 yax\u0131n vaxtlarda ba\u015flanacaq.<\/p>\n<p><img loading=\"lazy\" src=\"https:\/\/cdn.musavat.com\/news\/thumbnails\/5c491c32fcfc667151c9efc06c00e4fe.jpg\" alt=\"w_161607531436358960494_1200x630.jpg (601 KB)\" width=\"800\" height=\"502\" \/><\/p>\n<p>Qeyd ed\u0259k ki,\u00a0C\u0259bray\u0131l rayonu 1993-c\u00fc il avqustun 23-d\u0259 Erm\u0259nistan Silahl\u0131 Q\u00fcvv\u0259l\u0259ri t\u0259r\u0259find\u0259n i\u015f\u011fal edilmi\u015fdi. \u0130\u015f\u011fal zaman\u0131 C\u0259bray\u0131l rayonu 1 \u015f\u0259h\u0259r, 4 q\u0259s\u0259b\u0259 v\u0259 92 k\u0259ndd\u0259n ibar\u0259t idi. \u0130\u015f\u011fal n\u0259tic\u0259sind\u0259 C\u0259bray\u0131l rayonuna 13,928 milyard AB\u015e dollar\u0131 m\u0259bl\u0259\u011find\u0259 ziyan d\u0259yib. 1050 kv km-i \u0259hat\u0259 ed\u0259n 52000 n\u0259f\u0259r \u0259halisi olan rayon \u0259razisi v\u0259 bu \u0259razid\u0259ki 72 \u00fcmumt\u0259hsil m\u0259kt\u0259bi, 8 x\u0259st\u0259xana, 132 tarixi abid\u0259, 150 m\u0259d\u0259niyy\u0259t oca\u011f\u0131, 100-\u0259 yax\u0131n k\u0259nd erm\u0259nil\u0259rin i\u015f\u011fal\u0131na m\u0259ruz qalaraq v\u0259h\u015fic\u0259sin\u0259 da\u011f\u0131d\u0131l\u0131b. I Qaraba\u011f m\u00fcharib\u0259sind\u0259 C\u0259bray\u0131l rayonundan 362 n\u0259f\u0259r \u015f\u0259hid, 191 n\u0259f\u0259r \u0259lil olub. 6 n\u0259f\u0259r rayon sakini Az\u0259rbaycan\u0131n Milli Q\u0259hr\u0259man\u0131 ad\u0131na layiq g\u00f6r\u00fcl\u00fcb.<\/p>\n<p>Bundan ba\u015fqa, C\u0259bray\u0131l rayonu erm\u0259ni i\u015f\u011fal\u0131 zaman\u0131 vandalizm\u0259 m\u0259ruz qal\u0131b. Rayon \u0259razisind\u0259 olan evl\u0259r, tarixi abid\u0259l\u0259r tamamil\u0259 da\u011f\u0131d\u0131l\u0131b, a\u011faclar m\u0259hv edilib. Bel\u0259 ki, Da\u011ftumas k\u0259ndinin yax\u0131nl\u0131\u011f\u0131nda yerl\u0259\u015f\u0259n \u201cDivl\u0259r Saray\u0131\u201d ma\u011faras\u0131, Qalac\u0131q k\u0259ndind\u0259ki \u201cM\u0259scid T\u0259p\u0259si\u201d, \u201cCanqulu\u201d v\u0259 \u201cQumt\u0259p\u0259\u201d kurqanlar\u0131, Diri da\u011f\u0131ndak\u0131 Mazann\u0259n\u0259, M\u0259rm\u0259r n\u0259n\u0259 m\u0259qb\u0259r\u0259l\u0259ri kimi arxeoloji, Do\u011ftumas k\u0259ndind\u0259ki \u201cBa\u015f\u0131k\u0259sik G\u00fcmb\u0259z\u201d, Sirik k\u0259ndind\u0259ki \u201cQala\u201d, Diri da\u011f\u0131ndak\u0131 \u201cQ\u0131z qalas\u0131\u201d, Xudaf\u0259rin k\u00f6rp\u00fcl\u0259ri, \u00c7\u0259l\u0259bil\u0259r k\u0259ndind\u0259ki M\u0259scid kompleksi, rayon m\u0259rk\u0259zind\u0259ki \u201cSultan M\u0259cid hamam\u0131\u201d, \u015e\u0131xlar k\u0259ndind\u0259ki \u201cDair\u0259vi T\u00fcrb\u0259\u201d, Xubyarl\u0131 k\u0259ndind\u0259ki \u201cDair\u0259vi\u201d 8 gu\u015f\u0259li t\u00fcrb\u0259l\u0259r v\u0259 m\u0259qb\u0259r\u0259l\u0259r, t\u00fcrk q\u0259biristanl\u0131\u011f\u0131ndak\u0131 t\u00fcrb\u0259 v\u0259 m\u0259qb\u0259r\u0259l\u0259rin h\u0259r biri i\u015f\u011fal zaman\u0131 m\u0259hv edilib v\u0259 ya da\u011f\u0131nt\u0131ya m\u0259ruz qal\u0131b.<\/p>\n","protected":false},"excerpt":{"rendered":"<p>Bu g\u00fcn &#8211; oktyabr\u0131n 4-\u00fc C\u0259bray\u0131l \u015f\u0259h\u0259rinin Erm\u0259nistan Silahl\u0131 Q\u00fcvv\u0259l\u0259rinin i\u015f\u011fal\u0131ndan azad edilm\u0259sinin 3-c\u00fc\u00a0 ild\u00f6n\u00fcm\u00fcd\u00fcr. ARANTV.AZ \u00a0xat\u0131rlad\u0131r ki, 2020-ci il 27 sentyabrda C\u0259bray\u0131l rayonunun B\u00f6y\u00fck M\u0259rcanl\u0131 v\u0259 N\u00fczgar k\u0259ndl\u0259ri, 3 oktyabr tarixind\u0259 Mehdili, \u00c7ax\u0131rl\u0131, A\u015fa\u011f\u0131 Maralyan, \u015e\u0259yb\u0259y v\u0259 Quycaq k\u0259ndl\u0259ri, 4 oktyabr tarixind\u0259 C\u0259bray\u0131l \u015f\u0259h\u0259ri v\u0259 rayonun 9 k\u0259ndi \u2013 Karxulu, \u015e\u00fck\u00fcrb\u0259yli, \u00c7\u0259r\u0259k\u0259n, Da\u015fk\u0259s\u0259n, Horovlu, Mahmudlu, C\u0259f\u0259rabad, Yuxar\u0131 Maralyan v\u0259 Decal k\u0259ndl\u0259ri erm\u0259ni i\u015f\u011fal\u00e7\u0131lar\u0131ndan t\u0259mizl\u0259nib. C\u0259bray\u0131l rayonunun \u0259razisind\u0259 apar\u0131lan h\u0259rbi \u0259m\u0259liyyatlar n\u0259tic\u0259sind\u0259 \u00fcmumilikd\u0259 1 \u015f\u0259h\u0259r (C\u0259bray\u0131l) v\u0259 90 k\u0259nd\u00a0d\u00fc\u015fm\u0259n i\u015f\u011fal\u0131ndan azad edilib. Az\u0259rbaycan\u0131n V\u0259t\u0259n m\u00fcharib\u0259sind\u0259 d\u00fc\u015fm\u0259n \u00fcz\u0259rind\u0259 qalib g\u0259lm\u0259sind\u0259n 6&hellip;<\/p>\n","protected":false},"author":2,"featured_media":641061,"comment_status":"closed","ping_status":"closed","sticky":false,"template":"","format":"standard","meta":{"om_disable_all_campaigns":false,"_monsterinsights_skip_tracking":false,"_monsterinsights_sitenote_active":false,"_monsterinsights_sitenote_note":"","_monsterinsights_sitenote_category":0},"categories":[19],"tags":[],"aioseo_notices":[],"gutentor_comment":0,"rttpg_featured_image_url":{"full":["https:\/\/arantv.az\/wp-content\/uploads\/2023\/10\/57536b60da7af26e625e4e6047a4ea84.jpg",870,500,false],"landscape":["https:\/\/arantv.az\/wp-content\/uploads\/2023\/10\/57536b60da7af26e625e4e6047a4ea84.jpg",870,500,false],"portraits":["https:\/\/arantv.az\/wp-content\/uploads\/2023\/10\/57536b60da7af26e625e4e6047a4ea84.jpg",870,500,false],"thumbnail":["https:\/\/arantv.az\/wp-content\/uploads\/2023\/10\/57536b60da7af26e625e4e6047a4ea84-500x280.jpg",500,280,true],"medium":["https:\/\/arantv.az\/wp-content\/uploads\/2023\/10\/57536b60da7af26e625e4e6047a4ea84-635x365.jpg",635,365,true],"large":["https:\/\/arantv.az\/wp-content\/uploads\/2023\/10\/57536b60da7af26e625e4e6047a4ea84-840x483.jpg",640,368,true],"1536x1536":["https:\/\/arantv.az\/wp-content\/uploads\/2023\/10\/57536b60da7af26e625e4e6047a4ea84.jpg",870,500,false],"2048x2048":["https:\/\/arantv.az\/wp-content\/uploads\/2023\/10\/57536b60da7af26e625e4e6047a4ea84.jpg",870,500,false],"post-thumbnail":["https:\/\/arantv.az\/wp-content\/uploads\/2023\/10\/57536b60da7af26e625e4e6047a4ea84-240x172.jpg",240,172,true],"advps-thumb-one":["https:\/\/arantv.az\/wp-content\/uploads\/2023\/10\/57536b60da7af26e625e4e6047a4ea84.jpg",870,500,false]},"rttpg_author":{"display_name":"V\u00fcsal Rafiqo\u011flu","author_link":"https:\/\/arantv.az\/?author=2"},"rttpg_comment":0,"rttpg_category":"<a href=\"https:\/\/arantv.az\/?cat=19\" rel=\"category\">G\u00fcnd\u0259m<\/a>","rttpg_excerpt":"Bu g\u00fcn &#8211; oktyabr\u0131n 4-\u00fc C\u0259bray\u0131l \u015f\u0259h\u0259rinin Erm\u0259nistan Silahl\u0131 Q\u00fcvv\u0259l\u0259rinin i\u015f\u011fal\u0131ndan azad edilm\u0259sinin 3-c\u00fc\u00a0 ild\u00f6n\u00fcm\u00fcd\u00fcr. ARANTV.AZ \u00a0xat\u0131rlad\u0131r ki, 2020-ci il 27 sentyabrda C\u0259bray\u0131l rayonunun B\u00f6y\u00fck M\u0259rcanl\u0131 v\u0259 N\u00fczgar k\u0259ndl\u0259ri, 3 oktyabr tarixind\u0259 Mehdili, \u00c7ax\u0131rl\u0131, A\u015fa\u011f\u0131 Maralyan, \u015e\u0259yb\u0259y v\u0259 Quycaq k\u0259ndl\u0259ri, 4 oktyabr tarixind\u0259 C\u0259bray\u0131l \u015f\u0259h\u0259ri v\u0259 rayonun 9 k\u0259ndi \u2013 Karxulu, \u015e\u00fck\u00fcrb\u0259yli, \u00c7\u0259r\u0259k\u0259n, Da\u015fk\u0259s\u0259n, Horovlu,&hellip;","_links":{"self":[{"href":"https:\/\/arantv.az\/index.php?rest_route=\/wp\/v2\/posts\/641060"}],"collection":[{"href":"https:\/\/arantv.az\/index.php?rest_route=\/wp\/v2\/posts"}],"about":[{"href":"https:\/\/arantv.az\/index.php?rest_route=\/wp\/v2\/types\/post"}],"author":[{"embeddable":true,"href":"https:\/\/arantv.az\/index.php?rest_route=\/wp\/v2\/users\/2"}],"replies":[{"embeddable":true,"href":"https:\/\/arantv.az\/index.php?rest_route=%2Fwp%2Fv2%2Fcomments&post=641060"}],"version-history":[{"count":0,"href":"https:\/\/arantv.az\/index.php?rest_route=\/wp\/v2\/posts\/641060\/revisions"}],"wp:featuredmedia":[{"embeddable":true,"href":"https:\/\/arantv.az\/index.php?rest_route=\/wp\/v2\/media\/641061"}],"wp:attachment":[{"href":"https:\/\/arantv.az\/index.php?rest_route=%2Fwp%2Fv2%2Fmedia&parent=641060"}],"wp:term":[{"taxonomy":"category","embeddable":true,"href":"https:\/\/arantv.az\/index.php?rest_route=%2Fwp%2Fv2%2Fcategories&post=641060"},{"taxonomy":"post_tag","embeddable":true,"href":"https:\/\/arantv.az\/index.php?rest_route=%2Fwp%2Fv2%2Ftags&post=641060"}],"curies":[{"name":"wp","href":"https:\/\/api.w.org\/{rel}","templated":true}]}}