{"id":641066,"date":"2023-10-04T08:34:01","date_gmt":"2023-10-04T04:34:01","guid":{"rendered":"https:\/\/arantv.az\/?p=641066"},"modified":"2023-10-04T08:34:01","modified_gmt":"2023-10-04T04:34:01","slug":"erm%c9%99ni-mill%c9%99t-deyil-dey%c9%99n-qoca-terrorcu-imis-video","status":"publish","type":"post","link":"https:\/\/arantv.az\/?p=641066","title":{"rendered":"&#8220;Erm\u0259ni mill\u0259t DEY\u0130L!&#8221; &#8211; dey\u0259n qoca, TERROR\u00e7u imi\u015f &#8211; V\u0130DEO"},"content":{"rendered":"<div class=\"text-content\" data-id=\"\" data-url=\"\">\n<p><strong>Qaraba\u011f\u0131 t\u0259rk ed\u0259rk\u0259n, Allaha and i\u00e7\u0259r\u0259k, az\u0259rbaycanl\u0131larla ya\u015famaq ist\u0259diyini, erm\u0259nil\u0259rin xalq olmad\u0131\u011f\u0131n\u0131 bildir\u0259n Xank\u0259ndinin erm\u0259ni sakini il\u0259 ba\u011fl\u0131 \u015fok fakt \u00fcz\u0259 \u00e7\u0131x\u0131b.<\/strong><\/p>\n<p><strong>ARANTV.AZ\u00a0 x\u0259b\u0259r verir ki, a<\/strong><strong>par\u0131c\u0131 Sevinc Telmanq\u0131z\u0131 TV M\u00fcsavat-\u0131n canl\u0131 efirind\u0259 bununla ba\u011fl\u0131 dan\u0131\u015f\u0131b.\u00a0<\/strong><\/p>\n<p>O, bildirib ki, h\u0259min qoca 1-c\u0131 Qaraba\u011f m\u00fcharib\u0259si zaman\u0131 Az\u0259rbaycana qar\u015f\u0131 d\u00f6y\u00fc\u015f\u0259nl\u0259rd\u0259n biri olub.<\/p>\n<p>\u018ftrafl\u0131:<\/p>\n<p><iframe title=\"Jurnalistimiz\u0259 &quot;Erm\u0259ni mill\u0259t DEY\u0130L!&quot; - dey\u0259n qoca, T*ERROR\u00e7u imi\u015f  - FOTO FAKT\" src=\"https:\/\/www.youtube.com\/embed\/ydmFYXgpwik\" frameborder=\"0\" allowfullscreen=\"allowfullscreen\" data-mce-fragment=\"1\"><\/iframe><\/p>\n<\/div>\n<div>\n<div class=\"form-group\"><img class=\"img-responsive\" src=\"https:\/\/cdn.musavat.com\/news\/images\/Gugu\/c.b.\/jur\/er\/4c960a110cf5dfee0898e83c8d5c2dc4.jpg\" \/><\/div>\n<\/div>\n","protected":false},"excerpt":{"rendered":"<p>Qaraba\u011f\u0131 t\u0259rk ed\u0259rk\u0259n, Allaha and i\u00e7\u0259r\u0259k, az\u0259rbaycanl\u0131larla ya\u015famaq ist\u0259diyini, erm\u0259nil\u0259rin xalq olmad\u0131\u011f\u0131n\u0131 bildir\u0259n Xank\u0259ndinin erm\u0259ni sakini il\u0259 ba\u011fl\u0131 \u015fok fakt \u00fcz\u0259 \u00e7\u0131x\u0131b. ARANTV.AZ\u00a0 x\u0259b\u0259r verir ki, apar\u0131c\u0131 Sevinc Telmanq\u0131z\u0131 TV M\u00fcsavat-\u0131n canl\u0131 efirind\u0259 bununla ba\u011fl\u0131 dan\u0131\u015f\u0131b.\u00a0 O, bildirib ki, h\u0259min qoca 1-c\u0131 Qaraba\u011f m\u00fcharib\u0259si zaman\u0131 Az\u0259rbaycana qar\u015f\u0131 d\u00f6y\u00fc\u015f\u0259nl\u0259rd\u0259n biri olub. \u018ftrafl\u0131:<\/p>\n","protected":false},"author":2,"featured_media":641070,"comment_status":"closed","ping_status":"closed","sticky":false,"template":"","format":"standard","meta":{"om_disable_all_campaigns":false,"_monsterinsights_skip_tracking":false,"_monsterinsights_sitenote_active":false,"_monsterinsights_sitenote_note":"","_monsterinsights_sitenote_category":0},"categories":[1],"tags":[],"aioseo_notices":[],"gutentor_comment":0,"rttpg_featured_image_url":{"full":["https:\/\/arantv.az\/wp-content\/uploads\/2023\/10\/85954aa5070c68cb2d23da15e5226f14.jpg",800,450,false],"landscape":["https:\/\/arantv.az\/wp-content\/uploads\/2023\/10\/85954aa5070c68cb2d23da15e5226f14.jpg",800,450,false],"portraits":["https:\/\/arantv.az\/wp-content\/uploads\/2023\/10\/85954aa5070c68cb2d23da15e5226f14.jpg",800,450,false],"thumbnail":["https:\/\/arantv.az\/wp-content\/uploads\/2023\/10\/85954aa5070c68cb2d23da15e5226f14-500x280.jpg",500,280,true],"medium":["https:\/\/arantv.az\/wp-content\/uploads\/2023\/10\/85954aa5070c68cb2d23da15e5226f14-649x365.jpg",649,365,true],"large":["https:\/\/arantv.az\/wp-content\/uploads\/2023\/10\/85954aa5070c68cb2d23da15e5226f14.jpg",640,360,false],"1536x1536":["https:\/\/arantv.az\/wp-content\/uploads\/2023\/10\/85954aa5070c68cb2d23da15e5226f14.jpg",800,450,false],"2048x2048":["https:\/\/arantv.az\/wp-content\/uploads\/2023\/10\/85954aa5070c68cb2d23da15e5226f14.jpg",800,450,false],"post-thumbnail":["https:\/\/arantv.az\/wp-content\/uploads\/2023\/10\/85954aa5070c68cb2d23da15e5226f14-240x172.jpg",240,172,true],"advps-thumb-one":["https:\/\/arantv.az\/wp-content\/uploads\/2023\/10\/85954aa5070c68cb2d23da15e5226f14.jpg",800,450,false]},"rttpg_author":{"display_name":"V\u00fcsal Rafiqo\u011flu","author_link":"https:\/\/arantv.az\/?author=2"},"rttpg_comment":0,"rttpg_category":"<a href=\"https:\/\/arantv.az\/?cat=1\" rel=\"category\">C\u0259miyy\u0259t<\/a>","rttpg_excerpt":"Qaraba\u011f\u0131 t\u0259rk ed\u0259rk\u0259n, Allaha and i\u00e7\u0259r\u0259k, az\u0259rbaycanl\u0131larla ya\u015famaq ist\u0259diyini, erm\u0259nil\u0259rin xalq olmad\u0131\u011f\u0131n\u0131 bildir\u0259n Xank\u0259ndinin erm\u0259ni sakini il\u0259 ba\u011fl\u0131 \u015fok fakt \u00fcz\u0259 \u00e7\u0131x\u0131b. ARANTV.AZ\u00a0 x\u0259b\u0259r verir ki, apar\u0131c\u0131 Sevinc Telmanq\u0131z\u0131 TV M\u00fcsavat-\u0131n canl\u0131 efirind\u0259 bununla ba\u011fl\u0131 dan\u0131\u015f\u0131b.\u00a0 O, bildirib ki, h\u0259min qoca 1-c\u0131 Qaraba\u011f m\u00fcharib\u0259si zaman\u0131 Az\u0259rbaycana qar\u015f\u0131 d\u00f6y\u00fc\u015f\u0259nl\u0259rd\u0259n biri olub. \u018ftrafl\u0131:","_links":{"self":[{"href":"https:\/\/arantv.az\/index.php?rest_route=\/wp\/v2\/posts\/641066"}],"collection":[{"href":"https:\/\/arantv.az\/index.php?rest_route=\/wp\/v2\/posts"}],"about":[{"href":"https:\/\/arantv.az\/index.php?rest_route=\/wp\/v2\/types\/post"}],"author":[{"embeddable":true,"href":"https:\/\/arantv.az\/index.php?rest_route=\/wp\/v2\/users\/2"}],"replies":[{"embeddable":true,"href":"https:\/\/arantv.az\/index.php?rest_route=%2Fwp%2Fv2%2Fcomments&post=641066"}],"version-history":[{"count":0,"href":"https:\/\/arantv.az\/index.php?rest_route=\/wp\/v2\/posts\/641066\/revisions"}],"wp:featuredmedia":[{"embeddable":true,"href":"https:\/\/arantv.az\/index.php?rest_route=\/wp\/v2\/media\/641070"}],"wp:attachment":[{"href":"https:\/\/arantv.az\/index.php?rest_route=%2Fwp%2Fv2%2Fmedia&parent=641066"}],"wp:term":[{"taxonomy":"category","embeddable":true,"href":"https:\/\/arantv.az\/index.php?rest_route=%2Fwp%2Fv2%2Fcategories&post=641066"},{"taxonomy":"post_tag","embeddable":true,"href":"https:\/\/arantv.az\/index.php?rest_route=%2Fwp%2Fv2%2Ftags&post=641066"}],"curies":[{"name":"wp","href":"https:\/\/api.w.org\/{rel}","templated":true}]}}