{"id":641069,"date":"2023-10-04T08:35:47","date_gmt":"2023-10-04T04:35:47","guid":{"rendered":"https:\/\/arantv.az\/?p=641069"},"modified":"2023-10-04T08:35:47","modified_gmt":"2023-10-04T04:35:47","slug":"qarabag-iqtisadi-rayonu-reinteqrasiya-qacilmaz-proses%c9%99-cevrilir","status":"publish","type":"post","link":"https:\/\/arantv.az\/?p=641069","title":{"rendered":"Qaraba\u011f iqtisadi rayonu: Reinteqrasiya qa\u00e7\u0131lmaz proses\u0259 \u00e7evrilir"},"content":{"rendered":"<p><em><strong>H\u0259rbi xuntan\u0131n girovlu\u011fundan qurtulan v\u0259 Qaraba\u011fda qalan erm\u0259ni\u0259silli sakinl\u0259r m\u0259mnuniyy\u0259tl\u0259 Az\u0259rbaycan v\u0259t\u0259nda\u015fl\u0131\u011f\u0131 \u00fc\u00e7\u00fcn m\u00fcraci\u0259t edirl\u0259r<\/strong><\/em><\/p>\n<p>X\u0259b\u0259r verildiyi kimi, bir ne\u00e7\u0259 ay \u00f6nc\u0259 art\u0131q l\u0259\u011fv edilmi\u015f qondarma separat\u00e7\u0131 rejimin n\u00fcmay\u0259nd\u0259si David Babayan b\u0259yan etmi\u015fdi ki, Qaraba\u011f erm\u0259nil\u0259ri he\u00e7 vaxt Az\u0259rbaycan\u0131n t\u0259rkibind\u0259 ya\u015fama\u011fa raz\u0131 olmayacaqlar. O, qeyd etmi\u015fdi ki, \u0259g\u0259r reinteqrasiya qa\u00e7\u0131lmaz olarsa, onlar \u0259razini t\u0259rk etm\u0259yi \u00fcst\u00fcn tutacaqlar. Daha sonra Qaraba\u011fda sentyabr\u0131n 19-da ba\u015flayan v\u0259 bir sutkadan da az davam ed\u0259n lokal xarakterli antiterror t\u0259dbirl\u0259ri n\u0259tic\u0259sind\u0259\u00a0v\u0259ziyy\u0259t d\u0259yi\u015fdi, Qaraba\u011f erm\u0259nil\u0259ri anlad\u0131lar ki, onlar\u0131n \u201cgenosid\u201d adland\u0131rd\u0131qlar\u0131 reinteqrasiya qa\u00e7\u0131lmazd\u0131r. Ona g\u00f6r\u0259 \u0259halinin \u00e7ox hiss\u0259si Az\u0259rbaycan t\u0259r\u0259find\u0259n h\u0259r hans\u0131 t\u0259sir olmadan \u00e7\u0131x\u0131b getm\u0259k q\u0259rar\u0131na g\u0259ldi, b\u0259zil\u0259ri is\u0259 reinteqrasiyaya raz\u0131 oldu. Haz\u0131rda Az\u0259rbaycan Respublikas\u0131n\u0131n Qaraba\u011f b\u00f6lg\u0259sind\u0259 ya\u015fayan erm\u0259ni sakinl\u0259rin Az\u0259rbaycan c\u0259miyy\u0259tin\u0259 dayan\u0131ql\u0131 reinteqrasiyas\u0131n\u0131n t\u0259min olunmas\u0131 v\u0259 Az\u0259rbaycan d\u00f6vl\u0259tinin himay\u0259sind\u0259n istifad\u0259 etm\u0259l\u0259rin\u0259 imkan yarad\u0131lmas\u0131 m\u0259qs\u0259dil\u0259 Qaraba\u011f b\u00f6lg\u0259sind\u0259 sosial, humanitar, iqtisadi v\u0259 infrastruktur m\u0259s\u0259l\u0259l\u0259rinin h\u0259lli \u00fczr\u0259 \u0130\u015f\u00e7i qrupa veril\u0259n m\u00fcvafiq tap\u015f\u0131r\u0131qlar \u00e7\u0259r\u00e7iv\u0259sind\u0259 D\u00f6vl\u0259t Miqrasiya Xidm\u0259tinin, \u018fm\u0259k v\u0259 \u018fhalinin Sosial M\u00fcdafi\u0259si Nazirliyinin \u0259m\u0259kda\u015flar\u0131 Qaraba\u011f iqtisadi rayonunda f\u0259aliyy\u0259ti davam etdirirl\u0259r. H\u0259r iki qurumun m\u0259tbuat xidm\u0259tl\u0259rinin birg\u0259 m\u0259lumat\u0131nda bildirilib ki, reinteqrasiya prosesin\u0259 qo\u015fulmaq m\u0259qs\u0259dil\u0259 ilkin qeydiyyata al\u0131nmaq \u00fc\u00e7\u00fcn Xank\u0259ndi \u015f\u0259h\u0259rind\u0259 yerl\u0259\u015f\u0259n q\u0259bul \u015f\u00f6b\u0259sin\u0259 5, b\u00f6lg\u0259d\u0259 ke\u00e7irilmi\u015f s\u0259yyar q\u0259bul zaman\u0131 is\u0259 2 sakin k\u00f6n\u00fcll\u00fc \u015f\u0259kild\u0259 D\u00f6vl\u0259t Miqrasiya Xidm\u0259tin\u0259 m\u00fcraci\u0259t edib. H\u0259min 7 sakinin ilkin qeydiyyata dair m\u00fcraci\u0259tl\u0259ri q\u0259bul edilib v\u0259 onlara m\u00fcraci\u0259tl\u0259rinin icras\u0131 bar\u0259d\u0259 \u0259lav\u0259 m\u0259lumat veril\u0259c\u0259yi bildirilib. M\u00fcraci\u0259t ed\u0259nl\u0259rin h\u0259r biri Qaraba\u011f iqtisadi rayonunda ya\u015famaq v\u0259 Az\u0259rbaycan Respublikas\u0131 v\u0259t\u0259nda\u015fl\u0131\u011f\u0131n\u0131 \u0259ld\u0259 ed\u0259r\u0259k Az\u0259rbaycan d\u00f6vl\u0259tinin himay\u0259sind\u0259n istifad\u0259 etm\u0259k ist\u0259dikl\u0259rini bildiribl\u0259r. Bundan ba\u015fqa, s\u0259yyar q\u0259bul zaman\u0131 dig\u0259r sakinl\u0259rl\u0259 h\u00fcquqi maarifl\u0259ndirm\u0259 i\u015fi apar\u0131l\u0131b, onlara reinteqrasiya prosesi bar\u0259d\u0259 m\u0259lumat verilib.<\/p>\n<p>Qeyd ed\u0259k ki, bir ne\u00e7\u0259 g\u00fcn \u00f6nc\u0259 r\u0259smi Bak\u0131 Qaraba\u011f b\u00f6lg\u0259sind\u0259 ya\u015fayan erm\u0259ni sakinl\u0259rin reinteqrasiyas\u0131 il\u0259 ba\u011fl\u0131 plan\u0131n\u0131 a\u00e7\u0131qlad\u0131. Bu bar\u0259d\u0259 Az\u0259rbaycan Prezidentinin Adminstrasiyas\u0131n\u0131n m\u0259lumat\u0131nda deyilir: Erm\u0259ni sakinl\u0259rin ya\u015fad\u0131qlar\u0131 \u0259razil\u0259rd\u0259 idar\u0259etm\u0259 Az\u0259rbaycan Prezidentinin x\u00fcsusi n\u00fcmay\u0259nd\u0259likl\u0259ri vasit\u0259sil\u0259 h\u0259yata ke\u00e7irilir. Sakinl\u0259r x\u00fcsusi n\u00fcmay\u0259nd\u0259likl\u0259rin i\u015fin\u0259 c\u0259lb oluna bil\u0259r. Qaraba\u011fda b\u0259l\u0259diyy\u0259l\u0259r formala\u015fd\u0131r\u0131l\u0131r, sakinl\u0259rin v\u0259t\u0259nda\u015fl\u0131q m\u0259s\u0259l\u0259l\u0259ri Az\u0259rbaycan qanunvericiliyin\u0259 uy\u011fun olaraq, m\u00fcvafiq prosedurlar \u0259sas\u0131nda h\u0259yata ke\u00e7irilir T\u0259rksilah v\u0259 t\u0259rxis prosesi ba\u015fa \u00e7atd\u0131r\u0131l\u0131r, b\u00fct\u00fcn silahlar sakinl\u0259rd\u0259n y\u0131\u011f\u0131l\u0131r. Az\u0259rbaycan\u0131n daxili i\u015fl\u0259r orqanlar\u0131 \u0259razid\u0259 ictimai asayi\u015fin qorunmas\u0131n\u0131 v\u0259 sakinl\u0259rin t\u0259hl\u00fck\u0259sizliyini t\u0259min edir. Sakinl\u0259r daxili i\u015fl\u0259r orqanlar\u0131na i\u015f\u0259 c\u0259lb oluna bil\u0259r. Sakinl\u0259rin ya\u015fad\u0131qlar\u0131 \u0259razil\u0259rin fiziki v\u0259 sosial infrastruktur t\u0259minat\u0131 (t\u0259hsil, s\u0259hiyy\u0259, enerji, qaz, su, yol, rabit\u0259, meliorasiya v\u0259 s.) m\u00fc\u0259yy\u0259n m\u00fcdd\u0259t \u0259rzind\u0259 \u00f6lk\u0259 \u00fczr\u0259 orta g\u00f6st\u0259ricil\u0259r s\u0259viyy\u0259sin\u0259 \u00e7atd\u0131r\u0131l\u0131r. Qaraba\u011f v\u0259 \u015e\u0259rqi Z\u0259ng\u0259zur iqtisadi rayonlar\u0131nda iqtisadi inki\u015faf\u0131n s\u00fcr\u0259tl\u0259ndirilm\u0259si \u00fc\u00e7\u00fcn t\u0259\u015fviq paketi, o c\u00fcml\u0259d\u0259n vergi v\u0259 g\u00f6mr\u00fck g\u00fcz\u0259\u015ftl\u0259ri n\u0259z\u0259rd\u0259 tutulur. B\u00f6lg\u0259d\u0259 Az\u0259rbaycan manat\u0131n\u0131n i\u015fl\u0259nm\u0259si t\u0259min edilir. H\u0259m\u00e7inin sakinl\u0259r s\u0259yyar xidm\u0259tl\u0259rd\u0259n (S\u0259yyar ASAN v\u0259 S\u0259yyar DOST) faydalan\u0131rlar. Onlar\u0131n \u00f6z m\u0259d\u0259niyy\u0259tini, etnik-m\u0259d\u0259ni x\u00fcsusiyy\u0259tl\u0259rini qorumaq v\u0259 inki\u015faf etdirm\u0259k h\u00fcququ t\u0259min edilir. Dini etiqad azadl\u0131\u011f\u0131, m\u0259d\u0259ni v\u0259 dini abid\u0259l\u0259rin m\u00fchafiz\u0259si t\u0259min olunur. Erm\u0259ni dilinin istifad\u0259sin\u0259 imkan yarad\u0131l\u0131r v\u0259 s.<\/p>\n<p>G\u00f6r\u00fcnd\u00fcy\u00fc kimi, r\u0259smi Bak\u0131n\u0131n m\u0259qs\u0259di 30 ildir bu b\u00f6lg\u0259nin qondarma rejim t\u0259r\u0259find\u0259n talan edilm\u0259sin\u0259 son qoymaq, orada ya\u015fayan insanlara azadl\u0131q, haqq-\u0259dal\u0259t, bar\u0131\u015f v\u0259 rifah g\u0259tirm\u0259kdir. \u00d6lk\u0259mizi olmaz\u0131n m\u0259s\u0259l\u0259l\u0259rd\u0259 ittiham ed\u0259n yax\u0131n-uzaq xa\u00adricd\u0259ki b\u0259zi x\u0259bis niyy\u0259tli dair\u0259l\u0259rin s\u00f6yl\u0259\u00addikl\u0259rinin \u0259ksin\u0259 olaraq, h\u0259r bir Az\u0259rbay\u00adcan v\u0259t\u0259nda\u015f\u0131 kimi, Qaraba\u011fda ya\u015fayan erm\u0259nil\u0259rin d\u0259 h\u0259yat\u0131 d\u00f6vl\u0259timiz \u00fc\u00e7\u00fcn \u00e7ox qiym\u0259tlidir.\u00a0Reinteqrasiya prosesi erm\u0259ni \u0259halisinin dini, t\u0259hsil, m\u0259d\u0259ni, b\u0259l\u0259diyy\u0259 kimi b\u00fct\u00fcn h\u00fcquqlar\u0131 qorunaraq apar\u0131l\u0131r. &#8220;Biz Qaraba\u011f\u0131n erm\u0259ni \u0259halisinin h\u00fcquqlar\u0131n\u0131 t\u0259min ed\u0259c\u0259yik. Art\u0131q biz onlara bu m\u0259s\u0259l\u0259, reinteqrasiya il\u0259 ba\u011fl\u0131, onlar\u0131n h\u00fcquqlar\u0131na dair \u00f6z bax\u0131\u015f\u0131m\u0131z\u0131 t\u0259qdim etmi\u015fik&#8221;. Bunu Az\u0259rbaycan Prezidenti \u0130lham \u018fliyev 2-ci Milli \u015e\u0259h\u0259rsalma Forumunun a\u00e7\u0131l\u0131\u015f m\u0259rasimind\u0259 \u00e7\u0131x\u0131\u015f\u0131 zaman\u0131 qeyd edib.<\/p>\n<p>\u00d6lk\u0259miz xunta rejiminin yalanlar\u0131 il\u0259 beyinl\u0259ri doldurulmu\u015f erm\u0259ni \u0259halisini b\u00fct\u00fcn bu m\u00fcnaqi\u015f\u0259l\u0259rd\u0259n m\u0259sul tutmur v\u0259 erm\u0259ni sakinl\u0259rini qoruyaraq, reinteqrasiya etm\u0259kd\u0259 q\u0259tiyy\u0259tli m\u00f6vqeyini ortaya qoyur. Bu istiqam\u0259td\u0259 BMT-nin m\u00fcvafiq qurumlar\u0131 humanitar f\u0259aliyy\u0259t v\u0259 t\u0259rksilah prosesi il\u0259 tan\u0131\u015f olmaq \u00fc\u00e7\u00fcn Qaraba\u011f b\u00f6lg\u0259sin\u0259 s\u0259f\u0259r\u0259 d\u0259v\u0259t edilib. Bu bar\u0259d\u0259 Az\u0259rbaycan Xarici \u0130\u015fl\u0259r Nazirliyinin (X\u0130N) m\u0259tbuat katibi Ayxan Hac\u0131zad\u0259 &#8220;X&#8221; sosial hesab\u0131nda Almaniya Xarici \u0130\u015fl\u0259r Nazirliyinin m\u0259tbuat xidm\u0259tin\u0259 cavab\u0131nda qeyd edib. Bel\u0259likl\u0259, reinteqrasiya art\u0131q qa\u00e7\u0131lmaz proses\u0259 \u00e7evrilib v\u0259 \u015f\u00fcbh\u0259siz ki, yax\u0131n d\u00f6vr\u00fcn \u0259n aktual, b\u0259lk\u0259 d\u0259 \u0259n \u00e7ox m\u00fc\u00adzakir\u0259 olunacaq m\u00f6vzular\u0131ndan olacaq. Prosesin m\u00fcr\u0259kk\u0259b v\u0259 davaml\u0131 oldu\u011fu\u00adnu ham\u0131 d\u0259rk edir. Bu prosesind\u0259 \u0259n vacib v\u0259 \u0259n prinsipial m\u0259s\u0259l\u0259 is\u0259 siyasi ira\u00add\u0259nin m\u00f6vcudlu\u011fudur. D\u00f6vl\u0259t ba\u015f\u00e7\u0131m\u0131z h\u0259min siyasi irad\u0259ni sentyabr\u0131n 20-d\u0259 xalqa m\u00fcraci\u0259tind\u0259 h\u0259m Az\u0259rbaycan, h\u0259m d\u0259 beyn\u0259lxalq ictimaiyy\u0259t\u0259 n\u00f6vb\u0259ti d\u0259f\u0259 a\u015fkar \u015f\u0259kild\u0259 n\u00fcmayi\u015f etdirdi. Prezi\u00addent \u0130lham \u018fliyevin \u201cBunu m\u0259n demi\u015f\u0259m v\u0259 bir daha dem\u0259k ist\u0259yir\u0259m, Qaraba\u011f\u0131n erm\u0259ni \u0259halisi bizim v\u0259t\u0259nda\u015flar\u0131m\u0131zd\u0131r\u201d s\u00f6zl\u0259ri Qaraba\u011f erm\u0259nil\u0259rinin reinteq\u00adrasiyas\u0131 il\u0259 ba\u011fl\u0131 Az\u0259rbaycan d\u00f6vl\u0259tinin prinsipial m\u00f6vqeyinin s\u00fcbutudur.<\/p>\n","protected":false},"excerpt":{"rendered":"<p>H\u0259rbi xuntan\u0131n girovlu\u011fundan qurtulan v\u0259 Qaraba\u011fda qalan erm\u0259ni\u0259silli sakinl\u0259r m\u0259mnuniyy\u0259tl\u0259 Az\u0259rbaycan v\u0259t\u0259nda\u015fl\u0131\u011f\u0131 \u00fc\u00e7\u00fcn m\u00fcraci\u0259t edirl\u0259r X\u0259b\u0259r verildiyi kimi, bir ne\u00e7\u0259 ay \u00f6nc\u0259 art\u0131q l\u0259\u011fv edilmi\u015f qondarma separat\u00e7\u0131 rejimin n\u00fcmay\u0259nd\u0259si David Babayan b\u0259yan etmi\u015fdi ki, Qaraba\u011f erm\u0259nil\u0259ri he\u00e7 vaxt Az\u0259rbaycan\u0131n t\u0259rkibind\u0259 ya\u015fama\u011fa raz\u0131 olmayacaqlar. O, qeyd etmi\u015fdi ki, \u0259g\u0259r reinteqrasiya qa\u00e7\u0131lmaz olarsa, onlar \u0259razini t\u0259rk etm\u0259yi \u00fcst\u00fcn tutacaqlar. Daha sonra Qaraba\u011fda sentyabr\u0131n 19-da ba\u015flayan v\u0259 bir sutkadan da az davam ed\u0259n lokal xarakterli antiterror t\u0259dbirl\u0259ri n\u0259tic\u0259sind\u0259\u00a0v\u0259ziyy\u0259t d\u0259yi\u015fdi, Qaraba\u011f erm\u0259nil\u0259ri anlad\u0131lar ki, onlar\u0131n \u201cgenosid\u201d adland\u0131rd\u0131qlar\u0131 reinteqrasiya qa\u00e7\u0131lmazd\u0131r. Ona g\u00f6r\u0259 \u0259halinin \u00e7ox hiss\u0259si&hellip;<\/p>\n","protected":false},"author":2,"featured_media":641075,"comment_status":"closed","ping_status":"closed","sticky":false,"template":"","format":"standard","meta":{"om_disable_all_campaigns":false,"_monsterinsights_skip_tracking":false,"_monsterinsights_sitenote_active":false,"_monsterinsights_sitenote_note":"","_monsterinsights_sitenote_category":0},"categories":[19],"tags":[],"aioseo_notices":[],"gutentor_comment":0,"rttpg_featured_image_url":{"full":["https:\/\/arantv.az\/wp-content\/uploads\/2023\/10\/f60bb6bb169635268019575914610357635.jpg",975,540,false],"landscape":["https:\/\/arantv.az\/wp-content\/uploads\/2023\/10\/f60bb6bb169635268019575914610357635.jpg",975,540,false],"portraits":["https:\/\/arantv.az\/wp-content\/uploads\/2023\/10\/f60bb6bb169635268019575914610357635.jpg",975,540,false],"thumbnail":["https:\/\/arantv.az\/wp-content\/uploads\/2023\/10\/f60bb6bb169635268019575914610357635-500x280.jpg",500,280,true],"medium":["https:\/\/arantv.az\/wp-content\/uploads\/2023\/10\/f60bb6bb169635268019575914610357635-660x365.jpg",660,365,true],"large":["https:\/\/arantv.az\/wp-content\/uploads\/2023\/10\/f60bb6bb169635268019575914610357635-840x465.jpg",640,354,true],"1536x1536":["https:\/\/arantv.az\/wp-content\/uploads\/2023\/10\/f60bb6bb169635268019575914610357635.jpg",975,540,false],"2048x2048":["https:\/\/arantv.az\/wp-content\/uploads\/2023\/10\/f60bb6bb169635268019575914610357635.jpg",975,540,false],"post-thumbnail":["https:\/\/arantv.az\/wp-content\/uploads\/2023\/10\/f60bb6bb169635268019575914610357635-240x172.jpg",240,172,true],"advps-thumb-one":["https:\/\/arantv.az\/wp-content\/uploads\/2023\/10\/f60bb6bb169635268019575914610357635.jpg",975,540,false]},"rttpg_author":{"display_name":"V\u00fcsal Rafiqo\u011flu","author_link":"https:\/\/arantv.az\/?author=2"},"rttpg_comment":0,"rttpg_category":"<a href=\"https:\/\/arantv.az\/?cat=19\" rel=\"category\">G\u00fcnd\u0259m<\/a>","rttpg_excerpt":"H\u0259rbi xuntan\u0131n girovlu\u011fundan qurtulan v\u0259 Qaraba\u011fda qalan erm\u0259ni\u0259silli sakinl\u0259r m\u0259mnuniyy\u0259tl\u0259 Az\u0259rbaycan v\u0259t\u0259nda\u015fl\u0131\u011f\u0131 \u00fc\u00e7\u00fcn m\u00fcraci\u0259t edirl\u0259r X\u0259b\u0259r verildiyi kimi, bir ne\u00e7\u0259 ay \u00f6nc\u0259 art\u0131q l\u0259\u011fv edilmi\u015f qondarma separat\u00e7\u0131 rejimin n\u00fcmay\u0259nd\u0259si David Babayan b\u0259yan etmi\u015fdi ki, Qaraba\u011f erm\u0259nil\u0259ri he\u00e7 vaxt Az\u0259rbaycan\u0131n t\u0259rkibind\u0259 ya\u015fama\u011fa raz\u0131 olmayacaqlar. O, qeyd etmi\u015fdi ki, \u0259g\u0259r reinteqrasiya qa\u00e7\u0131lmaz olarsa, onlar \u0259razini t\u0259rk etm\u0259yi&hellip;","_links":{"self":[{"href":"https:\/\/arantv.az\/index.php?rest_route=\/wp\/v2\/posts\/641069"}],"collection":[{"href":"https:\/\/arantv.az\/index.php?rest_route=\/wp\/v2\/posts"}],"about":[{"href":"https:\/\/arantv.az\/index.php?rest_route=\/wp\/v2\/types\/post"}],"author":[{"embeddable":true,"href":"https:\/\/arantv.az\/index.php?rest_route=\/wp\/v2\/users\/2"}],"replies":[{"embeddable":true,"href":"https:\/\/arantv.az\/index.php?rest_route=%2Fwp%2Fv2%2Fcomments&post=641069"}],"version-history":[{"count":0,"href":"https:\/\/arantv.az\/index.php?rest_route=\/wp\/v2\/posts\/641069\/revisions"}],"wp:featuredmedia":[{"embeddable":true,"href":"https:\/\/arantv.az\/index.php?rest_route=\/wp\/v2\/media\/641075"}],"wp:attachment":[{"href":"https:\/\/arantv.az\/index.php?rest_route=%2Fwp%2Fv2%2Fmedia&parent=641069"}],"wp:term":[{"taxonomy":"category","embeddable":true,"href":"https:\/\/arantv.az\/index.php?rest_route=%2Fwp%2Fv2%2Fcategories&post=641069"},{"taxonomy":"post_tag","embeddable":true,"href":"https:\/\/arantv.az\/index.php?rest_route=%2Fwp%2Fv2%2Ftags&post=641069"}],"curies":[{"name":"wp","href":"https:\/\/api.w.org\/{rel}","templated":true}]}}