{"id":641072,"date":"2023-10-04T08:35:24","date_gmt":"2023-10-04T04:35:24","guid":{"rendered":"https:\/\/arantv.az\/?p=641072"},"modified":"2023-10-04T08:35:24","modified_gmt":"2023-10-04T04:35:24","slug":"dagilan-iblis-yuvasi-ucalan-milli-qururumuz","status":"publish","type":"post","link":"https:\/\/arantv.az\/?p=641072","title":{"rendered":"Da\u011f\u0131lan iblis yuvas\u0131, ucalan milli q\u00fcrurumuz&#8230;"},"content":{"rendered":"<p>Ke\u00e7\u0259n otuz be\u015f ild\u0259 says\u0131z-hesabs\u0131z m\u00fcsib\u0259tl\u0259r g\u00f6rd\u00fck, \u015f\u0259h\u0259r v\u0259 k\u0259ndl\u0259rimiz i\u015f\u011fal olundu, da\u011f\u0131d\u0131l\u0131b viran qoyuldu, minl\u0259rl\u0259 soyda\u015f\u0131m\u0131z \u00f6ld\u00fcr\u00fcld\u00fc, i\u015fg\u0259nc\u0259l\u0259r\u0259 m\u0259ruz qald\u0131, yaralan\u0131b \u015fik\u0259st oldu. X\u0259yan\u0259ti \u00f6zl\u0259rin\u0259 pe\u015f\u0259 ed\u0259nl\u0259r \u0130brahim xan\u0131n tikdirdiyi g\u00f6z\u0259l Xank\u0259ndimizi \u015feytan yuvas\u0131na \u00e7evirdil\u0259r. Ora kiml\u0259r g\u0259lm\u0259di? Ba\u015f da\u015fnak Zori Balayan, Silva Kaputikyan, Viktor Hamparsumyan, Qalina Starovoytova, Arkadi Volski, Monte Melkonyan, erm\u0259nip\u0259r\u0259st senatorlar, konqresmenl\u0259r, bir s\u00f6zl\u0259 at ilx\u0131s\u0131, k\u00f6p\u0259k s\u00fcr\u00fcs\u00fc&#8230; Ham\u0131s\u0131 da az\u0259rbaycanl\u0131lara v\u0259 t\u00fcrkl\u0259r\u0259 qar\u015f\u0131 amans\u0131zl\u0131\u011fa t\u0259hrik ed\u0259n canil\u0259r. Q\u0259fl\u0259t\u0259n yaxaland\u0131\u011f\u0131m\u0131z, haz\u0131r olmad\u0131\u011f\u0131m\u0131z bir m\u0259qamda birl\u0259\u015fib \u00fcz\u0259rimiz\u0259 h\u00fccuma ke\u00e7dil\u0259r. Ancaq ilk vaxtlarda d\u00fc\u015fd\u00fcy\u00fcm\u00fcz \u00e7\u0259tinlikl\u0259r\u0259 baxmayaraq inam\u0131m\u0131z s\u00f6nm\u0259di, \u00fcmidimiz \u00f6lm\u0259di. D\u00f6zd\u00fck, \u00e7\u0131x\u0131\u015f yolu arad\u0131q, qisasa haz\u0131rla\u015fd\u0131q, \u00f6z\u00fcm\u00fcz\u00fc c\u0259ml\u0259yib aya\u011fa qalxd\u0131q. Bu ill\u0259rd\u0259 i\u015f\u011fal\u00e7\u0131 erm\u0259nil\u0259r\u0259 d\u0259st\u0259k olanlar erm\u0259nid\u0259n art\u0131q erm\u0259nilik etdil\u0259r. Onlar beyn\u0259lxalq al\u0259md\u0259 d\u0259 bizi t\u0259kl\u0259m\u0259kl\u0259 \u00f6z iddialar\u0131n\u0131 q\u0259bul etdirm\u0259y\u0259 \u00e7al\u0131\u015fd\u0131lar. Lakin \u00f6z sars\u0131lmaz \u0259zmimizl\u0259 onlar\u0131n da cavab\u0131n\u0131 verdik, b\u00fct\u00fcn d\u00fcnyaya i\u015f\u011falla he\u00e7 vaxt bar\u0131\u015fmayaca\u011f\u0131m\u0131z\u0131 b\u0259yan etdik.<\/p>\n<p>N\u0259hay\u0259t, Az\u0259rbaycan \u00f6z &#8220;d\u0259mir yumu\u011fu&#8221; il\u0259 2020-ci ilin noyabr\u0131nda \u00f6z tarixi v\u0259 do\u011fma torpaqlar\u0131nda suverenliyini b\u0259rq\u0259rar etdi. Erm\u0259nistandan f\u0259rqli olaraq bu, h\u0259r hans\u0131 bir i\u015f\u011fal, soyq\u0131r\u0131m\u0131, h\u0259rbi cinay\u0259tl\u0259r hesab\u0131na yox, beyn\u0259lxalq h\u00fcququn b\u00fct\u00fcn norma v\u0259 prinsipl\u0259rin\u0259 uy\u011fun olaraq h\u0259yata ke\u00e7irildi. K\u00fcnc\u0259 s\u0131x\u0131\u015fd\u0131r\u0131lan Erm\u0259nistan r\u0259hb\u0259rliyi kapitulyasiya s\u0259n\u0259din\u0259 imza atmal\u0131 oldu.<\/p>\n<p>Otuz il \u0259vv\u0259l Erm\u0259nistan\u0131n Az\u0259rbaycana qar\u015f\u0131 i\u015f\u011fal\u00e7\u0131 h\u00fccumlar\u0131 zaman\u0131 v\u0259t\u0259nda\u015flar\u0131m\u0131za qar\u015f\u0131 t\u00f6r\u0259tdikl\u0259ri v\u0259h\u015filikl\u0259r fonunda reinteqrasiya prosesi il\u0259 tan\u0131\u015f olan v\u0259 Az\u0259rbaycan v\u0259t\u0259nda\u015fl\u0131\u011f\u0131n\u0131 q\u0259bul ed\u0259n erm\u0259nil\u0259rin m\u0259rk\u0259zi hakimiyy\u0259t t\u0259r\u0259find\u0259n Qaraba\u011fda qal\u0131b ya\u015famas\u0131na icaz\u0259nin verilm\u0259si n\u00f6vb\u0259ti humanist add\u0131m\u0131m\u0131zd\u0131r. Ancaq k\u00f6\u00e7 ed\u0259nl\u0259r d\u0259 \u00e7oxdur. \u015e\u00fcbh\u0259siz ki, \u0259ll\u0259ri g\u00fcnahs\u0131z soyda\u015flar\u0131m\u0131z\u0131n qan\u0131na batanlar qalmaq ist\u0259m\u0259zl\u0259r. M\u00fcharib\u0259 cinay\u0259tl\u0259rin\u0259 g\u00f6r\u0259 tutulub h\u0259bs edil\u0259n generallar\u0131n v\u0259 z\u00fclmkar separat\u00e7\u0131lar\u0131n ac\u0131 aqib\u0259tl\u0259ri onlara g\u00f6rkd\u00fcr, ona g\u00f6r\u0259 d\u0259 aradan \u00e7\u0131x\u0131rlar.<\/p>\n<p>44 g\u00fcnl\u00fck \u0130kinci Qaraba\u011f m\u00fcharib\u0259si zaman\u0131 \u0259ld\u0259 etdiyimiz tarixi Q\u0259l\u0259b\u0259 2023-c\u00fc il sentyabr\u0131n 20-d\u0259 r\u0259smi \u015f\u0259kild\u0259 tamamland\u0131. Kollektiv Q\u0259rbin, h\u0259tta okean\u0131n o tay\u0131ndan bel\u0259 g\u0259l\u0259n sifari\u015fl\u0259r \u0259sas\u0131nda t\u00fcrk d\u00fcnyas\u0131na qar\u015f\u0131 faktiki olaraq &#8220;s\u0259lib y\u00fcr\u00fc\u015f\u00fc&#8221; ger\u00e7\u0259kl\u0259\u015fdirm\u0259k m\u0259qs\u0259di il\u0259 b\u00f6lg\u0259miz\u0259 k\u00f6\u00e7\u00fcr\u00fcl\u0259n erm\u0259nil\u0259rin \u201cmiatsum\u201d, &#8220;artsax&#8221;, \u201cb\u00f6y\u00fck erm\u0259nistan\u201d kimi s\u0259rs\u0259m ideyalar\u0131 m\u0259hv oldu.<\/p>\n<p>Bu m\u0259nfur ideyalar Az\u0259rbaycan\u0131 daim t\u0259zyiq alt\u0131nda saxlamaq, ita\u0259t etm\u0259dikd\u0259 onu c\u0259zaland\u0131rmaq v\u0259 \u0259razisini daha da ki\u00e7iltm\u0259k \u00fc\u00e7\u00fcn yarad\u0131lm\u0131\u015f x\u00fcsusi strateji layih\u0259 \u0259sas\u0131nda formala\u015fd\u0131r\u0131lm\u0131\u015fd\u0131. El\u0259 torpaqlar\u0131m\u0131z\u0131n 30 il i\u015f\u011fal alt\u0131nda qalmas\u0131 da bunlar\u0131n n\u0259tic\u0259si idi. Ancaq Az\u0259rbaycan \u00f6z\u00fcn\u0259 qar\u015f\u0131 olan b\u00fct\u00fcn haqs\u0131zl\u0131qlara, \u0259dal\u0259tsizlikl\u0259r\u0259, ikili standartalara baxmayaraq \u0259razi b\u00fct\u00f6vl\u00fcy\u00fcn\u00fc h\u0259rbi yolla b\u0259rpa etdi v\u0259 bu g\u00fcn b\u00fct\u00fcn Qaraba\u011fda Az\u0259rbaycan qanunlar\u0131n\u0131n i\u015fl\u0259m\u0259si \u00fc\u00e7\u00fcn art\u0131q h\u0259r \u015fey haz\u0131rd\u0131r.<\/p>\n<p>N\u0259yi, nec\u0259, n\u0259 vaxt etm\u0259li oldu\u011funu yax\u015f\u0131 bildiyini b\u00fct\u00fcn d\u00fcnyaya s\u00fcbut ed\u0259n Prezident \u0130lham \u018fliyevin uzaqg\u00f6r\u0259n siyas\u0259ti, r\u0259\u015fad\u0259tli Ordumuzun g\u00fcc\u00fc, q\u00fcdr\u0259ti say\u0259sind\u0259 Az\u0259rbaycan\u0131 par\u00e7alayaraq onu C\u0259nubi Qafqaz\u0131n siyasi co\u011frafiyas\u0131ndan silm\u0259k ist\u0259y\u0259nl\u0259rin 200 illik planlar\u0131 c\u0259mi 44 g\u00fcnd\u0259 darmada\u011f\u0131n edildiyi kimi 23 saat 43 d\u0259qiq\u0259y\u0259 d\u0259 \u0259razi b\u00fct\u00f6vl\u00fcy\u00fcm\u00fcz t\u0259min olundu. N\u0259tic\u0259d\u0259 2020-ci il sentyabr ay\u0131n\u0131n 27-d\u0259 ba\u015flayan tarixi Z\u0259f\u0259rimiz 2023-c\u00fc il sentyabr ay\u0131n\u0131n 20-d\u0259 h\u0259r qar\u0131\u015f \u0259razimizd\u0259 suverenliyimizin b\u0259rpas\u0131 il\u0259 sona \u00e7atd\u0131. Bu sonluq b\u00f6lg\u0259mizd\u0259 ba\u015f qald\u0131ran erm\u0259ni separatizminin, terror\u00e7ulu\u011fun, xarici i\u015f\u011fal\u00e7\u0131 maraqlar\u0131n, revan\u015fist q\u00fcvv\u0259l\u0259rin sonunu g\u0259tirdi.<\/p>\n<p>Bu g\u00fcn q\u00fcrurla dey\u0259 bil\u0259rik ki, Erm\u0259nistanla &#8220;haqq-hesab\u0131n bird\u0259f\u0259lik v\u0259 tamamil\u0259 \u00e7\u00fcr\u00fcd\u00fclm\u0259sin\u0259&#8221; lap az qal\u0131b. Bundan sonra torpa\u011f\u0131m\u0131za uzunm\u00fcdd\u0259tli s\u00fclh g\u0259l\u0259c\u0259k, otuz be\u015f illik i\u015f\u011fal\u0131n ac\u0131 n\u0259tic\u0259l\u0259rini aradan qald\u0131raca\u011f\u0131q, \u015f\u0259h\u0259r v\u0259 k\u0259ndl\u0259rimiz \u0259vv\u0259lkind\u0259n d\u0259 abad g\u00f6rk\u0259m\u0259 sal\u0131nacaqd\u0131r. Art\u0131q bu sah\u0259d\u0259 b\u00f6y\u00fck add\u0131mlar at\u0131l\u0131r.\u00a0 Ancaq V\u0259t\u0259nimizin azadl\u0131\u011f\u0131 u\u011frunda \u015f\u0259hid olan igid o\u011fullar\u0131m\u0131z\u0131n yar\u0131m\u00e7\u0131q qalm\u0131\u015f h\u0259yatlar\u0131 bizi h\u0259mi\u015f\u0259 a\u011fr\u0131dacaqd\u0131r. Amma bir t\u0259s\u0259llimiz d\u0259 var. Bu a\u011fr\u0131n\u0131n n\u00fcv\u0259sind\u0259n bizim milli q\u00fcrurumuz boylan\u0131r&#8230;<\/p>\n","protected":false},"excerpt":{"rendered":"<p>Ke\u00e7\u0259n otuz be\u015f ild\u0259 says\u0131z-hesabs\u0131z m\u00fcsib\u0259tl\u0259r g\u00f6rd\u00fck, \u015f\u0259h\u0259r v\u0259 k\u0259ndl\u0259rimiz i\u015f\u011fal olundu, da\u011f\u0131d\u0131l\u0131b viran qoyuldu, minl\u0259rl\u0259 soyda\u015f\u0131m\u0131z \u00f6ld\u00fcr\u00fcld\u00fc, i\u015fg\u0259nc\u0259l\u0259r\u0259 m\u0259ruz qald\u0131, yaralan\u0131b \u015fik\u0259st oldu. X\u0259yan\u0259ti \u00f6zl\u0259rin\u0259 pe\u015f\u0259 ed\u0259nl\u0259r \u0130brahim xan\u0131n tikdirdiyi g\u00f6z\u0259l Xank\u0259ndimizi \u015feytan yuvas\u0131na \u00e7evirdil\u0259r. Ora kiml\u0259r g\u0259lm\u0259di? Ba\u015f da\u015fnak Zori Balayan, Silva Kaputikyan, Viktor Hamparsumyan, Qalina Starovoytova, Arkadi Volski, Monte Melkonyan, erm\u0259nip\u0259r\u0259st senatorlar, konqresmenl\u0259r, bir s\u00f6zl\u0259 at ilx\u0131s\u0131, k\u00f6p\u0259k s\u00fcr\u00fcs\u00fc&#8230; Ham\u0131s\u0131 da az\u0259rbaycanl\u0131lara v\u0259 t\u00fcrkl\u0259r\u0259 qar\u015f\u0131 amans\u0131zl\u0131\u011fa t\u0259hrik ed\u0259n canil\u0259r. Q\u0259fl\u0259t\u0259n yaxaland\u0131\u011f\u0131m\u0131z, haz\u0131r olmad\u0131\u011f\u0131m\u0131z bir m\u0259qamda birl\u0259\u015fib \u00fcz\u0259rimiz\u0259 h\u00fccuma ke\u00e7dil\u0259r. Ancaq ilk vaxtlarda d\u00fc\u015fd\u00fcy\u00fcm\u00fcz \u00e7\u0259tinlikl\u0259r\u0259 baxmayaraq inam\u0131m\u0131z s\u00f6nm\u0259di,&hellip;<\/p>\n","protected":false},"author":2,"featured_media":641073,"comment_status":"closed","ping_status":"closed","sticky":false,"template":"","format":"standard","meta":{"om_disable_all_campaigns":false,"_monsterinsights_skip_tracking":false,"_monsterinsights_sitenote_active":false,"_monsterinsights_sitenote_note":"","_monsterinsights_sitenote_category":0},"categories":[1],"tags":[],"aioseo_notices":[],"gutentor_comment":0,"rttpg_featured_image_url":{"full":["https:\/\/arantv.az\/wp-content\/uploads\/2023\/10\/7e05295a164684513413971247711067605.jpg",975,540,false],"landscape":["https:\/\/arantv.az\/wp-content\/uploads\/2023\/10\/7e05295a164684513413971247711067605.jpg",975,540,false],"portraits":["https:\/\/arantv.az\/wp-content\/uploads\/2023\/10\/7e05295a164684513413971247711067605.jpg",975,540,false],"thumbnail":["https:\/\/arantv.az\/wp-content\/uploads\/2023\/10\/7e05295a164684513413971247711067605-500x280.jpg",500,280,true],"medium":["https:\/\/arantv.az\/wp-content\/uploads\/2023\/10\/7e05295a164684513413971247711067605-660x365.jpg",660,365,true],"large":["https:\/\/arantv.az\/wp-content\/uploads\/2023\/10\/7e05295a164684513413971247711067605-840x465.jpg",640,354,true],"1536x1536":["https:\/\/arantv.az\/wp-content\/uploads\/2023\/10\/7e05295a164684513413971247711067605.jpg",975,540,false],"2048x2048":["https:\/\/arantv.az\/wp-content\/uploads\/2023\/10\/7e05295a164684513413971247711067605.jpg",975,540,false],"post-thumbnail":["https:\/\/arantv.az\/wp-content\/uploads\/2023\/10\/7e05295a164684513413971247711067605-240x172.jpg",240,172,true],"advps-thumb-one":["https:\/\/arantv.az\/wp-content\/uploads\/2023\/10\/7e05295a164684513413971247711067605.jpg",975,540,false]},"rttpg_author":{"display_name":"V\u00fcsal Rafiqo\u011flu","author_link":"https:\/\/arantv.az\/?author=2"},"rttpg_comment":0,"rttpg_category":"<a href=\"https:\/\/arantv.az\/?cat=1\" rel=\"category\">C\u0259miyy\u0259t<\/a>","rttpg_excerpt":"Ke\u00e7\u0259n otuz be\u015f ild\u0259 says\u0131z-hesabs\u0131z m\u00fcsib\u0259tl\u0259r g\u00f6rd\u00fck, \u015f\u0259h\u0259r v\u0259 k\u0259ndl\u0259rimiz i\u015f\u011fal olundu, da\u011f\u0131d\u0131l\u0131b viran qoyuldu, minl\u0259rl\u0259 soyda\u015f\u0131m\u0131z \u00f6ld\u00fcr\u00fcld\u00fc, i\u015fg\u0259nc\u0259l\u0259r\u0259 m\u0259ruz qald\u0131, yaralan\u0131b \u015fik\u0259st oldu. X\u0259yan\u0259ti \u00f6zl\u0259rin\u0259 pe\u015f\u0259 ed\u0259nl\u0259r \u0130brahim xan\u0131n tikdirdiyi g\u00f6z\u0259l Xank\u0259ndimizi \u015feytan yuvas\u0131na \u00e7evirdil\u0259r. Ora kiml\u0259r g\u0259lm\u0259di? Ba\u015f da\u015fnak Zori Balayan, Silva Kaputikyan, Viktor Hamparsumyan, Qalina Starovoytova, Arkadi Volski, Monte Melkonyan, erm\u0259nip\u0259r\u0259st senatorlar,&hellip;","_links":{"self":[{"href":"https:\/\/arantv.az\/index.php?rest_route=\/wp\/v2\/posts\/641072"}],"collection":[{"href":"https:\/\/arantv.az\/index.php?rest_route=\/wp\/v2\/posts"}],"about":[{"href":"https:\/\/arantv.az\/index.php?rest_route=\/wp\/v2\/types\/post"}],"author":[{"embeddable":true,"href":"https:\/\/arantv.az\/index.php?rest_route=\/wp\/v2\/users\/2"}],"replies":[{"embeddable":true,"href":"https:\/\/arantv.az\/index.php?rest_route=%2Fwp%2Fv2%2Fcomments&post=641072"}],"version-history":[{"count":0,"href":"https:\/\/arantv.az\/index.php?rest_route=\/wp\/v2\/posts\/641072\/revisions"}],"wp:featuredmedia":[{"embeddable":true,"href":"https:\/\/arantv.az\/index.php?rest_route=\/wp\/v2\/media\/641073"}],"wp:attachment":[{"href":"https:\/\/arantv.az\/index.php?rest_route=%2Fwp%2Fv2%2Fmedia&parent=641072"}],"wp:term":[{"taxonomy":"category","embeddable":true,"href":"https:\/\/arantv.az\/index.php?rest_route=%2Fwp%2Fv2%2Fcategories&post=641072"},{"taxonomy":"post_tag","embeddable":true,"href":"https:\/\/arantv.az\/index.php?rest_route=%2Fwp%2Fv2%2Ftags&post=641072"}],"curies":[{"name":"wp","href":"https:\/\/api.w.org\/{rel}","templated":true}]}}