{"id":641082,"date":"2023-10-04T08:38:06","date_gmt":"2023-10-04T04:38:06","guid":{"rendered":"https:\/\/arantv.az\/?p=641082"},"modified":"2023-10-04T08:38:06","modified_gmt":"2023-10-04T04:38:06","slug":"yeni-m%c9%99kan-yeni-realliq","status":"publish","type":"post","link":"https:\/\/arantv.az\/?p=641082","title":{"rendered":"Yeni m\u0259kan, yeni reall\u0131q&#8230;"},"content":{"rendered":"<p><em><strong>Erm\u0259nistanla Az\u0259rbaycan aras\u0131nda s\u00fclh dan\u0131\u015f\u0131qlar\u0131n\u0131n Qranada raundundan hans\u0131 n\u0259tic\u0259l\u0259r g\u00f6zl\u0259m\u0259k olar?<\/strong><\/em><\/p>\n<p>Az\u0259rbaycan\u0131n Qaraba\u011f b\u00f6lg\u0259sind\u0259 separatizm\u0259 son qoyaraq n\u0259zar\u0259ti b\u0259rpa etm\u0259si il\u0259 uzun ill\u0259r davam etmi\u015f m\u00fcnaqi\u015f\u0259 d\u0259 art\u0131q tarix\u0259 \u00e7evrildi. Son hadis\u0259l\u0259r n\u0259tic\u0259sind\u0259 yaranm\u0131\u015f yeni reall\u0131qlar fonunda C\u0259nubi Qafqazda dayan\u0131ql\u0131 s\u00fclh\u0259 nail olunmas\u0131, Erm\u0259nistanla Az\u0259rbaycan aras\u0131nda m\u00fcnasib\u0259tl\u0259rin normalla\u015fmas\u0131 indi daha \u0259l\u00e7atan g\u00f6r\u00fcn\u00fcr. Bu m\u0259nada Az\u0259rbaycan Prezidenti \u0130lham \u018fliyev v\u0259 Erm\u0259nistan\u0131n ba\u015f naziri Nikol Pa\u015finyan aras\u0131nda Avropa \u0130ttifaq\u0131 (A\u0130) \u015euras\u0131n\u0131n Prezidenti \u015earl Mi\u015felin t\u0259\u015f\u0259bb\u00fcs\u00fc il\u0259 oktyabr\u0131n 5-d\u0259 \u0130spaniyada ke\u00e7iril\u0259c\u0259k n\u00f6vb\u0259ti g\u00f6r\u00fc\u015fd\u0259 konkret n\u0259tic\u0259nin \u0259ld\u0259 edilm\u0259si ehtimal\u0131 az deyil.<\/p>\n<p>B\u0259s regionda v\u0259 d\u00fcnyada ba\u015f ver\u0259n son prosesl\u0259rin dan\u0131\u015f\u0131qlar\u0131n n\u00f6vb\u0259ti raunduna t\u0259siri n\u0259l\u0259rd\u0259n ibar\u0259t ola bil\u0259r? Fransa Prezidenti Emmanuel Makronun v\u0259 Almaniya Kansleri Olaf \u015eoltsun da \u0259yl\u0259\u015f\u0259c\u0259yi Qranada masas\u0131nda h\u0259r hans\u0131 s\u0259n\u0259din imzalanmas\u0131 m\u00fcmk\u00fcnd\u00fcrm\u00fc? \u018fn \u0259sas\u0131, \u0130spaniya ev sahibi kimi s\u00fclh raz\u0131la\u015fmas\u0131na \u015fahidlik ed\u0259 bil\u0259c\u0259kmi?<\/p>\n<p>\u018fvv\u0259lc\u0259 onu qeyd ed\u0259k ki, bu formatda g\u00f6r\u00fc\u015f ilk deyil. \u0130yunun 1-d\u0259 Moldovan\u0131n paytaxt\u0131 Ki\u015fineuda apar\u0131lan dan\u0131\u015f\u0131qlarda da s\u00f6z\u00fcged\u0259n Avropa \u00f6lk\u0259l\u0259ri t\u0259msil olunmu\u015fdular. H\u0259min vaxt Erm\u0259nistan-Az\u0259rbaycan m\u00fcnasib\u0259tl\u0259rinin normalla\u015fmas\u0131 istiqam\u0259tind\u0259 m\u00fc\u0259yy\u0259n ir\u0259lil\u0259yi\u015fl\u0259r \u0259ld\u0259 edils\u0259 d\u0259 Ki\u015fineu g\u00f6r\u00fc\u015f\u00fcn\u00fcn \u0259n diqq\u0259t\u00e7\u0259k\u0259n v\u0259 yaddaqalan m\u0259qam\u0131 h\u0259r zaman erm\u0259nip\u0259r\u0259st m\u00f6vqeyini a\u00e7\u0131q \u015f\u0259kild\u0259 n\u00fcmayi\u015f etdir\u0259n Makronun dan\u0131\u015f\u0131qlardan d\u0259rhal sonra \u00f6lk\u0259sind\u0259ki erm\u0259ni lobbisinin liderl\u0259rin\u0259 hesabat verm\u0259si il\u0259 ba\u011fl\u0131 yay\u0131lan x\u0259b\u0259rl\u0259r oldu. Fransa Prezidentinin davran\u0131\u015flar\u0131 bir daha g\u00f6st\u0259rdi ki, o, masaya<\/p>\n<p>neytral vasit\u0259\u00e7i kimi deyil, maraql\u0131 t\u0259r\u0259f kimi qat\u0131l\u0131b. Ancaq Makronun \u201cf\u0259aliyy\u0259ti\u201d BMT T\u0259hl\u00fck\u0259sizlik \u015euras\u0131n\u0131n Az\u0259rbaycanla ba\u011fl\u0131 iclaslar\u0131nda oldu\u011fu kimi yet\u0259rsiz oldu v\u0259 \u201cb\u00f6y\u00fck bac\u0131\u201d erm\u0259nil\u0259rin \u00fcmidl\u0259rini yen\u0259 d\u0259 do\u011frulda bilm\u0259di. \u018fv\u0259zind\u0259 Nikol Pa\u015finyan h\u0259m Moldova paytaxt\u0131nda, h\u0259m d\u0259 daha sonra iyulun 15-d\u0259 \u015earl Mi\u015felin i\u015ftirak\u0131 il\u0259 Az\u0259rbaycan v\u0259 Erm\u0259nistan liderl\u0259rinin Br\u00fcsseld\u0259 ba\u015f tutan sonuncu g\u00f6r\u00fc\u015f\u00fc zaman\u0131 n\u00f6vb\u0259ti d\u0259f\u0259 \u00f6lk\u0259sinin anklavlar v\u0259 Qaraba\u011f iqtisadi rayonu da daxil olmaqla Az\u0259rbaycan\u0131n 86.6 kv.km-lik \u0259razi b\u00fct\u00f6vl\u00fcy\u00fcn\u00fc tan\u0131d\u0131\u011f\u0131n\u0131, iki \u00f6lk\u0259 aras\u0131nda s\u0259rh\u0259dl\u0259rin delimitasiyas\u0131n\u0131n v\u0259 demarkasiyas\u0131n\u0131n 1991-ci tarixli Alma-Ata B\u0259yannam\u0259sin\u0259 uy\u011fun h\u0259yata ke\u00e7irilm\u0259si il\u0259 ba\u011fl\u0131 m\u00fcsb\u0259t m\u00f6vqeyini r\u0259smi \u015f\u0259kild\u0259 b\u0259yan etdi. Son g\u00f6r\u00fc\u015fd\u0259n sonra s\u00fclh dan\u0131\u015f\u0131qlar\u0131n\u0131n \u00fcmumi m\u0259nz\u0259r\u0259si bundan ibar\u0259t idi.<\/p>\n<p>Ancaq Qranada g\u00f6r\u00fc\u015f\u00fc \u00f6nc\u0259si yaranm\u0131\u015f yeni reall\u0131qlar Az\u0259rbaycan\u0131 qeyd-\u015f\u0259rtsiz daha da \u00fcst\u00fcn t\u0259r\u0259f\u0259 \u00e7evirib. Qaraba\u011fda m\u00fcst\u0259qilliyimizin tam b\u0259rpas\u0131 art\u0131q bu m\u00f6vzunu dan\u0131\u015f\u0131qlar predmeti olmaqdan \u00e7\u0131xar\u0131b. Odur ki, sabah m\u00fczakir\u0259l\u0259r \u0259sas\u0259n s\u00fclh m\u00fcqavil\u0259sinin s\u0259rh\u0259dl\u0259rin m\u00fc\u0259yy\u0259nl\u0259\u015fdirilm\u0259si, Z\u0259ng\u0259zur d\u0259hlizinin a\u00e7\u0131lmas\u0131 kimi b\u0259ndl\u0259rinin raz\u0131la\u015fd\u0131r\u0131lmas\u0131 istiqam\u0259tind\u0259 ged\u0259 bil\u0259r. Qalib \u00f6lk\u0259 kimi \u0259lini daha da g\u00fccl\u0259ndirmi\u015f Az\u0259rbaycan\u0131n dan\u0131\u015f\u0131qlar\u0131n n\u00f6vb\u0259ti raundunda da dikt\u0259 ed\u0259n t\u0259r\u0259f olaca\u011f\u0131 is\u0259 \u015f\u0259ksizdir.<\/p>\n<p>\u0130spaniyada \u0259n az\u0131ndan b\u0259yanat\u0131n imzalanmas\u0131 m\u00fcmk\u00fcnd\u00fcr. \u00c7\u00fcnki Erm\u0259nistan\u0131n ba\u015f naziri d\u0259 ba\u015fa d\u00fc\u015f\u00fcr ki, s\u00fclh dan\u0131\u015f\u0131qlar\u0131n\u0131 m\u00fcxt\u0259lif b\u0259han\u0259l\u0259rl\u0259 l\u0259ngitm\u0259k \u00f6lk\u0259si \u00fc\u00e7\u00fcn v\u0259ziyy\u0259ti daha da \u00e7\u0259tinl\u0259\u015fdirir. Qaraba\u011fda ba\u015f vermi\u015f son prosesl\u0259ri f\u00fcrs\u0259t\u0259 \u00e7evirm\u0259y\u0259 \u00e7al\u0131\u015fan m\u00fcxalif q\u00fcvv\u0259l\u0259rin, siyasi opponentl\u0259rinin f\u0259alla\u015fmas\u0131, k\u00fctl\u0259vi etirazlar, \u0259n \u0259sas\u0131 Rusiya il\u0259 m\u00fcnasib\u0259tl\u0259rin son d\u0259r\u0259c\u0259 g\u0259rginl\u0259\u015fm\u0259si Nikol Pa\u015finyan\u0131 irad\u0259 n\u00fcmayi\u015f etdir\u0259r\u0259k konkret add\u0131mlar atmaq z\u0259rur\u0259tind\u0259 qoyur. \u00dcst\u0259lik, Rusiyan\u0131n C\u0259nubi Qafqazdan s\u0131x\u0131\u015fd\u0131r\u0131laraq \u00e7\u0131xar\u0131lmas\u0131nda maraql\u0131 olan AB\u015e v\u0259 Q\u0259rb \u00f6lk\u0259l\u0259ri d\u0259 erm\u0259ni ba\u015f nazird\u0259n \u00e7evik q\u0259rar verm\u0259sini t\u0259l\u0259b edirl\u0259r.<\/p>\n<p>Qranada g\u00f6r\u00fc\u015f\u00fcn\u00fcn n\u0259tic\u0259si kimi h\u0259r hans\u0131 s\u0259n\u0259din, h\u0259tta s\u00fclh m\u00fcqavil\u0259sinin imzalanmas\u0131 ehtimal\u0131n\u0131n m\u00f6vcudlu\u011funu Erm\u0259nistan m\u0259tbuat\u0131nda yay\u0131lan m\u0259lumatlar da t\u0259sdiql\u0259yir. \u201cHraparak\u201d n\u0259\u015frinin yazd\u0131\u011f\u0131na g\u00f6r\u0259, Pa\u015finyan \u00f6t\u0259n h\u0259ft\u0259 sonu parlamentd\u0259 \u00f6z partiyas\u0131ndan olan deputatlarla \u00fc\u00e7 saatdan art\u0131q \u00e7\u0259k\u0259n qapal\u0131 iclas ke\u00e7irib. Bildirilir ki, Qaraba\u011f\u0131 k\u00f6n\u00fcll\u00fc t\u0259rk ed\u0259n erm\u0259nil\u0259r bar\u0259d\u0259 dan\u0131\u015fan Pa\u015finyan onlar\u0131n m\u0259lum s\u0259b\u0259bl\u0259rd\u0259n paytaxt \u0130r\u0259vana burax\u0131lmamas\u0131, m\u00fcmk\u00fcn q\u0259d\u0259r tez b\u00f6lg\u0259l\u0259rd\u0259 yerl\u0259\u015fdirilm\u0259si v\u0259 i\u015fl\u0259 t\u0259min olunmas\u0131 il\u0259 ba\u011fl\u0131 tap\u015f\u0131r\u0131qlar verib. Az\u0259rbaycanda qal\u0131b ya\u015famaq ist\u0259y\u0259n erm\u0259nil\u0259rl\u0259 ba\u011fl\u0131 Pa\u015finyan\u0131n m\u00fcnasib\u0259ti is\u0259 bel\u0259 olub ki, bu, art\u0131q Erm\u0259nistan\u0131n problemi deyil: \u201cQoy Rusiya s\u00fclhm\u0259raml\u0131lar\u0131 Az\u0259rbaycanla probleml\u0259rini h\u0259ll etsinl\u0259r.\u201d<\/p>\n<p>Bel\u0259 g\u00f6r\u00fcn\u00fcr, Qranada g\u00f6r\u00fc\u015f\u00fc \u00f6nc\u0259si Qaraba\u011fda seprat\u00e7\u0131 qurumun \u00f6z\u00fcn\u00fc buraxmas\u0131 Erm\u0259nistan\u0131n ba\u015f nazirinin d\u0259 \u00fcr\u0259yind\u0259n olub v\u0259 o, bu m\u00fcnaqi\u015f\u0259nin h\u0259ll edilm\u0259sind\u0259n m\u0259mnundur.<\/p>\n<p>N\u0259\u015frin iddias\u0131na g\u00f6r\u0259, Pa\u015finyan \u00f6z komanda yolda\u015flar\u0131na \u00e7oxdan g\u00f6zl\u0259nil\u0259n s\u00fclh m\u00fcqavil\u0259sinin imzalanmas\u0131n\u0131n uzaqda olmad\u0131\u011f\u0131n\u0131 bildirib v\u0259 \u0259lav\u0259 edib ki, oktyabr\u0131n 5-d\u0259 ke\u00e7iril\u0259c\u0259k g\u00f6r\u00fc\u015fd\u0259 h\u0259min s\u0259n\u0259din b\u0259ndl\u0259ri raz\u0131la\u015fd\u0131r\u0131lacaq. Qranadada q\u0259bul edil\u0259c\u0259k b\u0259yanatda s\u0259rh\u0259dl\u0259rin delimitasiyas\u0131, iki \u00f6lk\u0259nin bir-birinin \u0259razi b\u00fct\u00f6vl\u00fcy\u00fcn\u00fc tan\u0131nmas\u0131 v\u0259 dig\u0259r m\u0259s\u0259l\u0259l\u0259r ard\u0131c\u0131ll\u0131qla b\u0259nd-b\u0259nd qeyd edil\u0259c\u0259k. \u00c7\u00fcnki Qaraba\u011f m\u0259s\u0259l\u0259sinin h\u0259ll edilm\u0259si il\u0259 Az\u0259rbaycan, Rusiya v\u0259 Erm\u0259nistan liderl\u0259ri aras\u0131nda imzalanm\u0131\u015f 10 noyabr 2020-ci il tarixli B\u0259yanat da q\u00fcvv\u0259sini itirib v\u0259 Rusiya t\u0259r\u0259finin vasit\u0259\u00e7ilik roluna son qoyulur.<\/p>\n<p>Qapal\u0131 iclasda kommunikasiyalar\u0131n a\u00e7\u0131lmas\u0131, y\u0259ni Z\u0259ng\u0259zur d\u0259hlizi m\u0259z\u0259l\u0259si d\u0259 m\u00fczakir\u0259 edilib. Nikol Pa\u015finyan T\u00fcrkiy\u0259 Prezidenti R\u0259c\u0259b Tayyib \u018frdo\u011fan\u0131n \u201c\u018fg\u0259r Erm\u0259nistan raz\u0131la\u015fmasa Z\u0259ng\u0259zur d\u0259hlizi \u0130ran \u0259razisind\u0259n ke\u00e7\u0259c\u0259k\u201d x\u0259b\u0259rdarl\u0131\u011f\u0131na toxunaraq bildirib ki, bu variant Erm\u0259nistan\u0131n faktiki blokadas\u0131 il\u0259 n\u0259tic\u0259l\u0259n\u0259 bil\u0259r. Odur ki, \u0130spaniya g\u00f6r\u00fc\u015f\u00fcnd\u0259 10 noyabr B\u0259yanat\u0131n\u0131n 9-cu b\u0259ndi l\u0259\u011fv olunmaqla Z\u0259ng\u0259zur d\u0259hlizinin Erm\u0259nistandan ke\u00e7m\u0259sin\u0259 raz\u0131l\u0131q ver\u0259c\u0259k. Y\u0259ni, Pa\u015finyan a\u00e7\u0131q \u015f\u0259kild\u0259 kommunikasiyalar\u0131n a\u00e7\u0131lmas\u0131n\u0131n t\u0259r\u0259fdar\u0131 oldu\u011funu, s\u00f6z\u00fcged\u0259n d\u0259hlizin t\u0259hl\u00fck\u0259sizliyin\u0259 n\u0259zar\u0259ti Rusiyaya verm\u0259k ist\u0259m\u0259diyini b\u0259yan edib.<\/p>\n<p>Bel\u0259likl\u0259, sabah Az\u0259rbaycan\u0131n yaratd\u0131\u011f\u0131 yeni reall\u0131qlar fonunda dan\u0131\u015f\u0131qlar \u00fc\u00e7\u00fcn yeni m\u0259kan olan \u0130spaniyada yeni s\u00fclh s\u0259n\u0259dinin imzalanmas\u0131 m\u00fcmk\u00fcn g\u00f6r\u00fcn\u00fcr. \u00d6z\u00fc d\u0259 Az\u0259rbaycan\u0131n ist\u0259yin\u0259 v\u0259 maraqlar\u0131na uy\u011fun. Qranada Qaraba\u011f kimi Erm\u0259nistanla Az\u0259rbaycan aras\u0131nda onill\u0259rdir davam ed\u0259n m\u00fcnaqi\u015f\u0259nin d\u0259 tarix\u0259 \u00e7evrilm\u0259sin\u0259 \u015fahidlik ed\u0259 bil\u0259r&#8230;<\/p>\n","protected":false},"excerpt":{"rendered":"<p>Erm\u0259nistanla Az\u0259rbaycan aras\u0131nda s\u00fclh dan\u0131\u015f\u0131qlar\u0131n\u0131n Qranada raundundan hans\u0131 n\u0259tic\u0259l\u0259r g\u00f6zl\u0259m\u0259k olar? Az\u0259rbaycan\u0131n Qaraba\u011f b\u00f6lg\u0259sind\u0259 separatizm\u0259 son qoyaraq n\u0259zar\u0259ti b\u0259rpa etm\u0259si il\u0259 uzun ill\u0259r davam etmi\u015f m\u00fcnaqi\u015f\u0259 d\u0259 art\u0131q tarix\u0259 \u00e7evrildi. Son hadis\u0259l\u0259r n\u0259tic\u0259sind\u0259 yaranm\u0131\u015f yeni reall\u0131qlar fonunda C\u0259nubi Qafqazda dayan\u0131ql\u0131 s\u00fclh\u0259 nail olunmas\u0131, Erm\u0259nistanla Az\u0259rbaycan aras\u0131nda m\u00fcnasib\u0259tl\u0259rin normalla\u015fmas\u0131 indi daha \u0259l\u00e7atan g\u00f6r\u00fcn\u00fcr. Bu m\u0259nada Az\u0259rbaycan Prezidenti \u0130lham \u018fliyev v\u0259 Erm\u0259nistan\u0131n ba\u015f naziri Nikol Pa\u015finyan aras\u0131nda Avropa \u0130ttifaq\u0131 (A\u0130) \u015euras\u0131n\u0131n Prezidenti \u015earl Mi\u015felin t\u0259\u015f\u0259bb\u00fcs\u00fc il\u0259 oktyabr\u0131n 5-d\u0259 \u0130spaniyada ke\u00e7iril\u0259c\u0259k n\u00f6vb\u0259ti g\u00f6r\u00fc\u015fd\u0259 konkret n\u0259tic\u0259nin \u0259ld\u0259 edilm\u0259si ehtimal\u0131 az deyil. B\u0259s regionda v\u0259&hellip;<\/p>\n","protected":false},"author":2,"featured_media":641085,"comment_status":"closed","ping_status":"closed","sticky":false,"template":"","format":"standard","meta":{"om_disable_all_campaigns":false,"_monsterinsights_skip_tracking":false,"_monsterinsights_sitenote_active":false,"_monsterinsights_sitenote_note":"","_monsterinsights_sitenote_category":0},"categories":[19],"tags":[],"aioseo_notices":[],"gutentor_comment":0,"rttpg_featured_image_url":{"full":["https:\/\/arantv.az\/wp-content\/uploads\/2023\/10\/41c542df169634115370929314010592746.jpg",975,540,false],"landscape":["https:\/\/arantv.az\/wp-content\/uploads\/2023\/10\/41c542df169634115370929314010592746.jpg",975,540,false],"portraits":["https:\/\/arantv.az\/wp-content\/uploads\/2023\/10\/41c542df169634115370929314010592746.jpg",975,540,false],"thumbnail":["https:\/\/arantv.az\/wp-content\/uploads\/2023\/10\/41c542df169634115370929314010592746-500x280.jpg",500,280,true],"medium":["https:\/\/arantv.az\/wp-content\/uploads\/2023\/10\/41c542df169634115370929314010592746-660x365.jpg",660,365,true],"large":["https:\/\/arantv.az\/wp-content\/uploads\/2023\/10\/41c542df169634115370929314010592746-840x465.jpg",640,354,true],"1536x1536":["https:\/\/arantv.az\/wp-content\/uploads\/2023\/10\/41c542df169634115370929314010592746.jpg",975,540,false],"2048x2048":["https:\/\/arantv.az\/wp-content\/uploads\/2023\/10\/41c542df169634115370929314010592746.jpg",975,540,false],"post-thumbnail":["https:\/\/arantv.az\/wp-content\/uploads\/2023\/10\/41c542df169634115370929314010592746-240x172.jpg",240,172,true],"advps-thumb-one":["https:\/\/arantv.az\/wp-content\/uploads\/2023\/10\/41c542df169634115370929314010592746.jpg",975,540,false]},"rttpg_author":{"display_name":"V\u00fcsal Rafiqo\u011flu","author_link":"https:\/\/arantv.az\/?author=2"},"rttpg_comment":0,"rttpg_category":"<a href=\"https:\/\/arantv.az\/?cat=19\" rel=\"category\">G\u00fcnd\u0259m<\/a>","rttpg_excerpt":"Erm\u0259nistanla Az\u0259rbaycan aras\u0131nda s\u00fclh dan\u0131\u015f\u0131qlar\u0131n\u0131n Qranada raundundan hans\u0131 n\u0259tic\u0259l\u0259r g\u00f6zl\u0259m\u0259k olar? Az\u0259rbaycan\u0131n Qaraba\u011f b\u00f6lg\u0259sind\u0259 separatizm\u0259 son qoyaraq n\u0259zar\u0259ti b\u0259rpa etm\u0259si il\u0259 uzun ill\u0259r davam etmi\u015f m\u00fcnaqi\u015f\u0259 d\u0259 art\u0131q tarix\u0259 \u00e7evrildi. Son hadis\u0259l\u0259r n\u0259tic\u0259sind\u0259 yaranm\u0131\u015f yeni reall\u0131qlar fonunda C\u0259nubi Qafqazda dayan\u0131ql\u0131 s\u00fclh\u0259 nail olunmas\u0131, Erm\u0259nistanla Az\u0259rbaycan aras\u0131nda m\u00fcnasib\u0259tl\u0259rin normalla\u015fmas\u0131 indi daha \u0259l\u00e7atan g\u00f6r\u00fcn\u00fcr. Bu m\u0259nada Az\u0259rbaycan&hellip;","_links":{"self":[{"href":"https:\/\/arantv.az\/index.php?rest_route=\/wp\/v2\/posts\/641082"}],"collection":[{"href":"https:\/\/arantv.az\/index.php?rest_route=\/wp\/v2\/posts"}],"about":[{"href":"https:\/\/arantv.az\/index.php?rest_route=\/wp\/v2\/types\/post"}],"author":[{"embeddable":true,"href":"https:\/\/arantv.az\/index.php?rest_route=\/wp\/v2\/users\/2"}],"replies":[{"embeddable":true,"href":"https:\/\/arantv.az\/index.php?rest_route=%2Fwp%2Fv2%2Fcomments&post=641082"}],"version-history":[{"count":0,"href":"https:\/\/arantv.az\/index.php?rest_route=\/wp\/v2\/posts\/641082\/revisions"}],"wp:featuredmedia":[{"embeddable":true,"href":"https:\/\/arantv.az\/index.php?rest_route=\/wp\/v2\/media\/641085"}],"wp:attachment":[{"href":"https:\/\/arantv.az\/index.php?rest_route=%2Fwp%2Fv2%2Fmedia&parent=641082"}],"wp:term":[{"taxonomy":"category","embeddable":true,"href":"https:\/\/arantv.az\/index.php?rest_route=%2Fwp%2Fv2%2Fcategories&post=641082"},{"taxonomy":"post_tag","embeddable":true,"href":"https:\/\/arantv.az\/index.php?rest_route=%2Fwp%2Fv2%2Ftags&post=641082"}],"curies":[{"name":"wp","href":"https:\/\/api.w.org\/{rel}","templated":true}]}}