{"id":641090,"date":"2023-10-04T08:39:47","date_gmt":"2023-10-04T04:39:47","guid":{"rendered":"https:\/\/arantv.az\/?p=641090"},"modified":"2023-10-04T08:39:47","modified_gmt":"2023-10-04T04:39:47","slug":"v%c9%99t%c9%99n%c9%99-s%c9%99daq%c9%99tl%c9%99-xidm%c9%99t-numun%c9%99si","status":"publish","type":"post","link":"https:\/\/arantv.az\/?p=641090","title":{"rendered":"V\u0259t\u0259n\u0259 s\u0259daq\u0259tl\u0259 xidm\u0259t n\u00fcmun\u0259si"},"content":{"rendered":"<section>\n<div class=\"content lead font-weight-normal\">\n<p>B\u00fct\u00fcn h\u0259yat\u0131n\u0131 xalq\u0131n\u0131n xo\u015fb\u0259xt g\u0259l\u0259c\u0259yin\u0259, q\u00fcdr\u0259tli Az\u0259rbaycan d\u00f6vl\u0259tinin yarad\u0131lmas\u0131na v\u0259 inki\u015faf\u0131na h\u0259sr etmi\u015f bu dahi \u015f\u0259xsiyy\u0259tin V\u0259t\u0259n v\u0259 xalq qar\u015f\u0131s\u0131ndak\u0131 xidm\u0259tl\u0259ri misilsizdir. Az\u0259rbaycanda m\u00fcst\u0259qil d\u00f6vl\u0259t t\u0259sisatlar\u0131n\u0131n qurulmas\u0131, beyn\u0259lxalq normalara s\u00f6yk\u0259n\u0259n demokratik, h\u00fcquqi d\u00f6vl\u0259tin yaranmas\u0131, milli, m\u0259n\u0259vi v\u0259 \u0259xlaqi d\u0259y\u0259rl\u0259rimizin qorunub saxlanmas\u0131, bu d\u0259y\u0259rl\u0259rin \u00fcmumb\u0259\u015f\u0259ri ideyalarla daha da z\u0259nginl\u0259\u015fdirilm\u0259si, ilk milli Konstitusiyam\u0131z\u0131n, el\u0259c\u0259 bir s\u0131ra m\u00fch\u00fcm qanun v\u0259 m\u0259c\u0259ll\u0259l\u0259rin q\u0259bul edilm\u0259si, v\u0259t\u0259nda\u015f c\u0259miyy\u0259tinin formala\u015fd\u0131r\u0131lmas\u0131 v\u0259 yeni sosial- iqtisadi kursun m\u00fc\u0259yy\u0259nl\u0259\u015fdirilm\u0259si prosesinin m\u00fcv\u0259ff\u0259qiyy\u0259tli h\u0259lli m\u0259hz \u00dcmummilli Liderimiz Heyd\u0259r \u018fliyevin g\u0259rgin \u0259m\u0259yinin, b\u00f6y\u00fck siyasi v\u0259 idar\u0259etm\u0259 t\u0259cr\u00fcb\u0259sinin n\u0259tic\u0259sidir.<\/p>\n<p>30 il bundan \u0259vv\u0259l, 1993-c\u00fc il oktyabr\u0131n 3-d\u0259 ke\u00e7irilmi\u015f Prezident se\u00e7kil\u0259ri m\u00fcst\u0259qil Az\u0259rbaycan d\u00f6vl\u0259ti \u00fc\u00e7\u00fcn yeni bir m\u0259rh\u0259l\u0259nin ba\u015flan\u011f\u0131c\u0131 idi. Xalq\u0131m\u0131z m\u00fcst\u0259qilliyi, d\u00f6vl\u0259t\u00e7iliyi, inki\u015faf\u0131, rifah\u0131 \u0259sas g\u00f6t\u00fcr\u0259r\u0259k b\u00f6y\u00fck s\u0259s \u00e7oxlu\u011fu il\u0259 Ulu \u00d6nd\u0259r Heyd\u0259r \u018fliyevi Prezident se\u00e7di. Xalq ona, o is\u0259 xalqa arxalan\u0131rd\u0131, g\u00fcc\u00fc ondan al\u0131rd\u0131. M\u00fcdrik siyas\u0259t\u00e7i \u00f6z\u00fc bu haqda fikir bildir\u0259rk\u0259n qeyd edirdi ki \u201c \u00d6lk\u0259nin a\u011f\u0131r vaxt\u0131nda prezident se\u00e7il\u0259nd\u0259, prezident k\u00fcrs\u00fcs\u00fcn\u0259 qalxanda da, and i\u00e7\u0259nd\u0259 d\u0259 m\u0259n t\u0259kc\u0259 Az\u0259rbaycan\u0131n \u0259razisind\u0259 olan az\u0259rbaycanl\u0131lara yox, b\u00fct\u00fcn d\u00fcnyada ya\u015fayan az\u0259rbaycanl\u0131lara m\u00fcraci\u0259t etdim. Bildirdim ki, respublikan\u0131n bu a\u011f\u0131r d\u00f6vr\u00fcnd\u0259 h\u0259r bir az\u0259rbaycanl\u0131, damarlar\u0131nda az\u0259rbaycanl\u0131 qan\u0131 axan h\u0259r bir insan g\u0259r\u0259k V\u0259t\u0259nin bu g\u00fcn\u00fcn\u0259 yans\u0131n, m\u00fcnasib\u0259tini bildirsin, k\u00f6m\u0259k etsin\u201d. \u00dcmummilli Lider h\u0259min \u00e7\u0259tin g\u00fcnl\u0259rd\u0259 b\u00fct\u00fcn az\u0259rbaycanl\u0131lar\u0131 s\u0259f\u0259rb\u0259r edir, h\u0259r bir t\u0259klifi, m\u00fcraci\u0259ti diqq\u0259tl\u0259 dinl\u0259yir, q\u0259rarlar verirdi.<\/p>\n<p>B\u00fct\u00fcn ruhu, varl\u0131\u011f\u0131 il\u0259 \u00f6z xalq\u0131na, do\u011fma yurduna ba\u011fl\u0131 olan bu b\u00f6y\u00fck \u015f\u0259xsiyy\u0259t m\u00fcxt\u0259lif sisteml\u0259rd\u0259, bir-birin\u0259 zidd siyasi qurulu\u015flarda f\u0259aliyy\u0259t g\u00f6st\u0259rs\u0259 d\u0259, h\u0259mi\u015f\u0259, \u0259n \u00e7\u0259tin tarixi d\u00f6vrl\u0259rd\u0259 v\u0259 amans\u0131z t\u0259qibl\u0259r \u015f\u0259raitind\u0259 bel\u0259, do\u011fma Az\u0259rbaycana xidm\u0259t etmi\u015fdir. B\u00f6y\u00fck d\u00f6vl\u0259t xadiminin \u00f6m\u00fcr yolunun b\u00fct\u00fcn m\u0259qamlar\u0131n\u0131 bir nadir keyfiyy\u0259t s\u0259ciyy\u0259l\u0259ndirir &#8211; V\u0259t\u0259n m\u00fccadil\u0259si v\u0259 h\u0259r zaman, h\u0259r yerd\u0259, b\u00fct\u00fcn v\u0259zif\u0259l\u0259rd\u0259 ana V\u0259t\u0259nin, do\u011fma xalq\u0131n t\u0259r\u0259qqisi \u00fc\u00e7\u00fcn can qoymaq!<\/p>\n<p>Ulu \u00f6nd\u0259r Heyd\u0259r \u018fliyevin m\u00fcdrik siyas\u0259ti il\u0259 xalq\u0131m\u0131z d\u00fcnyada t\u0259kl\u0259nm\u0259k t\u0259hl\u00fck\u0259sind\u0259n xilas olmu\u015fdur.\u00a0Bir fakta diqq\u0259t yetir\u0259k.\u00a0Dahi \u015f\u0259xsiyy\u0259tin Lissabon sammiti zaman\u0131 g\u00f6st\u0259rdiyi m\u00fcdriklik xalq\u0131m\u0131z\u0131n tarixin\u0259 q\u0131z\u0131l h\u0259rfl\u0259rl\u0259 yaz\u0131lm\u0131\u015fd\u0131r.\u00a0Bu bir h\u0259qiq\u0259tdir ki, ne\u00e7\u0259 ill\u0259rd\u0259n b\u0259ri Erm\u0259nistan havadarlar\u0131 il\u0259 birlikd\u0259 d\u00fcnya diplomatiyas\u0131 sah\u0259sind\u0259 Az\u0259rbaycan\u0131n d\u00fc\u015fm\u0259n obraz\u0131n\u0131 yaratm\u0131\u015fd\u0131.\u00a0\u00d6lk\u0259miz siyas\u0259t al\u0259mind\u0259 t\u0259nha qalm\u0131\u015fd\u0131.\u00a0Dost xalqlar da bizim haqq s\u00f6z\u00fcm\u00fcz\u00fc dem\u0259kd\u0259 \u00e7\u0259tinlik \u00e7\u0259kirdil\u0259r.\u00a0H\u0259r yerd\u0259 Az\u0259rbaycan g\u00fcnahkar hesab edilirdi.\u00a0Heyd\u0259r \u018fliyevin yenid\u0259n hakimiyy\u0259t\u0259 g\u0259li\u015fi d\u00fcnya siyas\u0259tind\u0259 Az\u0259rbaycan haqq\u0131nda yaranm\u0131\u015f qeyri &#8211; obyektiv m\u00fcnasib\u0259ti v\u0259 bax\u0131\u015flar\u0131 alt-\u00fcst etdi.\u00a0Onun uzaqg\u00f6r\u0259n siyas\u0259ti add\u0131m-add\u0131m Avropaya p\u0259nc\u0259r\u0259 a\u00e7d\u0131, BMT-nin y\u00fcks\u0259k k\u00fcrs\u00fcs\u00fcnd\u0259n d\u00fcnyaya yay\u0131ld\u0131.\u00a0Az\u0259rbaycan\u0131n haqq s\u00f6z\u00fcn\u00fc dey\u0259nl\u0259rin say\u0131 artd\u0131.\u00a0Lissabon sammiti m\u0259hz bu haqq v\u0259 \u0259dal\u0259tin t\u0259nt\u0259n\u0259si idi: 52 d\u00f6vl\u0259t Az\u0259rbaycan\u0131 m\u00fcdafi\u0259 etdi. Bu, b\u00f6y\u00fck q\u0259l\u0259b\u0259 idi&#8230;\u00a0Bel\u0259 faktlar\u0131n say\u0131 ist\u0259nil\u0259n q\u0259d\u0259rdir.<\/p>\n<p>B\u0259li, xalq\u0131na arxalanan, amal\u0131 xalq\u0131na xidm\u0259t olan, xalq \u00fc\u00e7\u00fcn quran, yaradan insanlar xo\u015fb\u0259xt insanlard\u0131r.\u00a0Onlar mill\u0259tin taleyini t\u0259yin etm\u0259k m\u0259suliyy\u0259tinin n\u0259 dem\u0259k oldu\u011funu anlay\u0131r, bu m\u0259suliyy\u0259ti l\u0259yaq\u0259tl\u0259 da\u015f\u0131y\u0131r, h\u0259yatda xo\u015fb\u0259xtliyi ancaq g\u0259l\u0259c\u0259k n\u0259sill\u0259rin \u015f\u0259r\u0259fi, varl\u0131\u011f\u0131 v\u0259 rahatl\u0131\u011f\u0131 \u00fc\u00e7\u00fcn \u00e7al\u0131\u015fmaqda g\u00f6r\u00fcrl\u0259r.\u00a0Bu c\u00fcr insanlar t\u0259k-t\u0259k olur, b\u0259lk\u0259 d\u0259 y\u00fcz ild\u0259 bir d\u0259f\u0259 d\u00fcnyaya g\u0259lirl\u0259r.\u00a0Amma \u0259n \u00e7\u0259tin, b\u00f6hranl\u0131 anlar\u0131nda, xalq &#8220;olum ya \u00f6l\u00fcm&#8221; dilemmas\u0131 qar\u015f\u0131s\u0131nda qalanda g\u0259lir v\u0259 m\u00fcq\u0259dd\u0259s xilaskarl\u0131q missiyas\u0131n\u0131 h\u0259yata ke\u00e7irirl\u0259r, \u00f6z h\u0259yatlar\u0131n\u0131 mill\u0259t\u0259 xidm\u0259t\u0259 h\u0259sr edirl\u0259r.\u00a0Mill\u0259tl\u0259 birlikd\u0259 \u00f6zl\u0259ri d\u0259 y\u00fcks\u0259lirl\u0259r, mill\u0259tl\u0259 birlikd\u0259 onlar\u0131 da b\u00fct\u00fcn d\u00fcnya tan\u0131y\u0131r, \u015f\u00f6hr\u0259ti al\u0259m\u0259 yay\u0131l\u0131r.\u00a0Heyd\u0259r \u018fliyev kimi&#8230;<\/p>\n<p>Bir s\u00f6zl\u0259, m\u0259hz \u00dcmummilli Liderimiz Heyd\u0259r \u018fliyevin g\u00f6rm\u0259k ist\u0259diyi Az\u0259rbaycan bu g\u00fcn\u00fcn reall\u0131\u011f\u0131na \u00e7evrilib v\u0259 \u00f6lk\u0259miz Heyd\u0259r \u018fliyev siyasi kursu il\u0259 inamla add\u0131mlay\u0131r.<\/p>\n<p>M\u0259nal\u0131 h\u0259yat\u0131n\u0131 \u00f6z xalq\u0131na b\u0259x\u015f etmi\u015f Ulu \u00f6nd\u0259r Heyd\u0259r \u018fliyevin siyasi v\u0259 d\u00f6vl\u0259t xadimi kimi z\u0259ngin f\u0259aliyy\u0259ti Az\u0259rbaycan xalq\u0131n\u0131n tarixind\u0259 d\u0259rin iz buraxaraq, \u0259sl d\u00f6vl\u0259t idar\u0259\u00e7iliyi m\u0259kt\u0259bin\u0259 \u00e7evrilib. Az\u0259rbaycan xalq\u0131n\u0131n h\u0259l\u0259 ne\u00e7\u0259-ne\u00e7\u0259 n\u0259sli bu b\u00f6y\u00fck m\u0259kt\u0259bd\u0259n, \u00dcmummilli lider Heyd\u0259r \u018fliyevin z\u0259ngin siyasi irsind\u0259n \u00f6lk\u0259mizin inki\u015faf\u0131, xalq\u0131m\u0131z\u0131n rifah\u0131 namin\u0259 faydalanacaq. Heyd\u0259r \u018fliyevin irsi g\u0259l\u0259c\u0259k n\u0259sill\u0259r \u00fc\u00e7\u00fcn z\u0259ngin x\u0259zin\u0259 olacaq.<\/p>\n<p><strong>Arzu \u018fliyeva,<\/strong><br \/>\n<u>YAP Pirallah\u0131 rayon t\u0259\u015fkilat\u0131 Aparat\u0131n\u0131n m\u0259sul \u0259m\u0259kda\u015f\u0131<\/u><\/p>\n<div class=\"clearfix\"><\/div>\n<\/div>\n<div class=\"fotorama--hidden\"><\/div>\n<div id=\"galleryList\" class=\"fotorama fotorama1696394328411\" data-nav=\"thumbs\" data-width=\"100%\" data-thumbwidth=\"90\" data-thumbheight=\"60\" data-allowfullscreen=\"true\" data-autoplay=\"3000\" data-ratio=\"1.5\" data-keyboard=\"true\" data-fit=\"contain\">\n<div class=\"fotorama__wrap fotorama__wrap--css3 fotorama__wrap--slide fotorama__wrap--toggle-arrows fotorama__wrap--no-controls\">\n<div class=\"fotorama__stage\">\n<div class=\"fotorama__fullscreen-icon\" tabindex=\"0\" role=\"button\"><\/div>\n<div class=\"fotorama__stage__shaft\">\n<div class=\"fotorama__stage__frame fotorama__loaded fotorama__loaded--img fotorama__active\"><img class=\"fotorama__img\" src=\"https:\/\/ikisahil.az\/photo\/0x0_2\/upload\/gallery\/2023\/10\/03\/-cb7c403a169633684149771376510227573.jpg\" \/><\/div>\n<\/div>\n<div class=\"fotorama__video-close\"><\/div>\n<\/div>\n<\/div>\n<\/div>\n<div class=\"sharing my-2 row no-gutters d-print-none\"><\/div>\n<div class=\"d-none d-sm-block\"><\/div>\n<\/section>\n<section id=\"new_block_2\" class=\"mt-3 d-print-none\">\n<div class=\"row\">\n<div class=\"col-md-12\"><\/div>\n<\/div>\n<\/section>\n","protected":false},"excerpt":{"rendered":"<p>B\u00fct\u00fcn h\u0259yat\u0131n\u0131 xalq\u0131n\u0131n xo\u015fb\u0259xt g\u0259l\u0259c\u0259yin\u0259, q\u00fcdr\u0259tli Az\u0259rbaycan d\u00f6vl\u0259tinin yarad\u0131lmas\u0131na v\u0259 inki\u015faf\u0131na h\u0259sr etmi\u015f bu dahi \u015f\u0259xsiyy\u0259tin V\u0259t\u0259n v\u0259 xalq qar\u015f\u0131s\u0131ndak\u0131 xidm\u0259tl\u0259ri misilsizdir. Az\u0259rbaycanda m\u00fcst\u0259qil d\u00f6vl\u0259t t\u0259sisatlar\u0131n\u0131n qurulmas\u0131, beyn\u0259lxalq normalara s\u00f6yk\u0259n\u0259n demokratik, h\u00fcquqi d\u00f6vl\u0259tin yaranmas\u0131, milli, m\u0259n\u0259vi v\u0259 \u0259xlaqi d\u0259y\u0259rl\u0259rimizin qorunub saxlanmas\u0131, bu d\u0259y\u0259rl\u0259rin \u00fcmumb\u0259\u015f\u0259ri ideyalarla daha da z\u0259nginl\u0259\u015fdirilm\u0259si, ilk milli Konstitusiyam\u0131z\u0131n, el\u0259c\u0259 bir s\u0131ra m\u00fch\u00fcm qanun v\u0259 m\u0259c\u0259ll\u0259l\u0259rin q\u0259bul edilm\u0259si, v\u0259t\u0259nda\u015f c\u0259miyy\u0259tinin formala\u015fd\u0131r\u0131lmas\u0131 v\u0259 yeni sosial- iqtisadi kursun m\u00fc\u0259yy\u0259nl\u0259\u015fdirilm\u0259si prosesinin m\u00fcv\u0259ff\u0259qiyy\u0259tli h\u0259lli m\u0259hz \u00dcmummilli Liderimiz Heyd\u0259r \u018fliyevin g\u0259rgin \u0259m\u0259yinin, b\u00f6y\u00fck siyasi v\u0259 idar\u0259etm\u0259 t\u0259cr\u00fcb\u0259sinin n\u0259tic\u0259sidir. 30 il bundan \u0259vv\u0259l, 1993-c\u00fc&hellip;<\/p>\n","protected":false},"author":2,"featured_media":641094,"comment_status":"closed","ping_status":"closed","sticky":false,"template":"","format":"standard","meta":{"om_disable_all_campaigns":false,"_monsterinsights_skip_tracking":false,"_monsterinsights_sitenote_active":false,"_monsterinsights_sitenote_note":"","_monsterinsights_sitenote_category":0},"categories":[26],"tags":[],"aioseo_notices":[],"gutentor_comment":0,"rttpg_featured_image_url":{"full":["https:\/\/arantv.az\/wp-content\/uploads\/2023\/10\/022e0ee5168370660732691460710922113.jpg",975,540,false],"landscape":["https:\/\/arantv.az\/wp-content\/uploads\/2023\/10\/022e0ee5168370660732691460710922113.jpg",975,540,false],"portraits":["https:\/\/arantv.az\/wp-content\/uploads\/2023\/10\/022e0ee5168370660732691460710922113.jpg",975,540,false],"thumbnail":["https:\/\/arantv.az\/wp-content\/uploads\/2023\/10\/022e0ee5168370660732691460710922113-500x280.jpg",500,280,true],"medium":["https:\/\/arantv.az\/wp-content\/uploads\/2023\/10\/022e0ee5168370660732691460710922113-660x365.jpg",660,365,true],"large":["https:\/\/arantv.az\/wp-content\/uploads\/2023\/10\/022e0ee5168370660732691460710922113-840x465.jpg",640,354,true],"1536x1536":["https:\/\/arantv.az\/wp-content\/uploads\/2023\/10\/022e0ee5168370660732691460710922113.jpg",975,540,false],"2048x2048":["https:\/\/arantv.az\/wp-content\/uploads\/2023\/10\/022e0ee5168370660732691460710922113.jpg",975,540,false],"post-thumbnail":["https:\/\/arantv.az\/wp-content\/uploads\/2023\/10\/022e0ee5168370660732691460710922113-240x172.jpg",240,172,true],"advps-thumb-one":["https:\/\/arantv.az\/wp-content\/uploads\/2023\/10\/022e0ee5168370660732691460710922113.jpg",975,540,false]},"rttpg_author":{"display_name":"V\u00fcsal Rafiqo\u011flu","author_link":"https:\/\/arantv.az\/?author=2"},"rttpg_comment":0,"rttpg_category":"<a href=\"https:\/\/arantv.az\/?cat=26\" rel=\"category\">Sosial<\/a>","rttpg_excerpt":"B\u00fct\u00fcn h\u0259yat\u0131n\u0131 xalq\u0131n\u0131n xo\u015fb\u0259xt g\u0259l\u0259c\u0259yin\u0259, q\u00fcdr\u0259tli Az\u0259rbaycan d\u00f6vl\u0259tinin yarad\u0131lmas\u0131na v\u0259 inki\u015faf\u0131na h\u0259sr etmi\u015f bu dahi \u015f\u0259xsiyy\u0259tin V\u0259t\u0259n v\u0259 xalq qar\u015f\u0131s\u0131ndak\u0131 xidm\u0259tl\u0259ri misilsizdir. Az\u0259rbaycanda m\u00fcst\u0259qil d\u00f6vl\u0259t t\u0259sisatlar\u0131n\u0131n qurulmas\u0131, beyn\u0259lxalq normalara s\u00f6yk\u0259n\u0259n demokratik, h\u00fcquqi d\u00f6vl\u0259tin yaranmas\u0131, milli, m\u0259n\u0259vi v\u0259 \u0259xlaqi d\u0259y\u0259rl\u0259rimizin qorunub saxlanmas\u0131, bu d\u0259y\u0259rl\u0259rin \u00fcmumb\u0259\u015f\u0259ri ideyalarla daha da z\u0259nginl\u0259\u015fdirilm\u0259si, ilk milli Konstitusiyam\u0131z\u0131n, el\u0259c\u0259 bir s\u0131ra m\u00fch\u00fcm&hellip;","_links":{"self":[{"href":"https:\/\/arantv.az\/index.php?rest_route=\/wp\/v2\/posts\/641090"}],"collection":[{"href":"https:\/\/arantv.az\/index.php?rest_route=\/wp\/v2\/posts"}],"about":[{"href":"https:\/\/arantv.az\/index.php?rest_route=\/wp\/v2\/types\/post"}],"author":[{"embeddable":true,"href":"https:\/\/arantv.az\/index.php?rest_route=\/wp\/v2\/users\/2"}],"replies":[{"embeddable":true,"href":"https:\/\/arantv.az\/index.php?rest_route=%2Fwp%2Fv2%2Fcomments&post=641090"}],"version-history":[{"count":0,"href":"https:\/\/arantv.az\/index.php?rest_route=\/wp\/v2\/posts\/641090\/revisions"}],"wp:featuredmedia":[{"embeddable":true,"href":"https:\/\/arantv.az\/index.php?rest_route=\/wp\/v2\/media\/641094"}],"wp:attachment":[{"href":"https:\/\/arantv.az\/index.php?rest_route=%2Fwp%2Fv2%2Fmedia&parent=641090"}],"wp:term":[{"taxonomy":"category","embeddable":true,"href":"https:\/\/arantv.az\/index.php?rest_route=%2Fwp%2Fv2%2Fcategories&post=641090"},{"taxonomy":"post_tag","embeddable":true,"href":"https:\/\/arantv.az\/index.php?rest_route=%2Fwp%2Fv2%2Ftags&post=641090"}],"curies":[{"name":"wp","href":"https:\/\/api.w.org\/{rel}","templated":true}]}}