{"id":641098,"date":"2023-10-04T09:26:16","date_gmt":"2023-10-04T05:26:16","guid":{"rendered":"https:\/\/arantv.az\/?p=641098"},"modified":"2023-10-04T09:26:16","modified_gmt":"2023-10-04T05:26:16","slug":"ulu-ond%c9%99r-heyd%c9%99r-%c9%99liyev-muasir-must%c9%99qil-az%c9%99rbaycanin-qurucusu-v%c9%99-memaridir","status":"publish","type":"post","link":"https:\/\/arantv.az\/?p=641098","title":{"rendered":"Ulu \u00d6nd\u0259r Heyd\u0259r \u018fliyev m\u00fcasir, m\u00fcst\u0259qil Az\u0259rbaycan\u0131n qurucusu v\u0259 memar\u0131d\u0131r"},"content":{"rendered":"<div>\n<div class=\"\" dir=\"auto\">\n<div id=\":R1al9aqqd9emhpapd5aqH2:\" class=\"x1iorvi4 x1pi30zi x1l90r2v x1swvt13\" data-ad-comet-preview=\"message\" data-ad-preview=\"message\">\n<div class=\"x78zum5 xdt5ytf xz62fqu x16ldp7u\">\n<div class=\"xu06os2 x1ok221b\">\n<div class=\"x11i5rnm xat24cr x1mh8g0r x1vvkbs xtlvy1s x126k92a\">\n<div dir=\"auto\"><strong>1991-1993-c\u00fc ill\u0259r \u00f6lk\u0259mizin m\u00fcasir tarixind\u0259 h\u0259rc-m\u0259rclik, \u00f6zba\u015f\u0131nal\u0131q v\u0259 qeyri-pe\u015f\u0259kar idar\u0259etm\u0259 d\u00f6vr\u00fc kimi xat\u0131rlan\u0131r. M\u00fcst\u0259qilliyin ilk ill\u0259rind\u0259 xalq\u0131m\u0131z qar\u015f\u0131ya \u00e7\u0131xan \u00e7\u0259tin probleml\u0259rin h\u0259llini, xilaskarl\u0131q missiyas\u0131n\u0131 Heyd\u0259r \u018fliyevd\u0259 g\u00f6r\u00fcrd\u00fc.<\/strong><\/div>\n<div dir=\"auto\">Az\u0259rbaycan xalq\u0131 qan\u0131 v\u0259 can\u0131 bahas\u0131na \u0259ld\u0259 etdiyi m\u00fcst\u0259qilliyin qorunmas\u0131 \u00fc\u00e7\u00fcn bu m\u00fcst\u0259qilliyin \u0259ld\u0259 olunmas\u0131na \u0259n \u00e7ox t\u00f6hf\u0259 vermi\u015f v\u0259 onu qoruya bil\u0259c\u0259k \u0259v\u0259zsiz lideri Heyd\u0259r \u018fliyevi d\u0259v\u0259t etdi. 1992-ci ilin oktyabr\u0131nda Az\u0259rbaycan\u0131n \u201c91-l\u0259r\u201d adlanan ziyal\u0131lar\u0131 Heyd\u0259r \u018fliyev\u0259 hakimiyy\u0259t\u0259 qay\u0131d\u0131\u015f\u0131 \u00fc\u00e7\u00fcn m\u00fcraci\u0259t etmi\u015fdil\u0259r. 1993-c\u00fc il iyunun 9-da Heyd\u0259r \u018fliyev, n\u0259hay\u0259t, xalq\u0131n v\u0259 respublikan\u0131n hakim dair\u0259l\u0259rinin t\u0259kidli d\u0259v\u0259tini q\u0259bul edib Bak\u0131ya g\u0259ldi. Xilaskarl\u0131q missiyas\u0131n\u0131 \u00f6z \u00fcz\u0259rin\u0259 g\u00f6t\u00fcr\u0259n Ulu \u00d6nd\u0259r Heyd\u0259r \u018fliyev Bak\u0131da hakimiyy\u0259t davas\u0131n\u0131n getdiyi bir vaxtda h\u0259yat\u0131n\u0131 t\u0259hl\u00fck\u0259 alt\u0131nda qoyaraq d\u0259rhal G\u0259nc\u0259y\u0259 yolland\u0131 v\u0259 b\u00f6lg\u0259d\u0259 davam ed\u0259n qiyam\u0131n qar\u015f\u0131s\u0131n\u0131 ald\u0131.<\/div>\n<div dir=\"auto\">1993-c\u00fc il oktyabr\u0131n 3-n\u0259 t\u0259yin edilmi\u015f prezident se\u00e7kil\u0259ri Az\u0259rbaycan xalq\u0131 \u00fc\u00e7\u00fcn m\u00fch\u00fcm tarixi hadis\u0259, m\u00fcst\u0259qil Az\u0259rbaycan d\u00f6vl\u0259ti \u00fc\u00e7\u00fcn is\u0259 qurtulu\u015fa ged\u0259n yolun ilk pill\u0259si idi. Xalq b\u00f6y\u00fck s\u0259s \u00e7oxlu\u011fu il\u0259 \u00f6z se\u00e7imini etdi v\u0259 Heyd\u0259r \u018fliyevi Prezident se\u00e7di. H\u0259min taley\u00fckl\u00fc se\u00e7iml\u0259 bug\u00fcnk\u00fc q\u00fcdr\u0259tli Az\u0259rbaycan d\u00f6vl\u0259tinin t\u0259m\u0259li qoyuldu. Xalq\u0131n m\u00fctl\u0259q \u0259ks\u0259riyy\u0259tinin s\u0259sini qazanaraq Az\u0259rbaycan Respublikas\u0131n\u0131n Prezidenti se\u00e7il\u0259n Ulu \u00d6nd\u0259r 1993-c\u00fc il oktyabr\u0131n 10-da d\u00f6vl\u0259t\u0259 v\u0259 xalqa s\u0259daq\u0259t and\u0131 i\u00e7\u0259r\u0259k demi\u015fdir: \u201cBu g\u00fcn m\u0259nim \u00fc\u00e7\u00fcn tarixi, \u0259lam\u0259tdar bir g\u00fcnd\u00fcr. M\u0259n\u0259 g\u00f6st\u0259ril\u0259n bu b\u00f6y\u00fck etimada g\u00f6r\u0259 Az\u0259rbaycan v\u0259t\u0259nda\u015flar\u0131na, Az\u0259rbaycan xalq\u0131na h\u00f6rm\u0259timi, m\u0259h\u0259bb\u0259timi bildirir v\u0259 \u0259min etm\u0259k ist\u0259yir\u0259m ki, h\u0259yat\u0131m\u0131n sonuna q\u0259d\u0259r xalq\u0131ma s\u0259daq\u0259tl\u0259 xidm\u0259t ed\u0259c\u0259k v\u0259 b\u00fct\u00fcn f\u0259aliyy\u0259timi Az\u0259rbaycan Respublikas\u0131n\u0131n g\u0259l\u0259c\u0259k inki\u015faf\u0131na s\u0259rf ed\u0259c\u0259y\u0259m.\u201d.<\/div>\n<div dir=\"auto\">Heyd\u0259r \u018fliyev Az\u0259rbaycan\u0131 b\u00f6y\u00fck b\u0259lalardan, faci\u0259l\u0259rd\u0259n hifz edib, \u00f6lk\u0259ni sabitlik, iqtisadi inki\u015faf v\u0259 t\u0259r\u0259qqi yoluna \u00e7\u0131xar\u0131b, qlobal enerji-kommunikasiya layih\u0259l\u0259rini realla\u015fd\u0131rmaqla V\u0259t\u0259n\u0259 s\u0259daq\u0259tl\u0259 xidm\u0259tin \u0259yani n\u00fcmun\u0259sini yaratm\u0131\u015fd\u0131r.<\/div>\n<div dir=\"auto\">M\u00fcst\u0259qilliyin ilk ill\u0259rind\u0259 sa\u011flam d\u00fc\u015f\u00fcnc\u0259nin s\u0259sin\u0259 qulaq as\u0131b, b\u00f6y\u00fck siyasi xadimi respublika r\u0259hb\u0259rliyin\u0259 d\u0259v\u0259t ets\u0259ydil\u0259r, Az\u0259rbaycan 20 Yanvar, Xocal\u0131 faci\u0259l\u0259rini g\u00f6rm\u0259z, habel\u0259 La\u00e7\u0131n, \u015eu\u015fa x\u0259yan\u0259tl\u0259rin qurban\u0131 olmaz, \u00f6lk\u0259 \u0259razisinin 20 faizi i\u015f\u011fal edilm\u0259z, d\u00f6vl\u0259t m\u00fcst\u0259qilliyimiz a\u011fr\u0131l\u0131 v\u0259 \u0259zabl\u0131 yollardan ke\u00e7m\u0259zdi.<\/div>\n<div dir=\"auto\">Ulu \u00f6nd\u0259rin 1993-c\u00fc ilin oktyabr\u0131nda d\u00f6vl\u0259t ba\u015f\u00e7\u0131s\u0131 se\u00e7ilm\u0259sind\u0259n sonra m\u00fcst\u0259qil Az\u0259rbaycan\u0131n h\u00fcquqi v\u0259 siyasi-iqtisadi suverenliyinin t\u0259min olunmas\u0131 prosesi \u0259sasl\u0131 \u015f\u0259kild\u0259 s\u00fcr\u0259tl\u0259nmi\u015fdir. \u00dcmummilli Lider ilk n\u00f6vb\u0259d\u0259, \u00f6lk\u0259d\u0259 ictimai-siyasi sabitliyin b\u0259rpas\u0131 istiqam\u0259tind\u0259 g\u0259rgin i\u015f aparm\u0131\u015f, qeyri-qanuni silahl\u0131 d\u0259st\u0259l\u0259r z\u0259r\u0259rsizl\u0259\u015fdirilmi\u015f, respublikam\u0131z\u0131n sosial-iqtisadi y\u00fcks\u0259li\u015fin\u0259 yol a\u00e7an \u0259n m\u00fch\u00fcm amil kimi c\u0259miyy\u0259td\u0259 ictimai-siyasi sabitlik b\u0259rq\u0259rar edilmi\u015fdir. D\u00f6vl\u0259t \u00e7evrili\u015fl\u0259rinin qar\u015f\u0131s\u0131 al\u0131nm\u0131\u015f, Az\u0259rbaycan v\u0259t\u0259nda\u015f m\u00fcharib\u0259si t\u0259hl\u00fck\u0259sind\u0259n xilas olmu\u015fdur. M\u00fcst\u0259qil d\u00f6vl\u0259timizin \u0259razi b\u00fct\u00f6vl\u00fcy\u00fcn\u00fcn b\u0259rpas\u0131 v\u0259 Erm\u0259nistan silahl\u0131 q\u00fcvv\u0259l\u0259rinin h\u00fccumlar\u0131n\u0131n qar\u015f\u0131s\u0131n\u0131n al\u0131nmas\u0131, \u00f6lk\u0259nin m\u00fcst\u0259qilliyinin qorunub saxlanmas\u0131 \u00fc\u00e7\u00fcn ordu quruculu\u011fu istiqam\u0259tind\u0259 kompleks t\u0259dbirl\u0259r h\u0259yata ke\u00e7irilmi\u015fdir.<\/div>\n<div dir=\"auto\">1993-c\u00fc ild\u0259n ba\u015flayaraq bu g\u00fcn\u0259 q\u0259d\u0259r Az\u0259rbaycan, s\u00f6z\u00fcn \u0259sl m\u0259nas\u0131nda, m\u00fcst\u0259qil h\u0259yat ya\u015fay\u0131r. D\u00f6vl\u0259t\u00e7iliyin \u0259saslar\u0131 qoyuldu, m\u00fcst\u0259qil d\u00f6vl\u0259tin Konstitusiyas\u0131 q\u0259bul edildi, milli ideologiyam\u0131z q\u0259bul olundu, az\u0259rbaycan\u00e7\u0131l\u0131q m\u0259fkur\u0259si bu g\u00fcn bizim ideoloji \u0259saslar\u0131m\u0131z\u0131 t\u0259\u015fkil edir. Siyasi islahatlar apar\u0131lma\u011fa ba\u015flanm\u0131\u015f, demokratik inki\u015fafla ba\u011fl\u0131 \u00f6n\u0259mli q\u0259rarlar, qanunlar q\u0259bul edilmi\u015fdir. \u0130qtisadi sah\u0259d\u0259 liberalla\u015fma siyas\u0259ti apar\u0131lma\u011fa ba\u015flanm\u0131\u015f v\u0259 bazar iqtisadiyyat\u0131na ke\u00e7id m\u0259hz Ulu \u00d6nd\u0259r Heyd\u0259r \u018fliyevin t\u0259\u015f\u0259bb\u00fcs\u00fc il\u0259 ba\u015f vermi\u015fdir.<\/div>\n<div dir=\"auto\">Ki\u00e7ik bir \u00f6lk\u0259 Heyd\u0259r \u018fliyevin u\u011furlu siyas\u0259ti say\u0259sind\u0259 d\u00fcnyada tan\u0131nan n\u00fcfuzlu bir d\u00f6vl\u0259t\u0259 \u00e7evrilmi\u015fdir. 1993-c\u00fc ild\u0259 m\u00fcst\u0259qil Az\u0259rbaycan Respublikas\u0131n\u0131n Prezidenti se\u00e7il\u0259n Heyd\u0259r \u018fliyevin t\u0259cr\u00fcb\u0259li v\u0259 m\u00fcdrik siyas\u0259ti say\u0259sind\u0259 q\u0131sa m\u00fcdd\u0259t \u0259rzind\u0259 xarici siyas\u0259t sah\u0259sind\u0259 b\u00f6y\u00fck d\u00f6n\u00fc\u015f yarand\u0131 v\u0259 u\u011furlar \u0259ld\u0259 olundu. D\u00fcnyan\u0131n apar\u0131c\u0131 d\u00f6vl\u0259tl\u0259ri v\u0259 beyn\u0259lxalq t\u0259\u015fkilatlar\u0131 Az\u0259rbaycana ciddi diqq\u0259t yetirm\u0259y\u0259 ba\u015flam\u0131\u015f v\u0259 \u00f6lk\u0259miz beyn\u0259lxalq m\u00fcnasib\u0259tl\u0259r sisteminin suveren aktoruna \u00e7evrilmi\u015fdir.<\/div>\n<div dir=\"auto\">Q\u0259rb\u0259 inteqrasiya yolunu tutan Ulu \u00d6nd\u0259r Heyd\u0259r \u018fliyev \u0259n \u00e7\u0259tin anlarda bel\u0259 yenilm\u0259z siyasi irad\u0259 n\u00fcmayi\u015f etdirdi, milli d\u00f6vl\u0259t\u00e7iliyin, milli m\u0259nafel\u0259rin ifad\u0259\u00e7isi kimi anti-az\u0259rbaycan, antimilli q\u00fcvv\u0259l\u0259rin qar\u015f\u0131s\u0131nda sip\u0259r\u0259 \u00e7evrildi, Bak\u0131-Tbilisi-Ceyhan neft, Bak\u0131-Tbilisi-\u018frzurum qaz k\u0259m\u0259rinin \u00e7\u0259kili\u015fi m\u0259hz bu b\u00f6y\u00fck insan\u0131n irad\u0259si v\u0259 q\u0259tiyy\u0259tli m\u00f6vqeyinin, uzaqg\u00f6r\u0259nliyinin n\u0259tic\u0259si kimi reall\u0131\u011fa \u00e7evrildi. Heyd\u0259r \u018fliyevin neft strategiyas\u0131n\u0131n t\u0259c\u0259ss\u00fcm\u00fc olan \u201c\u018fsrin m\u00fcqavil\u0259si\u201d Az\u0259rbaycan\u0131n d\u00fcnya iqtisadi sistemind\u0259ki yerini m\u00fc\u0259yy\u0259nl\u0259\u015fdirmi\u015fdir. 1994-c\u00fc ilin sentyabr ay\u0131n\u0131n 20-d\u0259 d\u00fcnyan\u0131n 8 \u00f6lk\u0259sinin 13 neft \u015firk\u0259ti il\u0259 ba\u011flanm\u0131\u015f &#8220;\u018fsrin m\u00fcqavil\u0259si\u201d sonrak\u0131 ill\u0259rd\u0259 daha 19 \u00f6lk\u0259nin 41 neft \u015firk\u0259ti il\u0259 26 m\u00fcqavil\u0259nin imzalanmas\u0131na yol a\u00e7m\u0131\u015f, 1997-ci ild\u0259 Az\u0259rbaycan nefti Bak\u0131-Novorossiysk neft k\u0259m\u0259ri il\u0259, 1999-cu ild\u0259 is\u0259 Bak\u0131-Supsa neft k\u0259m\u0259ri il\u0259 d\u00fcnya bazar\u0131na \u00e7\u0131xar\u0131lm\u0131\u015fd\u0131r.<\/div>\n<div dir=\"auto\">Ulu \u00d6nd\u0259r Heyd\u0259r \u018fliyev Az\u0259rbaycan torpaqlar\u0131n\u0131n Erm\u0259nistan t\u0259r\u0259find\u0259n i\u015f\u011fal olunmas\u0131 fakt\u0131n\u0131 beyn\u0259lxalq t\u0259\u015fkilatlar\u0131n siyasi g\u00fcnd\u0259liyin\u0259 g\u0259tirmi\u015fdir. Ulu \u00f6nd\u0259r Heyd\u0259r \u018fliyev t\u0259r\u0259find\u0259n \u0259sas\u0131 qoyulan xarici siyas\u0259t kursunun m\u00fch\u00fcm prioritetl\u0259rind\u0259n birini Erm\u0259nistan-Az\u0259rbaycan m\u00fcnaqi\u015f\u0259sinin beyn\u0259lxalq h\u00fcquq normalar\u0131 \u0259sas\u0131nda, y\u0259ni \u00f6lk\u0259mizin \u0259razi b\u00fct\u00f6vl\u00fcy\u00fc \u00e7\u0259r\u00e7iv\u0259sind\u0259 h\u0259ll edilm\u0259sini t\u0259\u015fkil etmi\u015fdir. M\u0259hz \u00dcmummilli lider Heyd\u0259r \u018fliyevin g\u0259rgin \u0259m\u0259yi v\u0259 ard\u0131c\u0131l s\u0259yl\u0259ri n\u0259tic\u0259sind\u0259 bu problemin h\u0259llin\u0259 y\u00f6n\u0259lik m\u0259qs\u0259dy\u00f6nl\u00fc, sistemli v\u0259 davaml\u0131 add\u0131mlar at\u0131lm\u0131\u015f v\u0259 m\u0259s\u0259l\u0259nin mahiyy\u0259ti d\u00fcnya ictimaiyy\u0259tinin diqq\u0259tin\u0259 \u00e7atd\u0131r\u0131lm\u0131\u015fd\u0131r. Ulu \u00f6nd\u0259rin bir \u00e7ox d\u00fcnya d\u00f6vl\u0259tl\u0259ri il\u0259 bu m\u00f6vzuda dan\u0131\u015f\u0131qlar apararaq beyn\u0259lxalq t\u0259dbirl\u0259rd\u0259, o c\u00fcml\u0259d\u0259n sammitl\u0259rd\u0259 Az\u0259rbaycan\u0131n \u0259razi b\u00fct\u00f6vl\u00fcy\u00fcn\u00fcn d\u0259st\u0259kl\u0259ndiyi v\u0259 Erm\u0259nistan\u0131n i\u015f\u011fal\u00e7\u0131l\u0131q siyas\u0259tinin pisl\u0259ndiyi q\u0259tnam\u0259l\u0259rin v\u0259 b\u0259yanatlar\u0131n q\u0259bul olunmas\u0131na nail olmu\u015fdur.<\/div>\n<div dir=\"auto\">Ulu \u00f6nd\u0259r Heyd\u0259r \u018fliyevin u\u011furlu xarici siyas\u0259t kursu n\u0259tic\u0259sind\u0259 beyn\u0259lxalq t\u0259\u015fkilatlarla b\u0259rab\u0259rh\u00fcquqlu s\u0259viyy\u0259d\u0259 \u0259m\u0259kda\u015fl\u0131q m\u00fcst\u0259qilliyin \u0259sas dayaqlar\u0131ndan birin\u0259 \u00e7evrilib. Yeni kollektiv s\u0259n\u0259dl\u0259r\u0259 v\u0259 beyn\u0259lxalq m\u00fcqavil\u0259l\u0259r\u0259 qo\u015fulan Az\u0259rbaycan \u00f6z\u00fcn\u00fcn co\u011frafi m\u00f6vqeyind\u0259n, t\u0259bii ehtiyatlar\u0131ndan, iqtisadi potensial\u0131ndan istifad\u0259 \u0259sas\u0131nda bir \u00e7ox d\u00f6vl\u0259tl\u0259rl\u0259 v\u0259 beyn\u0259lxalq qurumlarla \u0259m\u0259kda\u015fl\u0131q ed\u0259r\u0259k B\u00f6y\u00fck \u0130p\u0259k yolunun b\u0259rpas\u0131, Avropa-Qafqaz-Asiya n\u0259qliyyat d\u0259hlizinin yarad\u0131lmas\u0131, X\u0259z\u0259rin karbohidrogen ehtiyatlar\u0131n\u0131n i\u015fl\u0259nm\u0259si v\u0259 d\u00fcnya bazar\u0131na \u00e7\u0131xar\u0131lmas\u0131 layih\u0259l\u0259rini s\u0259m\u0259r\u0259li \u015f\u0259kild\u0259 h\u0259yata ke\u00e7irir.<\/div>\n<div dir=\"auto\">Mill\u0259tin m\u0259h\u0259bb\u0259tini qazanm\u0131\u015f \u00dcmummilli Lider Heyd\u0259r \u018fliyev Az\u0259rbaycan xalq\u0131n\u0131n yadda\u015f\u0131nda qurucu v\u0259 xilaskar d\u00f6vl\u0259t xadimi kimi \u0259b\u0259di olaraq ya\u015fayacaqd\u0131r.<\/div>\n<\/div>\n<div class=\"x11i5rnm xat24cr x1mh8g0r x1vvkbs xtlvy1s x126k92a\">\n<div dir=\"auto\"><strong>Arif\u0259t \u018fhm\u0259dova &#8211; B\u0259rd\u0259 rayon Heyd\u0259r \u018fliyev M\u0259rk\u0259zinin direktoru<\/strong><\/div>\n<\/div>\n<\/div>\n<\/div>\n<\/div>\n<\/div>\n<div id=\":R1al9aqqd9emhpapd5aqH3:\" class=\"x1n2onr6\">\n<div class=\"x1n2onr6\">\n<div class=\"x6s0dn4 x1jx94hy x78zum5 xdt5ytf x6ikm8r x10wlt62 x1n2onr6 xh8yej3\">\n<div class=\"xqtp20y x6ikm8r x10wlt62 x1n2onr6\">\n<div class=\"x10l6tqk x13vifvy\"><\/div>\n<\/div>\n<\/div>\n<div class=\"xua58t2 xzg4506 x1ey2m1c xds687c x47corl x10l6tqk x17qophe x13vifvy\"><\/div>\n<div class=\"x1o1ewxj x3x9cwd x1e5q0jg x13rtm0m x1ey2m1c xds687c xg01cxk x47corl x10l6tqk x17qophe x13vifvy x1ebt8du x19991ni x1dhq9h xobhos8\" data-visualcompletion=\"ignore\"><\/div>\n<\/div>\n<\/div>\n<\/div>\n<div>\n<div class=\"x168nmei x13lgxp2 x30kzoy x9jhf4c x6ikm8r x10wlt62\" data-visualcompletion=\"ignore-dynamic\">\n<div>\n<div>\n<div>\n<div class=\"x1n2onr6\">\n<div class=\"x6s0dn4 xi81zsa x78zum5 x6prxxf x13a6bvl xvq8zen xdj266r xktsk01 xat24cr x1d52u69 x889kno x4uap5 x1a8lsjc xkhd6sd xdppsyt\">\n<div class=\"x1c4vz4f x2lah0s xci0xqf\"><\/div>\n<div class=\"x9f619 x1n2onr6 x1ja2u2z x78zum5 x2lah0s x1qughib x1qjc9v5 xozqiw3 x1q0g3np xykv574 xbmpl8g x4cne27 xifccgj\"><\/div>\n<\/div>\n<\/div>\n<\/div>\n<\/div>\n<\/div>\n<\/div>\n<\/div>\n","protected":false},"excerpt":{"rendered":"<p>1991-1993-c\u00fc ill\u0259r \u00f6lk\u0259mizin m\u00fcasir tarixind\u0259 h\u0259rc-m\u0259rclik, \u00f6zba\u015f\u0131nal\u0131q v\u0259 qeyri-pe\u015f\u0259kar idar\u0259etm\u0259 d\u00f6vr\u00fc kimi xat\u0131rlan\u0131r. M\u00fcst\u0259qilliyin ilk ill\u0259rind\u0259 xalq\u0131m\u0131z qar\u015f\u0131ya \u00e7\u0131xan \u00e7\u0259tin probleml\u0259rin h\u0259llini, xilaskarl\u0131q missiyas\u0131n\u0131 Heyd\u0259r \u018fliyevd\u0259 g\u00f6r\u00fcrd\u00fc. Az\u0259rbaycan xalq\u0131 qan\u0131 v\u0259 can\u0131 bahas\u0131na \u0259ld\u0259 etdiyi m\u00fcst\u0259qilliyin qorunmas\u0131 \u00fc\u00e7\u00fcn bu m\u00fcst\u0259qilliyin \u0259ld\u0259 olunmas\u0131na \u0259n \u00e7ox t\u00f6hf\u0259 vermi\u015f v\u0259 onu qoruya bil\u0259c\u0259k \u0259v\u0259zsiz lideri Heyd\u0259r \u018fliyevi d\u0259v\u0259t etdi. 1992-ci ilin oktyabr\u0131nda Az\u0259rbaycan\u0131n \u201c91-l\u0259r\u201d adlanan ziyal\u0131lar\u0131 Heyd\u0259r \u018fliyev\u0259 hakimiyy\u0259t\u0259 qay\u0131d\u0131\u015f\u0131 \u00fc\u00e7\u00fcn m\u00fcraci\u0259t etmi\u015fdil\u0259r. 1993-c\u00fc il iyunun 9-da Heyd\u0259r \u018fliyev, n\u0259hay\u0259t, xalq\u0131n v\u0259 respublikan\u0131n hakim dair\u0259l\u0259rinin t\u0259kidli d\u0259v\u0259tini q\u0259bul edib Bak\u0131ya g\u0259ldi. Xilaskarl\u0131q missiyas\u0131n\u0131&hellip;<\/p>\n","protected":false},"author":2,"featured_media":641099,"comment_status":"closed","ping_status":"closed","sticky":false,"template":"","format":"standard","meta":{"om_disable_all_campaigns":false,"_monsterinsights_skip_tracking":false,"_monsterinsights_sitenote_active":false,"_monsterinsights_sitenote_note":"","_monsterinsights_sitenote_category":0},"categories":[19,2],"tags":[],"aioseo_notices":[],"gutentor_comment":0,"rttpg_featured_image_url":{"full":["https:\/\/arantv.az\/wp-content\/uploads\/2023\/10\/386355562_248853564775998_5608764795282108757_n.jpg",807,540,false],"landscape":["https:\/\/arantv.az\/wp-content\/uploads\/2023\/10\/386355562_248853564775998_5608764795282108757_n.jpg",807,540,false],"portraits":["https:\/\/arantv.az\/wp-content\/uploads\/2023\/10\/386355562_248853564775998_5608764795282108757_n.jpg",807,540,false],"thumbnail":["https:\/\/arantv.az\/wp-content\/uploads\/2023\/10\/386355562_248853564775998_5608764795282108757_n-500x280.jpg",500,280,true],"medium":["https:\/\/arantv.az\/wp-content\/uploads\/2023\/10\/386355562_248853564775998_5608764795282108757_n-545x365.jpg",545,365,true],"large":["https:\/\/arantv.az\/wp-content\/uploads\/2023\/10\/386355562_248853564775998_5608764795282108757_n.jpg",640,428,false],"1536x1536":["https:\/\/arantv.az\/wp-content\/uploads\/2023\/10\/386355562_248853564775998_5608764795282108757_n.jpg",807,540,false],"2048x2048":["https:\/\/arantv.az\/wp-content\/uploads\/2023\/10\/386355562_248853564775998_5608764795282108757_n.jpg",807,540,false],"post-thumbnail":["https:\/\/arantv.az\/wp-content\/uploads\/2023\/10\/386355562_248853564775998_5608764795282108757_n-240x172.jpg",240,172,true],"advps-thumb-one":["https:\/\/arantv.az\/wp-content\/uploads\/2023\/10\/386355562_248853564775998_5608764795282108757_n.jpg",807,540,false]},"rttpg_author":{"display_name":"V\u00fcsal Rafiqo\u011flu","author_link":"https:\/\/arantv.az\/?author=2"},"rttpg_comment":0,"rttpg_category":"<a href=\"https:\/\/arantv.az\/?cat=19\" rel=\"category\">G\u00fcnd\u0259m<\/a> <a href=\"https:\/\/arantv.az\/?cat=2\" rel=\"category\">Region X\u0259b\u0259rl\u0259ri<\/a>","rttpg_excerpt":"1991-1993-c\u00fc ill\u0259r \u00f6lk\u0259mizin m\u00fcasir tarixind\u0259 h\u0259rc-m\u0259rclik, \u00f6zba\u015f\u0131nal\u0131q v\u0259 qeyri-pe\u015f\u0259kar idar\u0259etm\u0259 d\u00f6vr\u00fc kimi xat\u0131rlan\u0131r. M\u00fcst\u0259qilliyin ilk ill\u0259rind\u0259 xalq\u0131m\u0131z qar\u015f\u0131ya \u00e7\u0131xan \u00e7\u0259tin probleml\u0259rin h\u0259llini, xilaskarl\u0131q missiyas\u0131n\u0131 Heyd\u0259r \u018fliyevd\u0259 g\u00f6r\u00fcrd\u00fc. Az\u0259rbaycan xalq\u0131 qan\u0131 v\u0259 can\u0131 bahas\u0131na \u0259ld\u0259 etdiyi m\u00fcst\u0259qilliyin qorunmas\u0131 \u00fc\u00e7\u00fcn bu m\u00fcst\u0259qilliyin \u0259ld\u0259 olunmas\u0131na \u0259n \u00e7ox t\u00f6hf\u0259 vermi\u015f v\u0259 onu qoruya bil\u0259c\u0259k \u0259v\u0259zsiz lideri Heyd\u0259r \u018fliyevi d\u0259v\u0259t&hellip;","_links":{"self":[{"href":"https:\/\/arantv.az\/index.php?rest_route=\/wp\/v2\/posts\/641098"}],"collection":[{"href":"https:\/\/arantv.az\/index.php?rest_route=\/wp\/v2\/posts"}],"about":[{"href":"https:\/\/arantv.az\/index.php?rest_route=\/wp\/v2\/types\/post"}],"author":[{"embeddable":true,"href":"https:\/\/arantv.az\/index.php?rest_route=\/wp\/v2\/users\/2"}],"replies":[{"embeddable":true,"href":"https:\/\/arantv.az\/index.php?rest_route=%2Fwp%2Fv2%2Fcomments&post=641098"}],"version-history":[{"count":0,"href":"https:\/\/arantv.az\/index.php?rest_route=\/wp\/v2\/posts\/641098\/revisions"}],"wp:featuredmedia":[{"embeddable":true,"href":"https:\/\/arantv.az\/index.php?rest_route=\/wp\/v2\/media\/641099"}],"wp:attachment":[{"href":"https:\/\/arantv.az\/index.php?rest_route=%2Fwp%2Fv2%2Fmedia&parent=641098"}],"wp:term":[{"taxonomy":"category","embeddable":true,"href":"https:\/\/arantv.az\/index.php?rest_route=%2Fwp%2Fv2%2Fcategories&post=641098"},{"taxonomy":"post_tag","embeddable":true,"href":"https:\/\/arantv.az\/index.php?rest_route=%2Fwp%2Fv2%2Ftags&post=641098"}],"curies":[{"name":"wp","href":"https:\/\/api.w.org\/{rel}","templated":true}]}}