{"id":641132,"date":"2023-10-04T10:46:18","date_gmt":"2023-10-04T06:46:18","guid":{"rendered":"https:\/\/arantv.az\/?p=641132"},"modified":"2023-10-04T10:46:18","modified_gmt":"2023-10-04T06:46:18","slug":"bakidaki-konqres-olk%c9%99mizin-beyn%c9%99lxalq-miqyasda-nufuzunun-v%c9%99-qlobal-liderliyinin-numun%c9%99sidir","status":"publish","type":"post","link":"https:\/\/arantv.az\/?p=641132","title":{"rendered":"Bak\u0131dak\u0131 Konqres \u00f6lk\u0259mizin beyn\u0259lxalq miqyasda n\u00fcfuzunun v\u0259 qlobal liderliyinin n\u00fcmun\u0259sidir"},"content":{"rendered":"<p>Oktyabr\u0131n 2-d\u0259 Bak\u0131 Konqres M\u0259rk\u0259zind\u0259 Az\u0259rbaycan Respublikas\u0131n\u0131n Prezidenti \u0130lham \u018fliyev v\u0259 birinci xan\u0131m Mehriban \u018fliyevan\u0131n i\u015ftirak\u0131 il\u0259 74-c\u00fc Beyn\u0259lxalq Astronavtika Konqresinin a\u00e7\u0131l\u0131\u015f m\u0259rasimi ke\u00e7irilib. Bu n\u00fcfuzlu beyn\u0259lxalq t\u0259dbird\u0259 100-d\u0259n art\u0131q \u00f6lk\u0259ni t\u0259msil ed\u0259n 5000-d\u0259n \u00e7ox n\u00fcmay\u0259nd\u0259 i\u015ftirak edibl\u0259r. Bu da son ill\u0259r \u0259rzind\u0259 beyn\u0259lxalq t\u0259dbirl\u0259rin, siyasi toplant\u0131lar\u0131n \u0259sas \u00fcnvanlar\u0131ndan birin\u0259 \u00e7evril\u0259n Az\u0259rbaycan\u0131n daha bir m\u00f6t\u0259b\u0259r t\u0259dbir\u0259 ev sahibliyi etm\u0259si \u00f6lk\u0259mizin siyasi n\u00fcfuzunun t\u0259zah\u00fcr\u00fcd\u00fcr.<\/p>\n<p>Qeyd edilm\u0259lidir ki,\u00a0 Az\u0259rbaycan\u0131n ilk d\u0259f\u0259 Ulu \u00d6nd\u0259r Heyd\u0259r \u018fliyevin r\u0259hb\u0259rliyi d\u00f6vr\u00fcnd\u0259 1973-c\u00fc ild\u0259 Bak\u0131da ke\u00e7iril\u0259n Beyn\u0259lxalq Astronavtika Konqresin\u0259 50 il sonra yenid\u0259n ev sahibliyi etm\u0259si b\u00f6y\u00fck r\u0259mzi m\u0259na da\u015f\u0131y\u0131r. Bu d\u0259f\u0259 \u00f6lk\u0259miz Konqres\u0259 m\u00fcst\u0259qil d\u00f6vl\u0259t kimi ev sahibliyi edir. Bu, Az\u0259rbaycan\u0131n m\u00fcasir texnologiyalar, r\u0259q\u0259msal inki\u015faf v\u0259 kosmik s\u0259naye quruculu\u011fu sah\u0259sind\u0259 qazand\u0131\u011f\u0131 m\u00fch\u00fcm nailiyy\u0259tl\u0259r\u0259 beyn\u0259lxalq s\u0259viyy\u0259d\u0259 g\u00f6st\u0259ril\u0259n y\u00fcks\u0259k diqq\u0259t v\u0259 h\u00f6rm\u0259tin parlaq g\u00f6st\u0259ricisidir.<\/p>\n<p>Prezident \u0130lham \u018fliyev Bak\u0131da ke\u00e7iril\u0259n 74-c\u00fc Beyn\u0259lxalq Astronavtika Konqresinin a\u00e7\u0131l\u0131\u015f m\u0259rasimind\u0259 \u00e7\u0131x\u0131\u015f\u0131nda bildirib ki, son 20 ild\u0259 \u00fcmumi daxili m\u0259hsulumuzun 4 d\u0259f\u0259, b\u00fcdc\u0259 g\u0259lirimizin 30 d\u0259f\u0259, xarici ticar\u0259t d\u00f6vriyy\u0259mizin 10 d\u0259f\u0259 artd\u0131\u011f\u0131n\u0131 dey\u0259n d\u00f6vl\u0259timizin ba\u015f\u00e7\u0131s\u0131 bildirib: \u201cBiz xarici borcumuzu \u00dcDM-in 10 faizin\u0259 endir\u0259 bilmi\u015fik. 2024-c\u00fc ilin sonuna q\u0259d\u0259r planlar\u0131m\u0131za uy\u011fun olaraq bu r\u0259q\u0259m 7-7,5 faiz olacaq. Xarici valyuta v\u0259 q\u0131z\u0131l ehtiyat\u0131m\u0131z \u00dcDM-d\u0259n 10 d\u0259f\u0259 art\u0131qd\u0131r. Y\u0259ni, biz ist\u0259diyimiz vaxtda v\u0259 iki ay \u0259rzind\u0259 borcumuzu ba\u011flaya bil\u0259rik\u201d. \u00d6lk\u0259mizd\u0259 s\u0259rmay\u0259 m\u00fchiti \u00e7ox m\u00fcsb\u0259t oldu\u011funu vur\u011fulayan Prezident \u0130lham \u018fliyev son 30 ild\u0259 Az\u0259rbaycana 300 milyard dollardan art\u0131q v\u0259sait qoyuldu\u011funu deyib.<\/p>\n<p>\u00d6lk\u0259 ba\u015f\u00e7\u0131s\u0131 Bak\u0131da ke\u00e7iril\u0259n 74-c\u00fc Beyn\u0259lxalq Astronavtika Konqresinin a\u00e7\u0131l\u0131\u015f m\u0259rasimind\u0259 \u00e7\u0131x\u0131\u015f\u0131nda s\u00f6yl\u0259yib ki, \u00fc\u00e7 il \u0259vv\u0259l biz \u0259sas h\u0259d\u0259fimiz\u0259 nail olduq, 30 il \u0259rzind\u0259 pozulmu\u015f \u0259razi b\u00fct\u00f6vl\u00fcy\u00fcm\u00fcz\u00fc b\u0259rpa etdik: &#8220;Biz i\u015f\u011fal\u0131n, etnik t\u0259mizl\u0259m\u0259nin qurban\u0131 olmu\u015fuq. Bu, bizim xalq\u0131m\u0131z \u00fc\u00e7\u00fcn b\u00f6y\u00fck faci\u0259 idi v\u0259 b\u00f6y\u00fck humanitar f\u0259lak\u0259t idi. Biz uzun ill\u0259r \u0259rzind\u0259 \u00e7al\u0131\u015f\u0131rd\u0131q ki, m\u00fcnaqi\u015f\u0259ni dinc yolla h\u0259ll ed\u0259k v\u0259 i\u015f\u011fala dinc yolla son qoyaq&#8221;.<\/p>\n<p>28 il \u0259rzind\u0259 dan\u0131\u015f\u0131qlar prosesin\u0259 g\u00fccl\u00fc sadiqliyimizi n\u00fcmayi\u015f etdirdiyimizi, lakin \u00fc\u00e7 il \u0259vv\u0259l BMT-nin Nizamnam\u0259sin\u0259 uy\u011fun olaraq \u00f6z\u00fcn\u00fcm\u00fcdafi\u0259 h\u00fcququndan istifad\u0259 etdiyimizi vur\u011fulayan d\u00f6vl\u0259timizin ba\u015f\u00e7\u0131s\u0131 bildirib: &#8220;Biz 3 il bundan \u0259vv\u0259l \u0259razil\u0259rimizi i\u015f\u011faldan azad etdik, i\u015f\u011fala son qoyduq. \u00d6t\u0259n ay is\u0259 b\u00fct\u00fcn \u00f6lk\u0259 \u0259razisind\u0259 suverenliyimizi tam b\u0259rpa etdik&#8221;.<\/p>\n<p>Prezident \u0130lham \u018fliyev qeyd edib ki, \u201cBu g\u00fcn enerji v\u0259 n\u0259qliyyat x\u0259rit\u0259l\u0259rin\u0259 baxsan\u0131z, o c\u00fcml\u0259d\u0259n boru k\u0259m\u0259rl\u0259rin\u0259 n\u0259z\u0259r salsan\u0131z, g\u00f6r\u0259c\u0259ksiniz ki, burada Az\u0259rbaycan\u0131n izi var. Biz bir s\u0131ra layih\u0259l\u0259rin t\u0259\u015f\u0259bb\u00fcskar\u0131 olmu\u015fuq v\u0259 t\u0259r\u0259fda\u015flar\u0131m\u0131zla birlikd\u0259 onlar\u0131 u\u011furla h\u0259yata ke\u00e7irmi\u015fik. Bununla da t\u0259kc\u0259 bizim b\u00f6lg\u0259nin deyil, daha geni\u015f regionun enerji t\u0259hl\u00fck\u0259sizliyini t\u0259min etmi\u015fik&#8221;.<\/p>\n<p>Bu g\u00fcn enerji t\u0259hl\u00fck\u0259sizliyinin h\u0259r bir \u00f6lk\u0259nin milli t\u0259hl\u00fck\u0259sizliyi m\u0259s\u0259l\u0259sin\u0259 b\u0259rab\u0259r oldu\u011funu, onun vacib elementini t\u0259\u015fkil etdiyini vur\u011fulayan d\u00f6vl\u0259timizin ba\u015f\u00e7\u0131s\u0131 diqq\u0259t\u0259 \u00e7atd\u0131r\u0131b ki, Az\u0259rbaycan etibarl\u0131 t\u0259chizat\u00e7\u0131 olaraq beyn\u0259lxalq bazarlara enerji n\u0259ql edir v\u0259 Avropa \u0130ttifaq\u0131 t\u0259r\u0259find\u0259n PanAvropa t\u0259chizat\u00e7\u0131s\u0131 kimi d\u0259y\u0259rl\u0259ndirilir.<\/p>\n<p>Olk\u0259nin t\u0259bii s\u0259rv\u0259tl\u0259ri Az\u0259rbaycan xalq\u0131n\u0131n m\u0259nafeyi namin\u0259 istifad\u0259 edilib. Az\u0259rbaycan XIX \u0259srin ortalar\u0131nda d\u00fcnyada neft hasil ed\u0259n ilk \u00f6lk\u0259 olub. O zaman biz d\u00fcnya neft hasilat\u0131n\u0131n h\u0259cminin yar\u0131s\u0131n\u0131 hasil edirdik. Ola bil\u0259r bir \u00e7ox adam bilmir ki, d\u0259nizd\u0259 d\u0259 ilk neft hasilat\u0131 Az\u0259rbaycan neft\u00e7il\u0259ri t\u0259r\u0259find\u0259n XX \u0259srin ortalar\u0131nda h\u0259yata ke\u00e7irilib. Konfransda vur\u011fulan\u0131b ki, \u0259srl\u0259r boyu Az\u0259rbaycan\u0131n \u00e7oxmill\u0259tli, \u00e7oxdinli, \u00e7oxkonfessiyal\u0131 c\u0259miyy\u0259ti olub. 30 illik m\u00fcst\u0259qillik d\u00f6vr\u00fcm\u00fczd\u0259 bu amill\u0259r g\u00fccl\u0259ndirilib. Az\u0259rbaycanda b\u00fct\u00fcn xalqlar bir vahid ail\u0259 kimi ya\u015fay\u0131rlar. Eyni zamanda, Avropa \u0130nstitutlar\u0131 il\u0259 \u0259m\u0259kda\u015fl\u0131q \u0259laq\u0259l\u0259ri u\u011furla inki\u015faf edir. Avropa \u0130ttifaq\u0131n\u0131n bir ne\u00e7\u0259 \u00fczv\u00fc il\u0259 Az\u0259rbaycan strateji t\u0259r\u0259fda\u015fl\u0131q haqq\u0131nda b\u0259yannam\u0259 imzalay\u0131b. Bu, onu n\u00fcmayi\u015f etdirir ki, \u00f6lk\u0259mizin xarici siyas\u0259ti a\u00e7\u0131qd\u0131r, \u0259m\u0259kda\u015fl\u0131\u011fa y\u00f6n\u0259lib v\u0259 daha geni\u015f regional inki\u015fafa xidm\u0259t edir.<\/p>\n<p>Az\u0259rbaycan\u0131n iki m\u00fch\u00fcm beyn\u0259lxalq t\u0259sisat\u0131n \u0130\u018fT-in v\u0259 Avropa \u015euras\u0131n\u0131n \u00fczv\u00fc oldu\u011funu xat\u0131rladan d\u00f6vl\u0259timizin ba\u015f\u00e7\u0131s\u0131 vur\u011fulay\u0131b: \u201cAz\u0259rbaycan azsayl\u0131 \u00f6lk\u0259l\u0259rd\u0259n biridir ki, h\u0259r iki t\u0259sisat\u0131n \u00fczv\u00fcd\u00fcr. Bu iki vacib t\u0259\u015fkilat 100-d\u0259n art\u0131q \u00f6lk\u0259ni birl\u0259\u015fdirir\u201d.<\/p>\n<p>M\u00fcasirl\u0259\u015fm\u0259nin Az\u0259rbaycan\u0131n g\u0259l\u0259c\u0259kl\u0259 ba\u011fl\u0131 bax\u0131\u015flar\u0131n\u0131, g\u00fcnd\u0259liyini v\u0259 planlar\u0131n\u0131 \u0259ks etdirdiyini vur\u011fulayan d\u00f6vl\u0259timizin ba\u015f\u00e7\u0131s\u0131 bildirib: \u201cM\u00fcst\u0259qillik d\u00f6vr\u00fcnd\u0259 Az\u0259rbaycan beyn\u0259lxalq ictimaiyy\u0259tin f\u0259al \u00fczv\u00fcn\u0259 \u00e7evrilib. Bizim siyas\u0259timiz h\u0259r zaman ayd\u0131n, \u015f\u0259ffaf v\u0259 birm\u0259nal\u0131 olub, dostlar\u0131n qazan\u0131lmas\u0131na v\u0259 \u0259m\u0259kda\u015fl\u0131\u011f\u0131n g\u00fccl\u0259ndirilm\u0259sin\u0259 xidm\u0259t edib\u201d.<\/p>\n<p><img src=\"https:\/\/ikisahil.az\/upload\/\/2022\/03\/30\/\/-c5d73680164863798718229567010584419.jpg\" alt=\"\" \/>H\u0259m\u00e7inin qeyd edilib ki, Az\u0259rbaycan 10 ild\u0259n art\u0131qd\u0131r ki, beyn\u0259lxalq kosmos klubunun \u00fczv\u00fcd\u00fcr. Bu g\u00fcn Az\u0259rbaycan\u0131n iki telekommunikasiya v\u0259 bir Yer s\u0259thinin m\u00fc\u015fahid\u0259si peyki vard\u0131r. Az\u0259rbaycanda bu sah\u0259nin inki\u015faf\u0131 davam edir.\u00a0 Bir s\u00f6zl\u0259, 74-c\u00fc Beyn\u0259lxalq Astronavtika Konqresinin \u00f6lk\u0259mizd\u0259 ke\u00e7irilm\u0259si bir daha \u00f6lk\u0259mizin n\u00fcfuzunun t\u0259zah\u00fcru olmaqla, Prezident \u0130lham \u018fliyevin beyn\u0259lxalq miqyasda y\u00fcks\u0259k n\u00fcfuzunun v\u0259 qlobal liderliyinin bariz n\u00fcmun\u0259sidir.<\/p>\n<p><strong>\u0130srafil K\u0259rimov,<\/strong><\/p>\n<p><strong>Az\u0259rbaycan Jurnalistl\u0259r Birliyinin \u00fczv\u00fc<\/strong><\/p>\n","protected":false},"excerpt":{"rendered":"<p>Oktyabr\u0131n 2-d\u0259 Bak\u0131 Konqres M\u0259rk\u0259zind\u0259 Az\u0259rbaycan Respublikas\u0131n\u0131n Prezidenti \u0130lham \u018fliyev v\u0259 birinci xan\u0131m Mehriban \u018fliyevan\u0131n i\u015ftirak\u0131 il\u0259 74-c\u00fc Beyn\u0259lxalq Astronavtika Konqresinin a\u00e7\u0131l\u0131\u015f m\u0259rasimi ke\u00e7irilib. Bu n\u00fcfuzlu beyn\u0259lxalq t\u0259dbird\u0259 100-d\u0259n art\u0131q \u00f6lk\u0259ni t\u0259msil ed\u0259n 5000-d\u0259n \u00e7ox n\u00fcmay\u0259nd\u0259 i\u015ftirak edibl\u0259r. Bu da son ill\u0259r \u0259rzind\u0259 beyn\u0259lxalq t\u0259dbirl\u0259rin, siyasi toplant\u0131lar\u0131n \u0259sas \u00fcnvanlar\u0131ndan birin\u0259 \u00e7evril\u0259n Az\u0259rbaycan\u0131n daha bir m\u00f6t\u0259b\u0259r t\u0259dbir\u0259 ev sahibliyi etm\u0259si \u00f6lk\u0259mizin siyasi n\u00fcfuzunun t\u0259zah\u00fcr\u00fcd\u00fcr. Qeyd edilm\u0259lidir ki,\u00a0 Az\u0259rbaycan\u0131n ilk d\u0259f\u0259 Ulu \u00d6nd\u0259r Heyd\u0259r \u018fliyevin r\u0259hb\u0259rliyi d\u00f6vr\u00fcnd\u0259 1973-c\u00fc ild\u0259 Bak\u0131da ke\u00e7iril\u0259n Beyn\u0259lxalq Astronavtika Konqresin\u0259 50 il sonra yenid\u0259n ev sahibliyi etm\u0259si b\u00f6y\u00fck&hellip;<\/p>\n","protected":false},"author":2,"featured_media":641135,"comment_status":"closed","ping_status":"closed","sticky":false,"template":"","format":"standard","meta":{"om_disable_all_campaigns":false,"_monsterinsights_skip_tracking":false,"_monsterinsights_sitenote_active":false,"_monsterinsights_sitenote_note":"","_monsterinsights_sitenote_category":0},"categories":[19],"tags":[],"aioseo_notices":[],"gutentor_comment":0,"rttpg_featured_image_url":{"full":["https:\/\/arantv.az\/wp-content\/uploads\/2023\/10\/8cbe9ce2169639643782545069710892277.jpg",975,540,false],"landscape":["https:\/\/arantv.az\/wp-content\/uploads\/2023\/10\/8cbe9ce2169639643782545069710892277.jpg",975,540,false],"portraits":["https:\/\/arantv.az\/wp-content\/uploads\/2023\/10\/8cbe9ce2169639643782545069710892277.jpg",975,540,false],"thumbnail":["https:\/\/arantv.az\/wp-content\/uploads\/2023\/10\/8cbe9ce2169639643782545069710892277-500x280.jpg",500,280,true],"medium":["https:\/\/arantv.az\/wp-content\/uploads\/2023\/10\/8cbe9ce2169639643782545069710892277-660x365.jpg",660,365,true],"large":["https:\/\/arantv.az\/wp-content\/uploads\/2023\/10\/8cbe9ce2169639643782545069710892277-840x465.jpg",640,354,true],"1536x1536":["https:\/\/arantv.az\/wp-content\/uploads\/2023\/10\/8cbe9ce2169639643782545069710892277.jpg",975,540,false],"2048x2048":["https:\/\/arantv.az\/wp-content\/uploads\/2023\/10\/8cbe9ce2169639643782545069710892277.jpg",975,540,false],"post-thumbnail":["https:\/\/arantv.az\/wp-content\/uploads\/2023\/10\/8cbe9ce2169639643782545069710892277-240x172.jpg",240,172,true],"advps-thumb-one":["https:\/\/arantv.az\/wp-content\/uploads\/2023\/10\/8cbe9ce2169639643782545069710892277.jpg",975,540,false]},"rttpg_author":{"display_name":"V\u00fcsal Rafiqo\u011flu","author_link":"https:\/\/arantv.az\/?author=2"},"rttpg_comment":0,"rttpg_category":"<a href=\"https:\/\/arantv.az\/?cat=19\" rel=\"category\">G\u00fcnd\u0259m<\/a>","rttpg_excerpt":"Oktyabr\u0131n 2-d\u0259 Bak\u0131 Konqres M\u0259rk\u0259zind\u0259 Az\u0259rbaycan Respublikas\u0131n\u0131n Prezidenti \u0130lham \u018fliyev v\u0259 birinci xan\u0131m Mehriban \u018fliyevan\u0131n i\u015ftirak\u0131 il\u0259 74-c\u00fc Beyn\u0259lxalq Astronavtika Konqresinin a\u00e7\u0131l\u0131\u015f m\u0259rasimi ke\u00e7irilib. Bu n\u00fcfuzlu beyn\u0259lxalq t\u0259dbird\u0259 100-d\u0259n art\u0131q \u00f6lk\u0259ni t\u0259msil ed\u0259n 5000-d\u0259n \u00e7ox n\u00fcmay\u0259nd\u0259 i\u015ftirak edibl\u0259r. Bu da son ill\u0259r \u0259rzind\u0259 beyn\u0259lxalq t\u0259dbirl\u0259rin, siyasi toplant\u0131lar\u0131n \u0259sas \u00fcnvanlar\u0131ndan birin\u0259 \u00e7evril\u0259n Az\u0259rbaycan\u0131n daha bir m\u00f6t\u0259b\u0259r&hellip;","_links":{"self":[{"href":"https:\/\/arantv.az\/index.php?rest_route=\/wp\/v2\/posts\/641132"}],"collection":[{"href":"https:\/\/arantv.az\/index.php?rest_route=\/wp\/v2\/posts"}],"about":[{"href":"https:\/\/arantv.az\/index.php?rest_route=\/wp\/v2\/types\/post"}],"author":[{"embeddable":true,"href":"https:\/\/arantv.az\/index.php?rest_route=\/wp\/v2\/users\/2"}],"replies":[{"embeddable":true,"href":"https:\/\/arantv.az\/index.php?rest_route=%2Fwp%2Fv2%2Fcomments&post=641132"}],"version-history":[{"count":0,"href":"https:\/\/arantv.az\/index.php?rest_route=\/wp\/v2\/posts\/641132\/revisions"}],"wp:featuredmedia":[{"embeddable":true,"href":"https:\/\/arantv.az\/index.php?rest_route=\/wp\/v2\/media\/641135"}],"wp:attachment":[{"href":"https:\/\/arantv.az\/index.php?rest_route=%2Fwp%2Fv2%2Fmedia&parent=641132"}],"wp:term":[{"taxonomy":"category","embeddable":true,"href":"https:\/\/arantv.az\/index.php?rest_route=%2Fwp%2Fv2%2Fcategories&post=641132"},{"taxonomy":"post_tag","embeddable":true,"href":"https:\/\/arantv.az\/index.php?rest_route=%2Fwp%2Fv2%2Ftags&post=641132"}],"curies":[{"name":"wp","href":"https:\/\/api.w.org\/{rel}","templated":true}]}}