{"id":641136,"date":"2023-10-04T10:47:22","date_gmt":"2023-10-04T06:47:22","guid":{"rendered":"https:\/\/arantv.az\/?p=641136"},"modified":"2023-10-04T10:47:22","modified_gmt":"2023-10-04T06:47:22","slug":"az%c9%99rbaycan-dunyanin-iqtisadi-x%c9%99rit%c9%99sind%c9%99-must%c9%99sna-yeri-bu-cur-%c9%99ld%c9%99-edib-prezident-moht%c9%99s%c9%99m-ugurlarin-s%c9%99b%c9%99bini-acdi","status":"publish","type":"post","link":"https:\/\/arantv.az\/?p=641136","title":{"rendered":"Az\u0259rbaycan d\u00fcnyan\u0131n iqtisadi x\u0259rit\u0259sind\u0259 m\u00fcst\u0259sna yeri bu c\u00fcr \u0259ld\u0259 edib \u2013 Prezident m\u00f6ht\u0259\u015f\u0259m u\u011furlar\u0131n s\u0259b\u0259bini a\u00e7d\u0131"},"content":{"rendered":"<p>\u201cAz\u0259rbaycan d\u00fcnyada ilk d\u0259f\u0259 &#8211; XIX \u0259srin ortalar\u0131nda neftin hasil edildiyi \u00f6lk\u0259 kimi tan\u0131n\u0131r. O zaman d\u00fcnyada neft hasilat\u0131n\u0131n yar\u0131s\u0131 Az\u0259rbaycan\u0131n pay\u0131na d\u00fc\u015f\u00fcrd\u00fc. XX \u0259srin ortalar\u0131nda d\u00fcnyada ilk d\u0259f\u0259 d\u0259nizd\u0259 neft m\u0259hz Az\u0259rbaycanda &#8211; X\u0259z\u0259r d\u0259nizind\u0259 az\u0259rbaycanl\u0131 neft\u00e7il\u0259r t\u0259r\u0259find\u0259n hasil edilib\u201d. Bu s\u00f6zl\u0259ri Az\u0259rbaycan Prezidenti \u0130lham \u018fliyev Bak\u0131da ke\u00e7iril\u0259n 74-c\u00fc Beyn\u0259lxalq Astronavtika Konqresinin a\u00e7\u0131l\u0131\u015f m\u0259rasimind\u0259 \u00e7\u0131x\u0131\u015f\u0131nda\u00a0deyib.<\/p>\n<p>Prezidentin s\u0259sl\u0259ndirdiyi fikir tarixi reall\u0131qd\u0131r. Bu g\u00fcn Az\u0259rbaycan nefti onlarla \u00f6lk\u0259y\u0259 sat\u0131l\u0131r. M\u00fcst\u0259qil Az\u0259rbaycan\u0131n h\u0259yata ke\u00e7irdiyi u\u011furlu neft strategiyas\u0131 32 illik m\u00fcst\u0259qillik d\u00f6vr\u00fcnd\u0259 \u00f6lk\u0259miz\u0259 y\u00fcz milyardlarla dollar g\u0259lir g\u0259tirib. M\u0259hz bu strategiyan\u0131n realla\u015fmas\u0131 istiqam\u0259tind\u0259 m\u0259rhum Prezident Heyd\u0259r \u018fliyev, daha sonra haz\u0131rk\u0131 Prezident \u0130lham \u018fliyevin n\u00fcmayi\u015f etdirdiyi q\u0259tiyy\u0259t Az\u0259rbaycan\u0131n d\u00fcnyada etibarl\u0131 t\u0259r\u0259fda\u015f kimi tan\u0131nmas\u0131na s\u0259b\u0259b olub. Az\u0259rbaycan d\u00f6vl\u0259ti \u00f6z neft-qaz ehtiyatlar\u0131n\u0131n i\u015fl\u0259nm\u0259sin\u0259 dair beyn\u0259lxalq \u015firk\u0259tl\u0259rl\u0259 imzalad\u0131\u011f\u0131 m\u00fcqavil\u0259l\u0259r\u0259 daim sadiq qalaraq, ona yax\u0131n regional \u0259h\u0259miyy\u0259tli neft-qaz layih\u0259sinin u\u011furla icras\u0131n\u0131 t\u0259min edib.<\/p>\n<p>Prezident \u0130lham \u018fliyevin\u00a0 qeyd etdiyi kimi, bu g\u00fcn enerji v\u0259 n\u0259qliyyat mar\u015frutlar\u0131n\u0131n, o c\u00fcml\u0259d\u0259n boru k\u0259m\u0259rl\u0259rinin x\u0259rit\u0259sind\u0259 Az\u0259rbaycan m\u00fcst\u0259sna \u0259h\u0259miyy\u0259t\u0259 malikdir: \u201cBizim t\u0259\u015f\u0259bb\u00fcskar\u0131 oldu\u011fumuz, qon\u015fular\u0131m\u0131z v\u0259 t\u0259r\u0259fda\u015flar\u0131m\u0131zla u\u011furla h\u0259yata ke\u00e7irdiyimiz layih\u0259l\u0259r t\u0259kc\u0259 bizim regionun enerji t\u0259hl\u00fck\u0259sizliyin\u0259 t\u00f6hf\u0259 vermir. Enerji t\u0259hl\u00fck\u0259sizliyi h\u0259r bir \u00f6lk\u0259nin milli t\u0259hl\u00fck\u0259sizliyinin t\u0259rkib hiss\u0259sidir. Bu g\u00fcn Az\u0259rbaycan beyn\u0259lxalq bazarlarda enerji ehtiyatlar\u0131n\u0131n etibarl\u0131 t\u0259chizat\u00e7\u0131s\u0131d\u0131r v\u0259 Avropa \u0130ttifaq\u0131 t\u0259r\u0259find\u0259n etibarl\u0131 pan-Avropa t\u0259chizat\u00e7\u0131s\u0131 hesab edilir\u201d.<\/p>\n<p><img src=\"https:\/\/sesqazeti.az\/storage\/2022\/04\/06\/cavid_osmanov054.jpg\" alt=\"Az\u0259rbaycan-Rusiya m\u00fcnasib\u0259tl\u0259ri u\u011furla inki\u015faf edir - \u015e\u018fRH ED\u0130LD\u0130\" width=\"700\" \/><\/p>\n<p>Az\u0259rbaycan\u0131n etibarl\u0131 t\u0259r\u0259fda\u015f oldu\u011funu Rusiyan\u0131n qaz \u015fantaj\u0131 il\u0259 \u00fczl\u0259\u015f\u0259n Avropa \u0130ttifaq\u0131n\u0131n r\u0259smil\u0259ri d\u0259f\u0259l\u0259rl\u0259 vur\u011fulay\u0131rlar. Bu, t\u0259sad\u00fcfi deyil. Az\u0259rbaycan\u0131n b\u00f6y\u00fck maliyy\u0259 hesab\u0131na realla\u015fd\u0131rd\u0131\u011f\u0131 C\u0259nub Qaz D\u0259hlizi bu g\u00fcn Avropan\u0131n \u00fcmid etdiyi alternativ qaz m\u0259nb\u0259l\u0259rind\u0259n biridir. Az\u0259rbaycan C\u0259nub qaz D\u0259hlizi il\u0259 art\u0131q 7 Avropa \u00f6lk\u0259sin\u0259 qaz \u00e7atd\u0131r\u0131r. \u00d6lk\u0259mizin Avropan\u0131n enerji t\u0259minat\u0131ndak\u0131 rolunu 2022-ci ilin iyulunda Bak\u0131ya g\u0259l\u0259r\u0259k, enerji sah\u0259sind\u0259 anla\u015fma sazi\u015fi imzalayan Avropa Komissiyas\u0131n\u0131n prezidenti Ursula fon der Lyayen x\u00fcsusi qeyd ed\u0259r\u0259k, \u00f6lk\u0259mizi d\u0259f\u0259l\u0259rl\u0259 etibarl\u0131 t\u0259r\u0259fda\u015f olaraq vur\u011fuly\u0131b.<\/p>\n<p>Az\u0259rbaycan etibarl\u0131 t\u0259r\u0259fda\u015fl\u0131\u011f\u0131n\u0131 h\u0259min sazi\u015f\u0259 uy\u011fun olaraq Avropaya qaz ixrac\u0131n\u0131 art\u0131rmaqla bir daha s\u00fcbut edir. Energetika Naizrliyinin m\u0259lumat\u0131na \u0259sas\u0259n bu ilin 8 ay\u0131 \u0259rzind\u0259 Az\u0259rbaycanda 32,2 milyard kubmetr t\u0259bii qaz hasil edilib. Qaz\u0131n 8,6 milyard kubmetri \u201cAz\u0259ri-\u00c7\u0131raq-G\u00fcn\u0259\u015fli\u201dd\u0259n, 17,6 milyard kubmetri \u201c\u015eahd\u0259niz\u201dd\u0259n, 0,2 milyard kubmetri \u201cAb\u015feron\u201ddan, 5,8 milyard kubmetri SOCAR \u00fczr\u0259 hasil olunub. Hesabat d\u00f6vr\u00fcnd\u0259 xaric\u0259 qaz sat\u0131\u015f\u0131 15,8 milyard kubmetr t\u0259\u015fkil edib ki, bu da \u00f6t\u0259n ilin m\u00fcvafiq d\u00f6vr\u00fc il\u0259 m\u00fcqayis\u0259d\u0259 9 faiz \u00e7oxdur. Cari ilin\u00a0yanvar-avqust aylar\u0131nda\u00a0Avropaya 7,6 milyard kubmetr, T\u00fcrkiy\u0259y\u0259 6,7 milyard kubmetr, G\u00fcrc\u00fcstana is\u0259 1,5 milyard kubmetr qaz sat\u0131l\u0131b. Avropada Az\u0259rbaycan Bolqar\u0131stan, Yunan\u0131stan, Rum\u0131niya, \u0130taliya, Macar\u0131stana qaz t\u0259dar\u00fck edir.<\/p>\n<p>\u00d6lk\u0259mizd\u0259n Avropaya t\u0259bii qazla yana\u015f\u0131, elektrik enerjisi v\u0259 ya\u015f\u0131l enerjinin d\u0259 ixrac\u0131n\u0131 n\u0259z\u0259rd\u0259 tutan memorandumda n\u0259z\u0259rd\u0259 tutulan m\u00fcdd\u0259alar\u0131n icras\u0131 istiqam\u0259tind\u0259 ilk real add\u0131m 2022-ci il dekabr\u0131n 17-d\u0259 Buxarestd\u0259 \u201cAz\u0259rbaycan Respublikas\u0131, G\u00fcrc\u00fcstan, Rum\u0131niya v\u0259 Macar\u0131stan H\u00f6kum\u0259tl\u0259ri aras\u0131nda ya\u015f\u0131l enerjinin inki\u015faf\u0131 v\u0259 \u00f6t\u00fcr\u00fclm\u0259si sah\u0259sind\u0259 strateji t\u0259r\u0259fda\u015fl\u0131q haqq\u0131nda Sazi\u015f\u201din imzalanmas\u0131 il\u0259 qoyulub. \u0130mzalanma m\u0259rasimind\u0259 d\u00f6rd \u00f6lk\u0259nin d\u00f6vl\u0259t ba\u015f\u00e7\u0131lar\u0131 il\u0259 yana\u015f\u0131, Avropa Komissiyas\u0131n\u0131n Prezidenti Ursula fon der Lyayen d\u0259 i\u015ftirak edib. Sazi\u015fl\u0259 ba\u011fl\u0131 dan\u0131\u015fan Az\u0259rbaycan Prezidenti \u0130lham \u018fliyev bildirib ki, Az\u0259rbaycan Avropan\u0131n m\u00fch\u00fcm elektrik enerjisi, \u0259sas\u0259n, ya\u015f\u0131l enerji t\u0259chizat\u00e7\u0131s\u0131na \u00e7evrilm\u0259yi planla\u015fd\u0131r\u0131r: \u201cAz\u0259rbaycan\u0131n b\u0259rpaolunan enerji potensial\u0131na g\u0259ldikd\u0259, quruda k\u00fcl\u0259k v\u0259 g\u00fcn\u0259\u015f enerjisinin h\u0259cmi 27 qiqavatdan \u00e7oxdur, X\u0259z\u0259r d\u0259nizinin Az\u0259rbaycan sektorunda is\u0259 k\u00fcl\u0259k enerjisi 157 qiqavat t\u0259\u015fkil edir. \u00d6lk\u0259mizin strateji investorlar\u0131n\u0131n biri il\u0259 biz 2027-ci il\u0259 q\u0259d\u0259r 3 qiqavat k\u00fcl\u0259k v\u0259 1 qiqavat g\u00fcn\u0259\u015f enerjisini istehsal etm\u0259yi planla\u015fd\u0131r\u0131r\u0131q. Onlar\u0131n 80 faizi ixrac olunacaq. Biz 2037-ci il\u0259 q\u0259d\u0259r \u0259n az\u0131 6 qiqavatl\u0131q \u0259lav\u0259 g\u00fccl\u0259ri yaratma\u011f\u0131 planla\u015fd\u0131r\u0131r\u0131q. Az\u0259rbaycan\u0131n ixrac\u0131n\u0131n birinci m\u0259rh\u0259l\u0259sind\u0259 \u0259n az\u0131 3 qiqavatl\u0131q \u0259lav\u0259 \u00f6t\u00fcrm\u0259 g\u00fcc\u00fc yarad\u0131lacaqd\u0131r\u201d.<\/p>\n<p>Onu da bildir\u0259k ki, Avropa Komissiyas\u0131 Qara d\u0259nizin dibi il\u0259 kabelin \u00e7\u0259kili\u015fi \u00fc\u00e7\u00fcn 2,3 milyard avro v\u0259sait ay\u0131r\u0131b. Az\u0259rbaycandan Avropaya elektrik enerjisi \u00f6t\u00fcr\u0259c\u0259k sualt\u0131 kabel x\u0259ttinin \u00e7\u0259kilm\u0259si layih\u0259sinin texniki-iqtisadi \u0259sasland\u0131rmas\u0131n\u0131 \u0130taliya \u015firk\u0259ti haz\u0131rlayacaq. D\u00fcnya Bank\u0131n\u0131n ay\u0131rd\u0131\u011f\u0131 2,5 milyon avro hesab\u0131na maliyy\u0259l\u0259\u015f\u0259c\u0259k \u0259sasland\u0131rma 2023-c\u00fc ilin sonuna haz\u0131r olacaq. 2024-c\u00fc ild\u0259n etibar\u0259n layih\u0259nin icras\u0131na ba\u015flanmas\u0131 v\u0259 3-4 il\u0259 yekunla\u015fd\u0131r\u0131lmas\u0131 n\u0259z\u0259rd\u0259 tutulur.<\/p>\n<p><img src=\"https:\/\/respublika-news.az\/uploads\/images\/news\/7924e2739a-Berpa-ve-yenidenqurma-isleri-qarabaga-yeni-nefes-getirecek.jpg\" alt=\"B\u0259rpa v\u0259 yenid\u0259nqurma i\u015fl\u0259ri Qaraba\u011fa yeni n\u0259f\u0259s g\u0259tir\u0259c\u0259k\" width=\"700\" \/><\/p>\n<p>Az\u0259rbaycan \u00f6t\u0259n il Birl\u0259\u015fmi\u015f \u018fr\u0259b \u018fmirlikl\u0259ri v\u0259 S\u0259udiyy\u0259 \u018fr\u0259bistan\u0131 \u015firk\u0259tl\u0259ri il\u0259 \u00fcmumi istehsal g\u00fcc\u00fc 450 mVt olan k\u00fcl\u0259k v\u0259 g\u00fcn\u0259\u015f elektrik stansiyalar\u0131n\u0131n qurulmas\u0131na dair m\u00fcqavil\u0259 imzalay\u0131b, h\u0259r iki stansiyan\u0131n 2 il\u0259 istifad\u0259y\u0259 verilm\u0259si n\u0259z\u0259rd\u0259 tutulur. Bp \u015firk\u0259ti is\u0259 C\u0259bray\u0131l rayonunda 240 mVt-l\u0131q g\u00fcn\u0259\u015f stansiyas\u0131 qurur. Az\u0259rbaycan\u0131n \u0259n b\u00f6y\u00fck elektrik stansiyas\u0131 olan \u201cAz\u0259rbaycan\u201d \u0130ES-d\u0259 apar\u0131lan i\u015fl\u0259r burada da istehsal g\u00fcc\u00fcn\u00fcn k\u0259skin art\u0131m\u0131na g\u0259tirib \u00e7\u0131xaracaq. Bel\u0259likl\u0259, yax\u0131n 2-3 il \u0259rzind\u0259 Az\u0259rbaycan\u0131n elektrik enerjisi ixrac\u0131 potensial\u0131 k\u0259skin artacaq. Bu is\u0259 Qara d\u0259nizin dibi il\u0259 \u00e7\u0259kil\u0259c\u0259k kabell\u0259 \u00f6t\u00fcr\u00fcl\u0259c\u0259k enerji g\u00fcc\u00fcn\u00fcn t\u0259min olunmas\u0131na imkan ver\u0259c\u0259k.<\/p>\n<p>Cair ilin yay\u0131nda Buxarest \u015f\u0259h\u0259rind\u0259 Az\u0259rbaycandan Avropaya ya\u015f\u0131 enerjinin ixrac\u0131 istiqam\u0259tind\u0259 daha bir add\u0131m at\u0131l\u0131b. Bel\u0259 ki, \u201cAz\u0259rbaycan Respublikas\u0131, G\u00fcrc\u00fcstan, Macar\u0131stan v\u0259 Rum\u0131niya H\u00f6kum\u0259tl\u0259ri aras\u0131nda ya\u015f\u0131l enerjinin inki\u015faf\u0131 v\u0259 \u00f6t\u00fcr\u00fclm\u0259si sah\u0259sind\u0259 strateji t\u0259r\u0259fda\u015fl\u0131q haqq\u0131nda Sazi\u015f\u201din icras\u0131 m\u0259qs\u0259dil\u0259 nazirl\u0259rin d\u00f6rd\u00fcnc\u00fc iclas\u0131 ke\u00e7irilib. Energetika Nazirliyind\u0259n veril\u0259n m\u0259lumata g\u00f6r\u0259, t\u0259dbird\u0259 Bolqar\u0131stan\u0131n v\u0259 Avropa Komissiyas\u0131n\u0131n n\u00fcmay\u0259nd\u0259l\u0259ri d\u0259 i\u015ftirak edib. \u0130clasda Sazi\u015fin i\u015ftirak\u00e7\u0131s\u0131 olan d\u00f6rd \u00f6lk\u0259 aras\u0131nda birg\u0259 m\u00fc\u0259ssis\u0259nin yarad\u0131lmas\u0131na dair Anla\u015fma Memorandumu imzalan\u0131b. Memoranduma \u0259sas\u0259n, m\u00fcvafiq \u00f6lk\u0259l\u0259rin sistem operatorlar\u0131n\u0131n i\u015ftirak\u0131 il\u0259 t\u0259sis olunan birg\u0259 m\u00fc\u0259ssis\u0259 Sazi\u015f \u00e7\u0259r\u00e7iv\u0259sind\u0259 ya\u015f\u0131l enerjinin X\u0259z\u0259r d\u0259nizind\u0259n Avropaya \u00f6t\u00fcr\u00fclm\u0259sini n\u0259z\u0259rd\u0259 tutan layih\u0259nin realla\u015fd\u0131r\u0131lmas\u0131 \u00fc\u00e7\u00fcn m\u0259sul qurum olmaqla R\u0259hb\u0259r Komit\u0259 qar\u015f\u0131s\u0131nda cavabdehlik da\u015f\u0131yacaq.<\/p>\n<p>\u0130clasda layih\u0259nin Qara d\u0259nizl\u0259 ba\u011fl\u0131 ilkin m\u0259rh\u0259l\u0259sinin texniki-iqtisadi \u0259sasland\u0131r\u0131lmas\u0131n\u0131n bu ilin oktyabr ay\u0131nda ba\u015fa \u00e7ataca\u011f\u0131 bildirilib.<\/p>\n<p>Az\u0259rbaycan \u015e\u0259rql\u0259 Q\u0259rb, \u015eimalla C\u0259nub aras\u0131nda ticar\u0259t \u0259laq\u0259l\u0259rinin inki\u015faf\u0131na m\u00fch\u00fcm t\u00f6hf\u0259 verir. \u00d6lk\u0259nin n\u0259qliyyat infrastrukturu Asiyadan Avropaya y\u00fckda\u015f\u0131malar\u0131n \u0259n s\u0259m\u0259r\u0259li mar\u015frutlar\u0131n\u0131n t\u0259l\u0259bat\u0131n\u0131 \u00f6d\u0259y\u0259c\u0259k h\u0259dd\u0259 g\u0259tirilir. B\u00fct\u00fcn bunlar\u0131 \u00f6z hesab\u0131na h\u0259yata ke\u00e7irir. Bu is\u0259 bir daha g\u00f6st\u0259rir ki, Az\u0259rbaycan\u0131n u\u011furla h\u0259yata ke\u00e7irdiyi regional layih\u0259l\u0259rd\u0259n \u0259ld\u0259 etdiyi g\u0259lirl\u0259r d\u00f6vl\u0259tin v\u0259 xalq\u0131n m\u0259nafeyin\u0259 s\u0259rf olunur. Bu m\u0259nafe h\u0259m d\u0259 torpaqlar\u0131m\u0131zda 30 il\u0259 yax\u0131n davam ed\u0259n Erm\u0259nistan i\u015f\u011fal\u0131na son qoyulmas\u0131n\u0131 t\u0259l\u0259b edirdi. Az\u0259rbaycan\u0131n yaratd\u0131\u011f\u0131 g\u00fccl\u00fc ordu 2020-ci ild\u0259 44 g\u00fcnl\u00fck V\u0259t\u0259n M\u00fcharib\u0259si d\u00f6vr\u00fcnd\u0259 i\u015f\u011fal alt\u0131nda olan torpaqlar\u0131m\u0131z\u0131n \u0259ks\u0259r hiss\u0259sini azad etdi. 2023-c\u00fc ilin sentyabr\u0131nda Qaraba\u011f b\u00f6lg\u0259sind\u0259ki silahl\u0131 qrupla\u015fmalara qar\u015f\u0131 ke\u00e7iril\u0259n 24 saatl\u0131q u\u011furlu antiterror \u0259m\u0259liyyat\u0131 Az\u0259rbaycanda separatizmin tamamil\u0259 aradan qald\u0131r\u0131lmas\u0131na imkan yaratd\u0131.<\/p>\n<p><img src=\"https:\/\/vergiler.az\/media\/2020\/02\/18\/udm.jpg\" alt=\"\u00dc\u00e7 r\u00fcbd\u0259 62,8 milyard manatl\u0131q \u00fcmumi daxili m\u0259hsul istehsal olunub\" width=\"700\" \/><\/p>\n<p>T\u0259bii s\u0259rv\u0259tl\u0259rd\u0259n \u0259ld\u0259 olunan g\u0259lirl\u0259rin iqtisadiyyat\u0131n kompleks inki\u015faf\u0131na yat\u0131r\u0131lmas\u0131 n\u0259tic\u0259sind\u0259 son 20 il \u0259rzind\u0259 Az\u0259rbaycanda \u00fcmumi daxili m\u0259hsul d\u00f6rd d\u0259f\u0259, b\u00fcdc\u0259 g\u0259lirl\u0259ri 30 d\u0259f\u0259d\u0259n \u00e7ox, xarici ticar\u0259t d\u00f6vriyy\u0259si on d\u0259f\u0259d\u0259n \u00e7ox art\u0131b. Birba\u015fa xarici borc \u00fcmumi daxili m\u0259hsulun t\u0259xmin\u0259n 10 faizini t\u0259\u015fkil edir. Az\u0259rbaycan\u0131n xarici valyuta ehtiyatlar\u0131 birba\u015fa xarici borcunu on d\u0259f\u0259 \u00fcst\u0259l\u0259yir.<\/p>\n<p>M\u00fcst\u0259qilliyimizin \u0259vv\u0259lind\u0259 \u00fczl\u0259\u015fdiyimiz b\u00f6y\u00fck \u00e7a\u011f\u0131r\u0131\u015flardan biri yoxsulluq idi: \u0259razil\u0259rimizin i\u015f\u011fal\u0131 n\u0259tic\u0259sind\u0259 1 milyona yax\u0131n qa\u00e7q\u0131n v\u0259 m\u0259cburi k\u00f6\u00e7k\u00fcn ax\u0131n\u0131 il\u0259 \u00fczl\u0259\u015fmi\u015fdik: \u201cN\u0259tic\u0259d\u0259 20 il \u0259vv\u0259l yoxsulluq \u015f\u0259raitind\u0259 ya\u015fayan insanlar\u0131n say\u0131 50 faiz\u0259 yax\u0131n idi. Haz\u0131rda is\u0259 yoxsulluq 5,5 faiz t\u0259\u015fkil edir v\u0259 onu g\u00f6st\u0259rir ki, hasil etdiyimiz v\u0259 beyn\u0259lxalq bazarlara \u00e7\u0131xard\u0131\u011f\u0131m\u0131z t\u0259bii s\u0259rv\u0259tl\u0259r laz\u0131mi qaydada idar\u0259 olunub\u201d.<\/p>\n<p>Bu g\u00fcn Az\u0259rbaycan d\u00f6vl\u0259ti \u00fc\u00e7\u00fcn \u0259sas \u00e7a\u011f\u0131r\u0131\u015f azad olunan \u0259razil\u0259rin b\u0259rpas\u0131d\u0131r. Bu prosesi \u00f6lk\u0259miz c\u00fczi istisnalarla \u00f6z hesab\u0131na h\u0259yata ke\u00e7irir. Lakin 30 il\u0259 yax\u0131n bir d\u00f6vrd\u0259 Erm\u0259nistan\u0131n \u0259razil\u0259rimizd\u0259 t\u00f6r\u0259tdiyi da\u011f\u0131nt\u0131lar o q\u0259d\u0259r b\u00f6y\u00fckd\u00fcr ki, b\u0259rpa prosesin\u0259 xarici investorlar\u0131n c\u0259lb olunmas\u0131 z\u0259rur\u0259ti yaran\u0131r. Az\u0259rbaycan azad olunan \u0259razil\u0259rd\u0259 \u00e7al\u0131\u015facaq investorlar \u00fc\u00e7\u00fcn \u00e7oxsayl\u0131 g\u00fcz\u0259\u015ft v\u0259 imtiyazlar t\u0259tbiq edib. Son iki h\u0259ft\u0259 \u0259rzind\u0259 \u0259razil\u0259rimizd\u0259ki mill\u0259t\u00e7i separatizmin tam iflasa u\u011frad\u0131lmas\u0131 azad olunan \u0259razil\u0259ri investorlar \u00fc\u00e7\u00fcn daha c\u0259lbedici ed\u0259c\u0259k. \u00c7\u00fcnki Prezidentin d\u0259 qeyd etdiyi kimi, siyasi, iqtisadi v\u0259 sosial sabitlik inki\u015faf\u0131m\u0131z\u0131n m\u00fch\u00fcm meyar\u0131d\u0131r: \u201c\u00c7\u00fcnki \u0259g\u0259r v\u0259ziyy\u0259t sabit v\u0259 proqnozla\u015fd\u0131r\u0131lan olmasa, investorlar\u0131n g\u0259l\u0259r\u0259k \u00f6z kapital\u0131n\u0131 risk alt\u0131na atmas\u0131n\u0131 g\u00f6zl\u0259m\u0259k olmaz\u201d.<\/p>\n","protected":false},"excerpt":{"rendered":"<p>\u201cAz\u0259rbaycan d\u00fcnyada ilk d\u0259f\u0259 &#8211; XIX \u0259srin ortalar\u0131nda neftin hasil edildiyi \u00f6lk\u0259 kimi tan\u0131n\u0131r. O zaman d\u00fcnyada neft hasilat\u0131n\u0131n yar\u0131s\u0131 Az\u0259rbaycan\u0131n pay\u0131na d\u00fc\u015f\u00fcrd\u00fc. XX \u0259srin ortalar\u0131nda d\u00fcnyada ilk d\u0259f\u0259 d\u0259nizd\u0259 neft m\u0259hz Az\u0259rbaycanda &#8211; X\u0259z\u0259r d\u0259nizind\u0259 az\u0259rbaycanl\u0131 neft\u00e7il\u0259r t\u0259r\u0259find\u0259n hasil edilib\u201d. Bu s\u00f6zl\u0259ri Az\u0259rbaycan Prezidenti \u0130lham \u018fliyev Bak\u0131da ke\u00e7iril\u0259n 74-c\u00fc Beyn\u0259lxalq Astronavtika Konqresinin a\u00e7\u0131l\u0131\u015f m\u0259rasimind\u0259 \u00e7\u0131x\u0131\u015f\u0131nda\u00a0deyib. Prezidentin s\u0259sl\u0259ndirdiyi fikir tarixi reall\u0131qd\u0131r. Bu g\u00fcn Az\u0259rbaycan nefti onlarla \u00f6lk\u0259y\u0259 sat\u0131l\u0131r. M\u00fcst\u0259qil Az\u0259rbaycan\u0131n h\u0259yata ke\u00e7irdiyi u\u011furlu neft strategiyas\u0131 32 illik m\u00fcst\u0259qillik d\u00f6vr\u00fcnd\u0259 \u00f6lk\u0259miz\u0259 y\u00fcz milyardlarla dollar g\u0259lir g\u0259tirib. M\u0259hz bu strategiyan\u0131n realla\u015fmas\u0131 istiqam\u0259tind\u0259&hellip;<\/p>\n","protected":false},"author":2,"featured_media":641139,"comment_status":"closed","ping_status":"closed","sticky":false,"template":"","format":"standard","meta":{"om_disable_all_campaigns":false,"_monsterinsights_skip_tracking":false,"_monsterinsights_sitenote_active":false,"_monsterinsights_sitenote_note":"","_monsterinsights_sitenote_category":0},"categories":[4],"tags":[],"aioseo_notices":[],"gutentor_comment":0,"rttpg_featured_image_url":{"full":["https:\/\/arantv.az\/wp-content\/uploads\/2023\/10\/647e581cb6d284056eddc6e48dee7234.jpg",850,500,false],"landscape":["https:\/\/arantv.az\/wp-content\/uploads\/2023\/10\/647e581cb6d284056eddc6e48dee7234.jpg",850,500,false],"portraits":["https:\/\/arantv.az\/wp-content\/uploads\/2023\/10\/647e581cb6d284056eddc6e48dee7234.jpg",850,500,false],"thumbnail":["https:\/\/arantv.az\/wp-content\/uploads\/2023\/10\/647e581cb6d284056eddc6e48dee7234-500x280.jpg",500,280,true],"medium":["https:\/\/arantv.az\/wp-content\/uploads\/2023\/10\/647e581cb6d284056eddc6e48dee7234-621x365.jpg",621,365,true],"large":["https:\/\/arantv.az\/wp-content\/uploads\/2023\/10\/647e581cb6d284056eddc6e48dee7234-840x494.jpg",640,376,true],"1536x1536":["https:\/\/arantv.az\/wp-content\/uploads\/2023\/10\/647e581cb6d284056eddc6e48dee7234.jpg",850,500,false],"2048x2048":["https:\/\/arantv.az\/wp-content\/uploads\/2023\/10\/647e581cb6d284056eddc6e48dee7234.jpg",850,500,false],"post-thumbnail":["https:\/\/arantv.az\/wp-content\/uploads\/2023\/10\/647e581cb6d284056eddc6e48dee7234-240x172.jpg",240,172,true],"advps-thumb-one":["https:\/\/arantv.az\/wp-content\/uploads\/2023\/10\/647e581cb6d284056eddc6e48dee7234.jpg",850,500,false]},"rttpg_author":{"display_name":"V\u00fcsal Rafiqo\u011flu","author_link":"https:\/\/arantv.az\/?author=2"},"rttpg_comment":0,"rttpg_category":"<a href=\"https:\/\/arantv.az\/?cat=4\" rel=\"category\">Siyas\u0259t<\/a>","rttpg_excerpt":"\u201cAz\u0259rbaycan d\u00fcnyada ilk d\u0259f\u0259 &#8211; XIX \u0259srin ortalar\u0131nda neftin hasil edildiyi \u00f6lk\u0259 kimi tan\u0131n\u0131r. O zaman d\u00fcnyada neft hasilat\u0131n\u0131n yar\u0131s\u0131 Az\u0259rbaycan\u0131n pay\u0131na d\u00fc\u015f\u00fcrd\u00fc. XX \u0259srin ortalar\u0131nda d\u00fcnyada ilk d\u0259f\u0259 d\u0259nizd\u0259 neft m\u0259hz Az\u0259rbaycanda &#8211; X\u0259z\u0259r d\u0259nizind\u0259 az\u0259rbaycanl\u0131 neft\u00e7il\u0259r t\u0259r\u0259find\u0259n hasil edilib\u201d. Bu s\u00f6zl\u0259ri Az\u0259rbaycan Prezidenti \u0130lham \u018fliyev Bak\u0131da ke\u00e7iril\u0259n 74-c\u00fc Beyn\u0259lxalq Astronavtika Konqresinin a\u00e7\u0131l\u0131\u015f m\u0259rasimind\u0259&hellip;","_links":{"self":[{"href":"https:\/\/arantv.az\/index.php?rest_route=\/wp\/v2\/posts\/641136"}],"collection":[{"href":"https:\/\/arantv.az\/index.php?rest_route=\/wp\/v2\/posts"}],"about":[{"href":"https:\/\/arantv.az\/index.php?rest_route=\/wp\/v2\/types\/post"}],"author":[{"embeddable":true,"href":"https:\/\/arantv.az\/index.php?rest_route=\/wp\/v2\/users\/2"}],"replies":[{"embeddable":true,"href":"https:\/\/arantv.az\/index.php?rest_route=%2Fwp%2Fv2%2Fcomments&post=641136"}],"version-history":[{"count":0,"href":"https:\/\/arantv.az\/index.php?rest_route=\/wp\/v2\/posts\/641136\/revisions"}],"wp:featuredmedia":[{"embeddable":true,"href":"https:\/\/arantv.az\/index.php?rest_route=\/wp\/v2\/media\/641139"}],"wp:attachment":[{"href":"https:\/\/arantv.az\/index.php?rest_route=%2Fwp%2Fv2%2Fmedia&parent=641136"}],"wp:term":[{"taxonomy":"category","embeddable":true,"href":"https:\/\/arantv.az\/index.php?rest_route=%2Fwp%2Fv2%2Fcategories&post=641136"},{"taxonomy":"post_tag","embeddable":true,"href":"https:\/\/arantv.az\/index.php?rest_route=%2Fwp%2Fv2%2Ftags&post=641136"}],"curies":[{"name":"wp","href":"https:\/\/api.w.org\/{rel}","templated":true}]}}