{"id":641138,"date":"2023-10-04T10:49:40","date_gmt":"2023-10-04T06:49:40","guid":{"rendered":"https:\/\/arantv.az\/?p=641138"},"modified":"2023-10-04T10:49:40","modified_gmt":"2023-10-04T06:49:40","slug":"erm%c9%99nip%c9%99r%c9%99st-nensi-pelosi-ofisind%c9%99n-qovuldu","status":"publish","type":"post","link":"https:\/\/arantv.az\/?p=641138","title":{"rendered":"Erm\u0259nip\u0259r\u0259st Nensi Pelosi ofisind\u0259n qovuldu"},"content":{"rendered":"<p>AB\u015e N\u00fcmay\u0259nd\u0259l\u0259r Palatas\u0131n\u0131n ke\u00e7mi\u015f spikeri Nensi Pelosi Kevin Makkartinin istefas\u0131ndan sonra ofisind\u0259n qovulub.<\/p>\n<p>Bildirilir ki, spiker s\u0259lahiyy\u0259tl\u0259rini icra ed\u0259n Patrik Makhenri Pelosiy\u0259 elektron m\u0259ktub vasit\u0259sil\u0259 Kapitolid\u0259ki ofisini t\u0259rk etm\u0259li oldu\u011fu bar\u0259d\u0259 m\u0259lumat verib.<\/p>\n<p>\u201cZ\u0259hm\u0259t olmasa, ofisi bo\u015fald\u0131n, ota\u011f\u0131n kilidi d\u0259yi\u015fdiril\u0259c\u0259k\u201d, &#8211; dey\u0259 m\u0259ktubda vur\u011fulan\u0131b.<\/p>\n<p>M\u0259lumata g\u00f6r\u0259, bura spikerin ofisinin istifad\u0259sin\u0259 veril\u0259c\u0259k; N\u00fcmay\u0259nd\u0259l\u0259r Palatas\u0131n\u0131n yaln\u0131z b\u0259zi \u00fczvl\u0259rinin Kapitolid\u0259 bu tipli \u0259lav\u0259 otaqlar\u0131 var, qanunvericil\u0259r \u0259n\u0259n\u0259vi olaraq binan\u0131n Senat qanad\u0131ndak\u0131 ofisl\u0259rd\u0259n istifad\u0259 edirl\u0259r.<\/p>\n<p>Bundan \u0259vv\u0259l AB\u015e Konqresinin s\u0259sverm\u0259 n\u0259tic\u0259l\u0259rin\u0259 \u0259sas\u0259n, respublika\u00e7\u0131 Kevin Makkartinin (Kaliforniyadan) AB\u015e Senat\u0131n\u0131n N\u00fcmay\u0259nd\u0259l\u0259r Palatas\u0131n\u0131n s\u0259dri v\u0259zif\u0259sind\u0259n uzaqla\u015fd\u0131r\u0131ld\u0131\u011f\u0131 m\u0259lum olub. Onun yerin\u0259 respublika\u00e7\u0131, \u015eimali Karolina \u015ftat\u0131n\u0131n n\u00fcmay\u0259nd\u0259si Patrik Makhenri AB\u015e N\u00fcmay\u0259nd\u0259l\u0259r Palatas\u0131n\u0131n m\u00fcv\u0259qq\u0259ti spikeri t\u0259yin edilib.<\/p>\n<p>Qeyd ed\u0259k ki, kaliforniyal\u0131 demokrat Nensi Pelosi erm\u0259nip\u0259r\u0259st m\u00f6vqeyi il\u0259 tan\u0131n\u0131r. O, 75 konqresmenin Co Bayden\u0259 A\u011f Evi Az\u0259rbaycana qar\u015f\u0131 sanksiyalar t\u0259tbiq etm\u0259y\u0259 \u00e7a\u011f\u0131ran m\u0259ktubunun t\u0259\u015f\u0259bb\u00fcskarlar\u0131ndan biridir.<\/p>\n<p>M\u0259nb\u0259: Politico<\/p>\n","protected":false},"excerpt":{"rendered":"<p>AB\u015e N\u00fcmay\u0259nd\u0259l\u0259r Palatas\u0131n\u0131n ke\u00e7mi\u015f spikeri Nensi Pelosi Kevin Makkartinin istefas\u0131ndan sonra ofisind\u0259n qovulub. Bildirilir ki, spiker s\u0259lahiyy\u0259tl\u0259rini icra ed\u0259n Patrik Makhenri Pelosiy\u0259 elektron m\u0259ktub vasit\u0259sil\u0259 Kapitolid\u0259ki ofisini t\u0259rk etm\u0259li oldu\u011fu bar\u0259d\u0259 m\u0259lumat verib. \u201cZ\u0259hm\u0259t olmasa, ofisi bo\u015fald\u0131n, ota\u011f\u0131n kilidi d\u0259yi\u015fdiril\u0259c\u0259k\u201d, &#8211; dey\u0259 m\u0259ktubda vur\u011fulan\u0131b. M\u0259lumata g\u00f6r\u0259, bura spikerin ofisinin istifad\u0259sin\u0259 veril\u0259c\u0259k; N\u00fcmay\u0259nd\u0259l\u0259r Palatas\u0131n\u0131n yaln\u0131z b\u0259zi \u00fczvl\u0259rinin Kapitolid\u0259 bu tipli \u0259lav\u0259 otaqlar\u0131 var, qanunvericil\u0259r \u0259n\u0259n\u0259vi olaraq binan\u0131n Senat qanad\u0131ndak\u0131 ofisl\u0259rd\u0259n istifad\u0259 edirl\u0259r. Bundan \u0259vv\u0259l AB\u015e Konqresinin s\u0259sverm\u0259 n\u0259tic\u0259l\u0259rin\u0259 \u0259sas\u0259n, respublika\u00e7\u0131 Kevin Makkartinin (Kaliforniyadan) AB\u015e Senat\u0131n\u0131n N\u00fcmay\u0259nd\u0259l\u0259r Palatas\u0131n\u0131n s\u0259dri v\u0259zif\u0259sind\u0259n uzaqla\u015fd\u0131r\u0131ld\u0131\u011f\u0131 m\u0259lum&hellip;<\/p>\n","protected":false},"author":2,"featured_media":641145,"comment_status":"closed","ping_status":"closed","sticky":false,"template":"","format":"standard","meta":{"om_disable_all_campaigns":false,"_monsterinsights_skip_tracking":false,"_monsterinsights_sitenote_active":false,"_monsterinsights_sitenote_note":"","_monsterinsights_sitenote_category":0},"categories":[7],"tags":[],"aioseo_notices":[],"gutentor_comment":0,"rttpg_featured_image_url":{"full":["https:\/\/arantv.az\/wp-content\/uploads\/2023\/10\/384541017_2033969706938453_1699629350502816012_n.jpg",620,413,false],"landscape":["https:\/\/arantv.az\/wp-content\/uploads\/2023\/10\/384541017_2033969706938453_1699629350502816012_n.jpg",620,413,false],"portraits":["https:\/\/arantv.az\/wp-content\/uploads\/2023\/10\/384541017_2033969706938453_1699629350502816012_n.jpg",620,413,false],"thumbnail":["https:\/\/arantv.az\/wp-content\/uploads\/2023\/10\/384541017_2033969706938453_1699629350502816012_n-500x280.jpg",500,280,true],"medium":["https:\/\/arantv.az\/wp-content\/uploads\/2023\/10\/384541017_2033969706938453_1699629350502816012_n-548x365.jpg",548,365,true],"large":["https:\/\/arantv.az\/wp-content\/uploads\/2023\/10\/384541017_2033969706938453_1699629350502816012_n.jpg",620,413,false],"1536x1536":["https:\/\/arantv.az\/wp-content\/uploads\/2023\/10\/384541017_2033969706938453_1699629350502816012_n.jpg",620,413,false],"2048x2048":["https:\/\/arantv.az\/wp-content\/uploads\/2023\/10\/384541017_2033969706938453_1699629350502816012_n.jpg",620,413,false],"post-thumbnail":["https:\/\/arantv.az\/wp-content\/uploads\/2023\/10\/384541017_2033969706938453_1699629350502816012_n-240x172.jpg",240,172,true],"advps-thumb-one":["https:\/\/arantv.az\/wp-content\/uploads\/2023\/10\/384541017_2033969706938453_1699629350502816012_n.jpg",620,413,false]},"rttpg_author":{"display_name":"V\u00fcsal Rafiqo\u011flu","author_link":"https:\/\/arantv.az\/?author=2"},"rttpg_comment":0,"rttpg_category":"<a href=\"https:\/\/arantv.az\/?cat=7\" rel=\"category\">D\u00fcnya<\/a>","rttpg_excerpt":"AB\u015e N\u00fcmay\u0259nd\u0259l\u0259r Palatas\u0131n\u0131n ke\u00e7mi\u015f spikeri Nensi Pelosi Kevin Makkartinin istefas\u0131ndan sonra ofisind\u0259n qovulub. Bildirilir ki, spiker s\u0259lahiyy\u0259tl\u0259rini icra ed\u0259n Patrik Makhenri Pelosiy\u0259 elektron m\u0259ktub vasit\u0259sil\u0259 Kapitolid\u0259ki ofisini t\u0259rk etm\u0259li oldu\u011fu bar\u0259d\u0259 m\u0259lumat verib. \u201cZ\u0259hm\u0259t olmasa, ofisi bo\u015fald\u0131n, ota\u011f\u0131n kilidi d\u0259yi\u015fdiril\u0259c\u0259k\u201d, &#8211; dey\u0259 m\u0259ktubda vur\u011fulan\u0131b. M\u0259lumata g\u00f6r\u0259, bura spikerin ofisinin istifad\u0259sin\u0259 veril\u0259c\u0259k; N\u00fcmay\u0259nd\u0259l\u0259r Palatas\u0131n\u0131n yaln\u0131z b\u0259zi&hellip;","_links":{"self":[{"href":"https:\/\/arantv.az\/index.php?rest_route=\/wp\/v2\/posts\/641138"}],"collection":[{"href":"https:\/\/arantv.az\/index.php?rest_route=\/wp\/v2\/posts"}],"about":[{"href":"https:\/\/arantv.az\/index.php?rest_route=\/wp\/v2\/types\/post"}],"author":[{"embeddable":true,"href":"https:\/\/arantv.az\/index.php?rest_route=\/wp\/v2\/users\/2"}],"replies":[{"embeddable":true,"href":"https:\/\/arantv.az\/index.php?rest_route=%2Fwp%2Fv2%2Fcomments&post=641138"}],"version-history":[{"count":0,"href":"https:\/\/arantv.az\/index.php?rest_route=\/wp\/v2\/posts\/641138\/revisions"}],"wp:featuredmedia":[{"embeddable":true,"href":"https:\/\/arantv.az\/index.php?rest_route=\/wp\/v2\/media\/641145"}],"wp:attachment":[{"href":"https:\/\/arantv.az\/index.php?rest_route=%2Fwp%2Fv2%2Fmedia&parent=641138"}],"wp:term":[{"taxonomy":"category","embeddable":true,"href":"https:\/\/arantv.az\/index.php?rest_route=%2Fwp%2Fv2%2Fcategories&post=641138"},{"taxonomy":"post_tag","embeddable":true,"href":"https:\/\/arantv.az\/index.php?rest_route=%2Fwp%2Fv2%2Ftags&post=641138"}],"curies":[{"name":"wp","href":"https:\/\/api.w.org\/{rel}","templated":true}]}}