{"id":641231,"date":"2023-10-04T12:36:21","date_gmt":"2023-10-04T08:36:21","guid":{"rendered":"https:\/\/arantv.az\/?p=641231"},"modified":"2023-10-04T12:36:21","modified_gmt":"2023-10-04T08:36:21","slug":"%c9%99fqanistanda-terror-hucumlarinin-90-faizini-tacikistan-v%c9%99t%c9%99ndaslari-h%c9%99yata-kecirir","status":"publish","type":"post","link":"https:\/\/arantv.az\/?p=641231","title":{"rendered":"\u018ffqan\u0131standa terror h\u00fccumlar\u0131n\u0131n 90 faizini Tacikistan v\u0259t\u0259nda\u015flar\u0131 h\u0259yata ke\u00e7irir"},"content":{"rendered":"<p>\u018ffqan\u0131standa intihar h\u00fccumlar\u0131n\u0131 h\u0259yata ke\u00e7ir\u0259n \u015f\u0259xsl\u0259rin 90 faizi Tacikistan v\u0259t\u0259nda\u015flar\u0131d\u0131r.<\/p>\n<p>Bu bar\u0259d\u0259 \u018ffqan\u0131stan m\u0259tbuat\u0131 x\u0259b\u0259r verib.<\/p>\n<p>Qeyd olunur ki, istintaq n\u00fcmay\u0259nd\u0259l\u0259rinin terror h\u00fccumlar\u0131n\u0131 h\u0259yata ke\u00e7ir\u0259n \u015f\u0259xsl\u0259rl\u0259 apard\u0131\u011f\u0131 dindirm\u0259 v\u0259 s\u00f6hb\u0259t zaman\u0131 m\u0259lum olub ki, bu \u015f\u0259xsl\u0259r islam dini haqq\u0131nda m\u0259hdud informasiyaya malik olan \u015f\u0259xsl\u0259rdir.<\/p>\n<p>M\u0259lumat \u00fc\u00e7\u00fcn \u0259lav\u0259 ed\u0259k ki, \u018ffqan\u0131stan v\u0259t\u0259nda\u015flar\u0131 d\u00fcnyada \u0259n \u00e7ox intihar h\u00fccumlar\u0131na m\u0259ruz qalan \u015f\u0259xsl\u0259rdir.<\/p>\n<p>M\u0259nb\u0259: Al Mersaad<\/p>\n","protected":false},"excerpt":{"rendered":"<p>\u018ffqan\u0131standa intihar h\u00fccumlar\u0131n\u0131 h\u0259yata ke\u00e7ir\u0259n \u015f\u0259xsl\u0259rin 90 faizi Tacikistan v\u0259t\u0259nda\u015flar\u0131d\u0131r. Bu bar\u0259d\u0259 \u018ffqan\u0131stan m\u0259tbuat\u0131 x\u0259b\u0259r verib. Qeyd olunur ki, istintaq n\u00fcmay\u0259nd\u0259l\u0259rinin terror h\u00fccumlar\u0131n\u0131 h\u0259yata ke\u00e7ir\u0259n \u015f\u0259xsl\u0259rl\u0259 apard\u0131\u011f\u0131 dindirm\u0259 v\u0259 s\u00f6hb\u0259t zaman\u0131 m\u0259lum olub ki, bu \u015f\u0259xsl\u0259r islam dini haqq\u0131nda m\u0259hdud informasiyaya malik olan \u015f\u0259xsl\u0259rdir. M\u0259lumat \u00fc\u00e7\u00fcn \u0259lav\u0259 ed\u0259k ki, \u018ffqan\u0131stan v\u0259t\u0259nda\u015flar\u0131 d\u00fcnyada \u0259n \u00e7ox intihar h\u00fccumlar\u0131na m\u0259ruz qalan \u015f\u0259xsl\u0259rdir. M\u0259nb\u0259: Al Mersaad<\/p>\n","protected":false},"author":2,"featured_media":641235,"comment_status":"closed","ping_status":"closed","sticky":false,"template":"","format":"standard","meta":{"om_disable_all_campaigns":false,"_monsterinsights_skip_tracking":false,"_monsterinsights_sitenote_active":false,"_monsterinsights_sitenote_note":"","_monsterinsights_sitenote_category":0},"categories":[7],"tags":[],"aioseo_notices":[],"gutentor_comment":0,"rttpg_featured_image_url":{"full":["https:\/\/arantv.az\/wp-content\/uploads\/2023\/10\/FotoJet-2023-10-04T095747.234.jpg",620,413,false],"landscape":["https:\/\/arantv.az\/wp-content\/uploads\/2023\/10\/FotoJet-2023-10-04T095747.234.jpg",620,413,false],"portraits":["https:\/\/arantv.az\/wp-content\/uploads\/2023\/10\/FotoJet-2023-10-04T095747.234.jpg",620,413,false],"thumbnail":["https:\/\/arantv.az\/wp-content\/uploads\/2023\/10\/FotoJet-2023-10-04T095747.234-500x280.jpg",500,280,true],"medium":["https:\/\/arantv.az\/wp-content\/uploads\/2023\/10\/FotoJet-2023-10-04T095747.234-548x365.jpg",548,365,true],"large":["https:\/\/arantv.az\/wp-content\/uploads\/2023\/10\/FotoJet-2023-10-04T095747.234.jpg",620,413,false],"1536x1536":["https:\/\/arantv.az\/wp-content\/uploads\/2023\/10\/FotoJet-2023-10-04T095747.234.jpg",620,413,false],"2048x2048":["https:\/\/arantv.az\/wp-content\/uploads\/2023\/10\/FotoJet-2023-10-04T095747.234.jpg",620,413,false],"post-thumbnail":["https:\/\/arantv.az\/wp-content\/uploads\/2023\/10\/FotoJet-2023-10-04T095747.234-240x172.jpg",240,172,true],"advps-thumb-one":["https:\/\/arantv.az\/wp-content\/uploads\/2023\/10\/FotoJet-2023-10-04T095747.234.jpg",620,413,false]},"rttpg_author":{"display_name":"V\u00fcsal Rafiqo\u011flu","author_link":"https:\/\/arantv.az\/?author=2"},"rttpg_comment":0,"rttpg_category":"<a href=\"https:\/\/arantv.az\/?cat=7\" rel=\"category\">D\u00fcnya<\/a>","rttpg_excerpt":"\u018ffqan\u0131standa intihar h\u00fccumlar\u0131n\u0131 h\u0259yata ke\u00e7ir\u0259n \u015f\u0259xsl\u0259rin 90 faizi Tacikistan v\u0259t\u0259nda\u015flar\u0131d\u0131r. Bu bar\u0259d\u0259 \u018ffqan\u0131stan m\u0259tbuat\u0131 x\u0259b\u0259r verib. Qeyd olunur ki, istintaq n\u00fcmay\u0259nd\u0259l\u0259rinin terror h\u00fccumlar\u0131n\u0131 h\u0259yata ke\u00e7ir\u0259n \u015f\u0259xsl\u0259rl\u0259 apard\u0131\u011f\u0131 dindirm\u0259 v\u0259 s\u00f6hb\u0259t zaman\u0131 m\u0259lum olub ki, bu \u015f\u0259xsl\u0259r islam dini haqq\u0131nda m\u0259hdud informasiyaya malik olan \u015f\u0259xsl\u0259rdir. M\u0259lumat \u00fc\u00e7\u00fcn \u0259lav\u0259 ed\u0259k ki, \u018ffqan\u0131stan v\u0259t\u0259nda\u015flar\u0131 d\u00fcnyada \u0259n \u00e7ox intihar&hellip;","_links":{"self":[{"href":"https:\/\/arantv.az\/index.php?rest_route=\/wp\/v2\/posts\/641231"}],"collection":[{"href":"https:\/\/arantv.az\/index.php?rest_route=\/wp\/v2\/posts"}],"about":[{"href":"https:\/\/arantv.az\/index.php?rest_route=\/wp\/v2\/types\/post"}],"author":[{"embeddable":true,"href":"https:\/\/arantv.az\/index.php?rest_route=\/wp\/v2\/users\/2"}],"replies":[{"embeddable":true,"href":"https:\/\/arantv.az\/index.php?rest_route=%2Fwp%2Fv2%2Fcomments&post=641231"}],"version-history":[{"count":0,"href":"https:\/\/arantv.az\/index.php?rest_route=\/wp\/v2\/posts\/641231\/revisions"}],"wp:featuredmedia":[{"embeddable":true,"href":"https:\/\/arantv.az\/index.php?rest_route=\/wp\/v2\/media\/641235"}],"wp:attachment":[{"href":"https:\/\/arantv.az\/index.php?rest_route=%2Fwp%2Fv2%2Fmedia&parent=641231"}],"wp:term":[{"taxonomy":"category","embeddable":true,"href":"https:\/\/arantv.az\/index.php?rest_route=%2Fwp%2Fv2%2Fcategories&post=641231"},{"taxonomy":"post_tag","embeddable":true,"href":"https:\/\/arantv.az\/index.php?rest_route=%2Fwp%2Fv2%2Ftags&post=641231"}],"curies":[{"name":"wp","href":"https:\/\/api.w.org\/{rel}","templated":true}]}}