{"id":641240,"date":"2023-10-04T13:23:04","date_gmt":"2023-10-04T09:23:04","guid":{"rendered":"https:\/\/arantv.az\/?p=641240"},"modified":"2023-10-04T13:23:04","modified_gmt":"2023-10-04T09:23:04","slug":"niderlandli-deputatlar-qarabag-erm%c9%99nil%c9%99rinin-reinteqrasiyasi-il%c9%99-bagli-m%c9%99lumatlandiriliblar","status":"publish","type":"post","link":"https:\/\/arantv.az\/?p=641240","title":{"rendered":"Niderlandl\u0131 deputatlar Qaraba\u011f erm\u0259nil\u0259rinin reinteqrasiyas\u0131 il\u0259 ba\u011fl\u0131 m\u0259lumatland\u0131r\u0131l\u0131blar"},"content":{"rendered":"<p>Az\u0259rbaycan\u0131n Niderlanddak\u0131 s\u0259firi R\u0259hman Mustafayev bu \u00f6lk\u0259nin parlamentaril\u0259rini Qaraba\u011f erm\u0259nil\u0259rinin reinteqrasiyas\u0131 planlar\u0131 bar\u0259d\u0259 m\u0259lumatland\u0131r\u0131b.<\/p>\n<p>Bu bar\u0259d\u0259 \u00f6lk\u0259mizin Niderlanddak\u0131 s\u0259firliyind\u0259n m\u0259lumat verilib.<\/p>\n<p>S\u0259fir parlamentin a\u015fa\u011f\u0131 palatas\u0131n\u0131n xarici \u0259laq\u0259l\u0259r komissiyas\u0131n\u0131n r\u0259hb\u0259rin\u0259 m\u0259ktub g\u00f6nd\u0259r\u0259r\u0259k, 19-20 sentyabr tarixl\u0259rind\u0259 lokal antiterror t\u0259dbirl\u0259rinin ke\u00e7irilm\u0259sinin s\u0259b\u0259bl\u0259rind\u0259n dan\u0131\u015f\u0131b. Onlar\u0131n n\u0259tic\u0259l\u0259ri, g\u00f6r\u00fclm\u00fc\u015f t\u0259dbirl\u0259r v\u0259 Qaraba\u011f\u0131n erm\u0259ni sakinl\u0259rinin reinteqrasiya prosesi, Az\u0259rbaycan h\u00f6kum\u0259tinin g\u0259l\u0259c\u0259k planlar\u0131 bar\u0259d\u0259 m\u0259lumat verib.<\/p>\n<p>\u201cKomissiya r\u0259hb\u0259rin\u0259 v\u0259 onun \u00fczvl\u0259rin\u0259 yaz\u0131l\u0131 m\u00fcraci\u0259t son g\u00fcnl\u0259r parlamentd\u0259 Erm\u0259nistan t\u0259r\u0259fdarlar\u0131 v\u0259 lobbi\u00e7il\u0259rinin h\u00f6kum\u0259t ba\u015f\u00e7\u0131s\u0131 v\u0259 xarici i\u015fl\u0259r nazirin\u0259 m\u00fcxt\u0259lif sor\u011fular g\u00f6nd\u0259rm\u0259kl\u0259 f\u0259aliyy\u0259tl\u0259rini xeyli aktivl\u0259\u015fdirm\u0259l\u0259ri il\u0259 ba\u011fl\u0131d\u0131r. Bu sor\u011fularda regionumuzdak\u0131 v\u0259ziyy\u0259t t\u0259hrif olunur, t\u0259xribat\u00e7\u0131 suallar verilir\u201d, &#8211; Az\u0259rbaycan\u0131n Niderlanddak\u0131 s\u0259firliyind\u0259n bildiribl\u0259r.<\/p>\n<p>Diplomatik n\u00fcmay\u0259nd\u0259likd\u0259n bildirilib ki, parlamentin xarici \u0259laq\u0259l\u0259r komissiyas\u0131n\u0131n katibliyi ne\u00e7\u0259 ayd\u0131r s\u0259firliy\u0259 qar\u015f\u0131 ayr\u0131-se\u00e7kilik n\u00fcmayi\u015f etdirir. Az\u0259rbaycan t\u0259r\u0259finin deputatlarla g\u00f6r\u00fc\u015f m\u00fcraci\u0259tl\u0259rin\u0259 m\u0259h\u0259l qoymamaq v\u0259 parlamentin a\u015fa\u011f\u0131 palatas\u0131n\u0131n deputatlar\u0131na regionumuzdak\u0131 v\u0259ziyy\u0259t, el\u0259c\u0259 d\u0259, \u00f6lk\u0259mizin siyas\u0259ti il\u0259 ba\u011fl\u0131 s\u0259firliyin h\u0259ft\u0259lik press-relizl\u0259rinin yay\u0131lmas\u0131na mane olur.<\/p>\n","protected":false},"excerpt":{"rendered":"<p>Az\u0259rbaycan\u0131n Niderlanddak\u0131 s\u0259firi R\u0259hman Mustafayev bu \u00f6lk\u0259nin parlamentaril\u0259rini Qaraba\u011f erm\u0259nil\u0259rinin reinteqrasiyas\u0131 planlar\u0131 bar\u0259d\u0259 m\u0259lumatland\u0131r\u0131b. Bu bar\u0259d\u0259 \u00f6lk\u0259mizin Niderlanddak\u0131 s\u0259firliyind\u0259n m\u0259lumat verilib. S\u0259fir parlamentin a\u015fa\u011f\u0131 palatas\u0131n\u0131n xarici \u0259laq\u0259l\u0259r komissiyas\u0131n\u0131n r\u0259hb\u0259rin\u0259 m\u0259ktub g\u00f6nd\u0259r\u0259r\u0259k, 19-20 sentyabr tarixl\u0259rind\u0259 lokal antiterror t\u0259dbirl\u0259rinin ke\u00e7irilm\u0259sinin s\u0259b\u0259bl\u0259rind\u0259n dan\u0131\u015f\u0131b. Onlar\u0131n n\u0259tic\u0259l\u0259ri, g\u00f6r\u00fclm\u00fc\u015f t\u0259dbirl\u0259r v\u0259 Qaraba\u011f\u0131n erm\u0259ni sakinl\u0259rinin reinteqrasiya prosesi, Az\u0259rbaycan h\u00f6kum\u0259tinin g\u0259l\u0259c\u0259k planlar\u0131 bar\u0259d\u0259 m\u0259lumat verib. \u201cKomissiya r\u0259hb\u0259rin\u0259 v\u0259 onun \u00fczvl\u0259rin\u0259 yaz\u0131l\u0131 m\u00fcraci\u0259t son g\u00fcnl\u0259r parlamentd\u0259 Erm\u0259nistan t\u0259r\u0259fdarlar\u0131 v\u0259 lobbi\u00e7il\u0259rinin h\u00f6kum\u0259t ba\u015f\u00e7\u0131s\u0131 v\u0259 xarici i\u015fl\u0259r nazirin\u0259 m\u00fcxt\u0259lif sor\u011fular g\u00f6nd\u0259rm\u0259kl\u0259 f\u0259aliyy\u0259tl\u0259rini xeyli aktivl\u0259\u015fdirm\u0259l\u0259ri il\u0259 ba\u011fl\u0131d\u0131r. Bu sor\u011fularda regionumuzdak\u0131 v\u0259ziyy\u0259t t\u0259hrif&hellip;<\/p>\n","protected":false},"author":2,"featured_media":641242,"comment_status":"closed","ping_status":"closed","sticky":false,"template":"","format":"standard","meta":{"om_disable_all_campaigns":false,"_monsterinsights_skip_tracking":false,"_monsterinsights_sitenote_active":false,"_monsterinsights_sitenote_note":"","_monsterinsights_sitenote_category":0},"categories":[4],"tags":[],"aioseo_notices":[],"gutentor_comment":0,"rttpg_featured_image_url":{"full":["https:\/\/arantv.az\/wp-content\/uploads\/2023\/10\/c5a0dfd3-65cb-3c4e-87f9-318977d91e6c_850.jpg",620,413,false],"landscape":["https:\/\/arantv.az\/wp-content\/uploads\/2023\/10\/c5a0dfd3-65cb-3c4e-87f9-318977d91e6c_850.jpg",620,413,false],"portraits":["https:\/\/arantv.az\/wp-content\/uploads\/2023\/10\/c5a0dfd3-65cb-3c4e-87f9-318977d91e6c_850.jpg",620,413,false],"thumbnail":["https:\/\/arantv.az\/wp-content\/uploads\/2023\/10\/c5a0dfd3-65cb-3c4e-87f9-318977d91e6c_850-500x280.jpg",500,280,true],"medium":["https:\/\/arantv.az\/wp-content\/uploads\/2023\/10\/c5a0dfd3-65cb-3c4e-87f9-318977d91e6c_850-548x365.jpg",548,365,true],"large":["https:\/\/arantv.az\/wp-content\/uploads\/2023\/10\/c5a0dfd3-65cb-3c4e-87f9-318977d91e6c_850.jpg",620,413,false],"1536x1536":["https:\/\/arantv.az\/wp-content\/uploads\/2023\/10\/c5a0dfd3-65cb-3c4e-87f9-318977d91e6c_850.jpg",620,413,false],"2048x2048":["https:\/\/arantv.az\/wp-content\/uploads\/2023\/10\/c5a0dfd3-65cb-3c4e-87f9-318977d91e6c_850.jpg",620,413,false],"post-thumbnail":["https:\/\/arantv.az\/wp-content\/uploads\/2023\/10\/c5a0dfd3-65cb-3c4e-87f9-318977d91e6c_850-240x172.jpg",240,172,true],"advps-thumb-one":["https:\/\/arantv.az\/wp-content\/uploads\/2023\/10\/c5a0dfd3-65cb-3c4e-87f9-318977d91e6c_850.jpg",620,413,false]},"rttpg_author":{"display_name":"V\u00fcsal Rafiqo\u011flu","author_link":"https:\/\/arantv.az\/?author=2"},"rttpg_comment":0,"rttpg_category":"<a href=\"https:\/\/arantv.az\/?cat=4\" rel=\"category\">Siyas\u0259t<\/a>","rttpg_excerpt":"Az\u0259rbaycan\u0131n Niderlanddak\u0131 s\u0259firi R\u0259hman Mustafayev bu \u00f6lk\u0259nin parlamentaril\u0259rini Qaraba\u011f erm\u0259nil\u0259rinin reinteqrasiyas\u0131 planlar\u0131 bar\u0259d\u0259 m\u0259lumatland\u0131r\u0131b. Bu bar\u0259d\u0259 \u00f6lk\u0259mizin Niderlanddak\u0131 s\u0259firliyind\u0259n m\u0259lumat verilib. S\u0259fir parlamentin a\u015fa\u011f\u0131 palatas\u0131n\u0131n xarici \u0259laq\u0259l\u0259r komissiyas\u0131n\u0131n r\u0259hb\u0259rin\u0259 m\u0259ktub g\u00f6nd\u0259r\u0259r\u0259k, 19-20 sentyabr tarixl\u0259rind\u0259 lokal antiterror t\u0259dbirl\u0259rinin ke\u00e7irilm\u0259sinin s\u0259b\u0259bl\u0259rind\u0259n dan\u0131\u015f\u0131b. Onlar\u0131n n\u0259tic\u0259l\u0259ri, g\u00f6r\u00fclm\u00fc\u015f t\u0259dbirl\u0259r v\u0259 Qaraba\u011f\u0131n erm\u0259ni sakinl\u0259rinin reinteqrasiya prosesi, Az\u0259rbaycan h\u00f6kum\u0259tinin g\u0259l\u0259c\u0259k planlar\u0131 bar\u0259d\u0259&hellip;","_links":{"self":[{"href":"https:\/\/arantv.az\/index.php?rest_route=\/wp\/v2\/posts\/641240"}],"collection":[{"href":"https:\/\/arantv.az\/index.php?rest_route=\/wp\/v2\/posts"}],"about":[{"href":"https:\/\/arantv.az\/index.php?rest_route=\/wp\/v2\/types\/post"}],"author":[{"embeddable":true,"href":"https:\/\/arantv.az\/index.php?rest_route=\/wp\/v2\/users\/2"}],"replies":[{"embeddable":true,"href":"https:\/\/arantv.az\/index.php?rest_route=%2Fwp%2Fv2%2Fcomments&post=641240"}],"version-history":[{"count":0,"href":"https:\/\/arantv.az\/index.php?rest_route=\/wp\/v2\/posts\/641240\/revisions"}],"wp:featuredmedia":[{"embeddable":true,"href":"https:\/\/arantv.az\/index.php?rest_route=\/wp\/v2\/media\/641242"}],"wp:attachment":[{"href":"https:\/\/arantv.az\/index.php?rest_route=%2Fwp%2Fv2%2Fmedia&parent=641240"}],"wp:term":[{"taxonomy":"category","embeddable":true,"href":"https:\/\/arantv.az\/index.php?rest_route=%2Fwp%2Fv2%2Fcategories&post=641240"},{"taxonomy":"post_tag","embeddable":true,"href":"https:\/\/arantv.az\/index.php?rest_route=%2Fwp%2Fv2%2Ftags&post=641240"}],"curies":[{"name":"wp","href":"https:\/\/api.w.org\/{rel}","templated":true}]}}