{"id":641241,"date":"2023-10-04T13:23:53","date_gmt":"2023-10-04T09:23:53","guid":{"rendered":"https:\/\/arantv.az\/?p=641241"},"modified":"2023-10-04T13:23:53","modified_gmt":"2023-10-04T09:23:53","slug":"%c9%99rdogan-ispaniya-s%c9%99f%c9%99rini-t%c9%99xir%c9%99-saldi","status":"publish","type":"post","link":"https:\/\/arantv.az\/?p=641241","title":{"rendered":"\u018frdo\u011fan \u0130spaniya s\u0259f\u0259rini t\u0259xir\u0259 sald\u0131"},"content":{"rendered":"<p>T\u00fcrkiy\u0259 Prezidenti\u00a0R\u0259c\u0259b Tayyib \u018frdo\u011fan\u0131n s\u0259hh\u0259ti il\u0259 ba\u011fl\u0131 partiya iclas\u0131, h\u0259m\u00e7inin \u0130spaniyaya s\u0259f\u0259ri t\u0259xir\u0259 sal\u0131n\u0131b.<\/p>\n<p>\u018frdo\u011fan\u0131n \u0130spaniyaya s\u0259f\u0259rinin\u00a0soyuqd\u0259ym\u0259 s\u0259b\u0259bind\u0259n l\u0259\u011fv edildiyi bildirilib.<\/p>\n<p>Qeyd ed\u0259k ki, \u018frdo\u011fan \u0130spaniya Ba\u015f naziri Pedro San\u00e7esl\u0259 telefon dan\u0131\u015f\u0131\u011f\u0131 apar\u0131b v\u0259 \u0130spaniyaya d\u0259v\u0259t olunub. T\u00fcrkiy\u0259 Prezidentinin sabah \u0130spaniyaya ed\u0259c\u0259yi\u00a0s\u0259f\u0259r \u00e7\u0259r\u00e7iv\u0259sind\u0259 iki \u00f6lk\u0259 aras\u0131ndak\u0131 m\u00fcnasib\u0259tl\u0259rin v\u0259 regional hadis\u0259l\u0259rin m\u00fczakir\u0259si n\u0259z\u0259rd\u0259 tutulurdu.<\/p>\n<p>M\u0259nb\u0259: \u201cCumhuriyyet\u201d<\/p>\n","protected":false},"excerpt":{"rendered":"<p>T\u00fcrkiy\u0259 Prezidenti\u00a0R\u0259c\u0259b Tayyib \u018frdo\u011fan\u0131n s\u0259hh\u0259ti il\u0259 ba\u011fl\u0131 partiya iclas\u0131, h\u0259m\u00e7inin \u0130spaniyaya s\u0259f\u0259ri t\u0259xir\u0259 sal\u0131n\u0131b. \u018frdo\u011fan\u0131n \u0130spaniyaya s\u0259f\u0259rinin\u00a0soyuqd\u0259ym\u0259 s\u0259b\u0259bind\u0259n l\u0259\u011fv edildiyi bildirilib. Qeyd ed\u0259k ki, \u018frdo\u011fan \u0130spaniya Ba\u015f naziri Pedro San\u00e7esl\u0259 telefon dan\u0131\u015f\u0131\u011f\u0131 apar\u0131b v\u0259 \u0130spaniyaya d\u0259v\u0259t olunub. T\u00fcrkiy\u0259 Prezidentinin sabah \u0130spaniyaya ed\u0259c\u0259yi\u00a0s\u0259f\u0259r \u00e7\u0259r\u00e7iv\u0259sind\u0259 iki \u00f6lk\u0259 aras\u0131ndak\u0131 m\u00fcnasib\u0259tl\u0259rin v\u0259 regional hadis\u0259l\u0259rin m\u00fczakir\u0259si n\u0259z\u0259rd\u0259 tutulurdu. M\u0259nb\u0259: \u201cCumhuriyyet\u201d<\/p>\n","protected":false},"author":2,"featured_media":641244,"comment_status":"closed","ping_status":"closed","sticky":false,"template":"","format":"standard","meta":{"om_disable_all_campaigns":false,"_monsterinsights_skip_tracking":false,"_monsterinsights_sitenote_active":false,"_monsterinsights_sitenote_note":"","_monsterinsights_sitenote_category":0},"categories":[7],"tags":[],"aioseo_notices":[],"gutentor_comment":0,"rttpg_featured_image_url":{"full":["https:\/\/arantv.az\/wp-content\/uploads\/2023\/10\/FotoJet-2023-10-04T123853.394.jpg",620,413,false],"landscape":["https:\/\/arantv.az\/wp-content\/uploads\/2023\/10\/FotoJet-2023-10-04T123853.394.jpg",620,413,false],"portraits":["https:\/\/arantv.az\/wp-content\/uploads\/2023\/10\/FotoJet-2023-10-04T123853.394.jpg",620,413,false],"thumbnail":["https:\/\/arantv.az\/wp-content\/uploads\/2023\/10\/FotoJet-2023-10-04T123853.394-500x280.jpg",500,280,true],"medium":["https:\/\/arantv.az\/wp-content\/uploads\/2023\/10\/FotoJet-2023-10-04T123853.394-548x365.jpg",548,365,true],"large":["https:\/\/arantv.az\/wp-content\/uploads\/2023\/10\/FotoJet-2023-10-04T123853.394.jpg",620,413,false],"1536x1536":["https:\/\/arantv.az\/wp-content\/uploads\/2023\/10\/FotoJet-2023-10-04T123853.394.jpg",620,413,false],"2048x2048":["https:\/\/arantv.az\/wp-content\/uploads\/2023\/10\/FotoJet-2023-10-04T123853.394.jpg",620,413,false],"post-thumbnail":["https:\/\/arantv.az\/wp-content\/uploads\/2023\/10\/FotoJet-2023-10-04T123853.394-240x172.jpg",240,172,true],"advps-thumb-one":["https:\/\/arantv.az\/wp-content\/uploads\/2023\/10\/FotoJet-2023-10-04T123853.394.jpg",620,413,false]},"rttpg_author":{"display_name":"V\u00fcsal Rafiqo\u011flu","author_link":"https:\/\/arantv.az\/?author=2"},"rttpg_comment":0,"rttpg_category":"<a href=\"https:\/\/arantv.az\/?cat=7\" rel=\"category\">D\u00fcnya<\/a>","rttpg_excerpt":"T\u00fcrkiy\u0259 Prezidenti\u00a0R\u0259c\u0259b Tayyib \u018frdo\u011fan\u0131n s\u0259hh\u0259ti il\u0259 ba\u011fl\u0131 partiya iclas\u0131, h\u0259m\u00e7inin \u0130spaniyaya s\u0259f\u0259ri t\u0259xir\u0259 sal\u0131n\u0131b. \u018frdo\u011fan\u0131n \u0130spaniyaya s\u0259f\u0259rinin\u00a0soyuqd\u0259ym\u0259 s\u0259b\u0259bind\u0259n l\u0259\u011fv edildiyi bildirilib. Qeyd ed\u0259k ki, \u018frdo\u011fan \u0130spaniya Ba\u015f naziri Pedro San\u00e7esl\u0259 telefon dan\u0131\u015f\u0131\u011f\u0131 apar\u0131b v\u0259 \u0130spaniyaya d\u0259v\u0259t olunub. T\u00fcrkiy\u0259 Prezidentinin sabah \u0130spaniyaya ed\u0259c\u0259yi\u00a0s\u0259f\u0259r \u00e7\u0259r\u00e7iv\u0259sind\u0259 iki \u00f6lk\u0259 aras\u0131ndak\u0131 m\u00fcnasib\u0259tl\u0259rin v\u0259 regional hadis\u0259l\u0259rin m\u00fczakir\u0259si n\u0259z\u0259rd\u0259 tutulurdu. M\u0259nb\u0259: \u201cCumhuriyyet\u201d","_links":{"self":[{"href":"https:\/\/arantv.az\/index.php?rest_route=\/wp\/v2\/posts\/641241"}],"collection":[{"href":"https:\/\/arantv.az\/index.php?rest_route=\/wp\/v2\/posts"}],"about":[{"href":"https:\/\/arantv.az\/index.php?rest_route=\/wp\/v2\/types\/post"}],"author":[{"embeddable":true,"href":"https:\/\/arantv.az\/index.php?rest_route=\/wp\/v2\/users\/2"}],"replies":[{"embeddable":true,"href":"https:\/\/arantv.az\/index.php?rest_route=%2Fwp%2Fv2%2Fcomments&post=641241"}],"version-history":[{"count":0,"href":"https:\/\/arantv.az\/index.php?rest_route=\/wp\/v2\/posts\/641241\/revisions"}],"wp:featuredmedia":[{"embeddable":true,"href":"https:\/\/arantv.az\/index.php?rest_route=\/wp\/v2\/media\/641244"}],"wp:attachment":[{"href":"https:\/\/arantv.az\/index.php?rest_route=%2Fwp%2Fv2%2Fmedia&parent=641241"}],"wp:term":[{"taxonomy":"category","embeddable":true,"href":"https:\/\/arantv.az\/index.php?rest_route=%2Fwp%2Fv2%2Fcategories&post=641241"},{"taxonomy":"post_tag","embeddable":true,"href":"https:\/\/arantv.az\/index.php?rest_route=%2Fwp%2Fv2%2Ftags&post=641241"}],"curies":[{"name":"wp","href":"https:\/\/api.w.org\/{rel}","templated":true}]}}