{"id":641266,"date":"2023-10-04T13:33:55","date_gmt":"2023-10-04T09:33:55","guid":{"rendered":"https:\/\/arantv.az\/?p=641266"},"modified":"2023-10-04T13:33:55","modified_gmt":"2023-10-04T09:33:55","slug":"qarabag-az%c9%99rbaycandir-az%c9%99rbaycan-az%c9%99rbaycandir-ilham-%c9%99liyev-az%c9%99rbaycandir","status":"publish","type":"post","link":"https:\/\/arantv.az\/?p=641266","title":{"rendered":"Qaraba\u011f Az\u0259rbaycand\u0131r, Az\u0259rbaycan Az\u0259rbaycand\u0131r, \u0130lham \u018fliyev Az\u0259rbaycand\u0131r!"},"content":{"rendered":"<p><strong>Bizim bu davam\u0131zda qalibiyy\u0259timiz\u0259 s\u0259b\u0259b, gec\u0259l\u0259r yatar qar\u0131na, iki c\u00fct-bir t\u0259k dualar\u0131m\u0131z deyil. Ortada konkret i\u015f var. D\u00d6VL\u018fT, AL\u0130 BA\u015e KOMANDAN \u0130RAD\u018fS\u0130, XALQ G\u00dcC\u00dc!<br \/>\n<\/strong><br \/>\n\u018fg\u0259r vicdan\u0131n\u0131z yoxdursa, yax\u0131nl\u0131qdan vicdanl\u0131 birisini tap\u0131n, \u0259linizi onun vicdan\u0131n\u0131n \u00fcst\u00fcn\u0259 qoyub deyin: \u0130LHAM \u018fL\u0130YEV S\u018fN\u018f T\u018f\u015e\u018fKK\u00dcR ED\u0130R\u0130K! Var ol, Prezidentim! S\u0259n bu haqq davas\u0131n\u0131 ba\u015flayana q\u0259d\u0259r ancaq N\u018fF\u018fRD\u018fN, AD\u0130 SAYDAN, H\u018fR KVADTRATMETR\u018f D\u00dc\u015e\u018fN B\u0130R NE\u00c7\u018f ADAMLIQ SIXLIQDAN \u0130BAR\u018fT \u0130D\u0130K. \u00dcZ\u00dcM\u00dcZ K\u00d6LG\u018fL\u0130 \u0130D\u0130, EV\u0130M\u0130Z\u018f, SEVG\u0130L\u0130M\u0130Z\u0130N YANINA K\u0130\u015e\u0130 K\u0130M\u0130 G\u0130R\u0130RD\u0130K, ANCAQ. \u00d6LK\u018f XAR\u0130C\u0130ND\u018f QARABA\u011e S\u00d6Z\u00dcN\u00dc UTANDI\u011eIMIZDAN TEZ, YARIT\u018fL\u018fFF\u00dcZL\u018f \u0130FAD\u018f ED\u0130RD\u0130K K\u0130, TEMADAN UZAQLA\u015eAQ! Boynunuza al\u0131n ki, Qaraba\u011f ancaq \u015e\u0130K\u018fST\u0259 kimi AXSAQ, P\u018fLT\u018fK dilimizin ucunda idi!<\/p>\n<p>Deyin ki, biz Qaraba\u011f\u0131n \u0259trini Qaraba\u011fl\u0131lar\u0131n Yasamalda bi\u015firdiyi kababxanalardan, ciy\u0259rxanalardan al\u0131rd\u0131q.<\/p>\n<p>Deyin ki, biz Xank\u0259ndi reall\u0131\u011f\u0131ndan o q\u0259d\u0259r uzaq d\u00fc\u015fm\u00fc\u015fd\u00fck ki, O ADI ANCAQ XAN KABABI K\u0130M\u0130 \u015e\u0130\u015e\u018f \u00c7\u018fK\u0130RD\u0130K!<\/p>\n<p>Deyin ki, s\u0259n Az\u0259rbaycan\u0131 R\u0259sulzad\u0259nin, El\u00e7ib\u0259yin arzular\u0131ndan, x\u0259yallar\u0131ndan qat-qat B\u00d6Y\u00dcK ETD\u0130N.<br \/>\nDeyin ki, Qazan\u0131n o\u011flu Tural\u0131n, Bab\u0259kin o\u011flu Bu\u011fday\u0131n pis v\u0259rdi\u015fl\u0259rini g\u00f6t\u00fcrm\u00fc\u015fd\u00fck ancaq. \u018flimizd\u0259 \u00e7i\u00e7\u0259k tuturduq, Lal\u0259zar \u00e7\u00f6ll\u0259rd\u0259n ev\u0259 y\u0131\u011f\u0131\u015fm\u0131rd\u0131q, SONA xala is\u0259 U\u015eAQLARINI o tind\u0259n, bu tind\u0259n y\u0131\u011fmaqla m\u0259\u015fqul idi B\u0130Z\u018f QILINC VERD\u0130N, K\u018fS\u018fR VERD\u0130N, D\u00dc\u015eM\u018fN\u0130N BOYNU S\u018fN\u0130N VUR \u018fMR\u0130NL\u018f QILDAN \u0130NC\u018f G\u018fLD\u0130 B\u0130Z\u018f, EY AL\u0130 S\u018fRK\u018fRD\u018fM!<\/p>\n<p>Deyin ki, yuxuda \u015eu\u015fada C\u0131d\u0131r d\u00fcz\u00fcnd\u0259 at \u00e7ap\u0131rd\u0131m, y\u0131x\u0131ld\u0131m. Ay\u0131ld\u0131m ki, Sulut\u0259p\u0259d\u0259 \u00e7arpay\u0131dan yer\u0259 d\u00fc\u015fmu\u015f\u0259m! Deyin ki, biz Qaraba\u011fa ged\u0259 bilmirdik, \u00f6l\u00fcl\u0259rimiz g\u0259lirdi, \u00f6z\u00fc d\u0259 ancaq yuxumuza.<br \/>\nDeyin ki, \u00c7ingizin d\u0259 V\u0130DEOLARINA BAXA B\u0130LM\u0130RD\u0130M ARTIQ, \u00c7\u00dcNK\u0130 ORADA G\u00d6ST\u018fR\u0130L\u018fN KADRLAR U\u015eAQLARIMA P\u0130S T\u018fS\u0130R ED\u0130RD\u0130 (qan var idi, ax\u0131). D\u00dcNYAYA DAHA HUMAN\u0130ST U\u015eAQLAR \u0130NTEQRAS\u0130YASI \u0130L\u018f M\u018f\u015eQUL \u0130D\u0130M!<\/p>\n<p>Deyin ki, ancaq sa\u011fl\u0131qlarda Qaraba\u011f arzular\u0131ma qovu\u015furdum.<br \/>\nDeyin ki, biz ancaq \u00e7ar Rusiyas\u0131 d\u00f6vr\u00fcnd\u0259ki generallar\u0131m\u0131z\u0131n ad\u0131n\u0131 bilirdik. Ali Ba\u015f Komandan kimdir, indiy\u0259 q\u0259d\u0259r he\u00e7 bilm\u0259mi\u015fdik!<\/p>\n<p>Deyin ki, he\u00e7 atam\u0131za lnanm\u0131rd\u0131q, s\u0259ni g\u00f6zl\u0259yirdik h\u0259r ax\u015fam ki, s\u0259n dey\u0259s\u0259n o \u015fad x\u0259b\u0259rl\u0259ri.<br \/>\nDeyin ki, POLADDAN \u0130D\u0130 D\u018fM\u0130R YUMRU\u011eUN!<\/p>\n<p>Deyin ki, 44 g\u00fcnl\u00fck sava\u015f\u0131m\u0131z \u0259slind\u0259 bu g\u00fcn \u00fc\u00e7\u00fcn idi. M\u0259hz bu gun \u00fc\u00e7\u00fcn!<br \/>\nDeyin ki, xalq\u0131m\u0131z\u0131n qatill\u0259rini \u0259li-qolu qandall\u0131 h\u00fczurumuza g\u0259tirdin, qisas\u0131m\u0131z\u0131 da alacaqsan!<\/p>\n<p>Deyin ki, deyin, deyin, bir d\u0259 deyin! \u00d6z\u00fcn\u00fcz\u0259 deyin, \u00f6zg\u0259sin\u0259 deyin, ham\u0131ya deyin, \u00fcr\u0259kl\u0259 deyin, ba\u015fa d\u00fc\u015fm\u0259y\u0259n\u0259 \u0259l il\u0259 ba\u015fa sal\u0131n lap, amma deyin!<\/p>\n<p><strong>Bunu art\u0131q b\u00fct\u00fcn d\u00fcnya deyir, siz d\u0259 deyin:<\/strong>\u00a0&#8220;QARABA\u011e AZ\u018fRBAYCANDIR, AZ\u018fRBAYCAN AZ\u018fRBAYCANDIR, \u0130LHAM \u018fL\u0130YEV AZ\u018fRBAYCANDIR!<\/p>\n<p>LAP H\u018fCC\u018f HAZIRLA\u015eIRSINIZ EL\u018f B\u0130L!<\/p>\n<p>DEY\u0130N, HALAL EL\u018f HAQQINI, \u00c7OX \u018fZ\u0130YY\u018fT VERD\u0130K S\u018fN\u018f. B\u00dcT\u00dcN G\u00dcN\u00dc YOLLARDA OLDUN. B\u00dcT\u00dcN D\u00dcNYA \u0130L\u018f M\u00dcCAD\u0130L\u018f ETD\u0130N, \u00dcST\u00dcM\u00dcZ\u018f G\u018fL\u018fN\u0130N YEDD\u0130 ARXA D\u00d6N\u018fN\u0130N\u0130 YER\u018f VURDUN! Biz s\u0259n\u0259 qar\u015f\u0131 b\u0259z\u0259n KUF\u018fL\u0130L\u0130K ETD\u0130K! Bizi ba\u011f\u0131\u015fla, deyin!<\/p>\n<p>Etiraf edin, deyin ki,S\u018fN OLMASAYDIN BU G\u00dcN OLMAZDI, BU G\u00dcN\u00dc G\u00d6RM\u018fZD\u0130K, HE\u00c7 SABAH HAQQINDA DA D\u00dc\u015e\u00dcNM\u00dcRD\u00dcK!<\/p>\n<p>AXI O, DEY\u0130R! XALQA DA, ORDUYA DA, \u015e\u018fH\u0130D ANASINA DA, QAZ\u0130 \u00d6VLADINA DA DEY\u0130R: M\u018fN S\u0130Z\u0130NL\u018f BA\u015eARDIM BU Q\u018fL\u018fB\u018fN\u0130! B\u0130Z B\u0130RL\u0130KD\u018f G\u00dcCL\u00dcY\u00dcK, DED\u0130!<br \/>\nS\u0130Z D\u018f DEY\u0130N!<\/p>\n<p><strong>R\u0259\u015fad A\u011fayev, i\u015f adam\u0131<\/p>\n<p><img loading=\"lazy\" src=\"https:\/\/cdn.musavat.com\/news\/thumbnails\/483d04b8ac3829c0a8d5a02e63b576de.jpg\" alt=\"ddddeeeeeerrrrr.jpeg (70 KB)\" width=\"350\" height=\"346\" \/><\/strong><\/p>\n","protected":false},"excerpt":{"rendered":"<p>Bizim bu davam\u0131zda qalibiyy\u0259timiz\u0259 s\u0259b\u0259b, gec\u0259l\u0259r yatar qar\u0131na, iki c\u00fct-bir t\u0259k dualar\u0131m\u0131z deyil. Ortada konkret i\u015f var. D\u00d6VL\u018fT, AL\u0130 BA\u015e KOMANDAN \u0130RAD\u018fS\u0130, XALQ G\u00dcC\u00dc! \u018fg\u0259r vicdan\u0131n\u0131z yoxdursa, yax\u0131nl\u0131qdan vicdanl\u0131 birisini tap\u0131n, \u0259linizi onun vicdan\u0131n\u0131n \u00fcst\u00fcn\u0259 qoyub deyin: \u0130LHAM \u018fL\u0130YEV S\u018fN\u018f T\u018f\u015e\u018fKK\u00dcR ED\u0130R\u0130K! Var ol, Prezidentim! S\u0259n bu haqq davas\u0131n\u0131 ba\u015flayana q\u0259d\u0259r ancaq N\u018fF\u018fRD\u018fN, AD\u0130 SAYDAN, H\u018fR KVADTRATMETR\u018f D\u00dc\u015e\u018fN B\u0130R NE\u00c7\u018f ADAMLIQ SIXLIQDAN \u0130BAR\u018fT \u0130D\u0130K. \u00dcZ\u00dcM\u00dcZ K\u00d6LG\u018fL\u0130 \u0130D\u0130, EV\u0130M\u0130Z\u018f, SEVG\u0130L\u0130M\u0130Z\u0130N YANINA K\u0130\u015e\u0130 K\u0130M\u0130 G\u0130R\u0130RD\u0130K, ANCAQ. \u00d6LK\u018f XAR\u0130C\u0130ND\u018f QARABA\u011e S\u00d6Z\u00dcN\u00dc UTANDI\u011eIMIZDAN TEZ, YARIT\u018fL\u018fFF\u00dcZL\u018f \u0130FAD\u018f ED\u0130RD\u0130K K\u0130, TEMADAN UZAQLA\u015eAQ! Boynunuza al\u0131n ki, Qaraba\u011f&hellip;<\/p>\n","protected":false},"author":2,"featured_media":641267,"comment_status":"closed","ping_status":"closed","sticky":false,"template":"","format":"standard","meta":{"om_disable_all_campaigns":false,"_monsterinsights_skip_tracking":false,"_monsterinsights_sitenote_active":false,"_monsterinsights_sitenote_note":"","_monsterinsights_sitenote_category":0},"categories":[4],"tags":[],"aioseo_notices":[],"gutentor_comment":0,"rttpg_featured_image_url":{"full":["https:\/\/arantv.az\/wp-content\/uploads\/2023\/10\/1d0ed202201bb6f844f37e46f465268e.jpg",607,406,false],"landscape":["https:\/\/arantv.az\/wp-content\/uploads\/2023\/10\/1d0ed202201bb6f844f37e46f465268e.jpg",607,406,false],"portraits":["https:\/\/arantv.az\/wp-content\/uploads\/2023\/10\/1d0ed202201bb6f844f37e46f465268e.jpg",607,406,false],"thumbnail":["https:\/\/arantv.az\/wp-content\/uploads\/2023\/10\/1d0ed202201bb6f844f37e46f465268e-500x280.jpg",500,280,true],"medium":["https:\/\/arantv.az\/wp-content\/uploads\/2023\/10\/1d0ed202201bb6f844f37e46f465268e-546x365.jpg",546,365,true],"large":["https:\/\/arantv.az\/wp-content\/uploads\/2023\/10\/1d0ed202201bb6f844f37e46f465268e.jpg",607,406,false],"1536x1536":["https:\/\/arantv.az\/wp-content\/uploads\/2023\/10\/1d0ed202201bb6f844f37e46f465268e.jpg",607,406,false],"2048x2048":["https:\/\/arantv.az\/wp-content\/uploads\/2023\/10\/1d0ed202201bb6f844f37e46f465268e.jpg",607,406,false],"post-thumbnail":["https:\/\/arantv.az\/wp-content\/uploads\/2023\/10\/1d0ed202201bb6f844f37e46f465268e-240x172.jpg",240,172,true],"advps-thumb-one":["https:\/\/arantv.az\/wp-content\/uploads\/2023\/10\/1d0ed202201bb6f844f37e46f465268e.jpg",607,406,false]},"rttpg_author":{"display_name":"V\u00fcsal Rafiqo\u011flu","author_link":"https:\/\/arantv.az\/?author=2"},"rttpg_comment":0,"rttpg_category":"<a href=\"https:\/\/arantv.az\/?cat=4\" rel=\"category\">Siyas\u0259t<\/a>","rttpg_excerpt":"Bizim bu davam\u0131zda qalibiyy\u0259timiz\u0259 s\u0259b\u0259b, gec\u0259l\u0259r yatar qar\u0131na, iki c\u00fct-bir t\u0259k dualar\u0131m\u0131z deyil. Ortada konkret i\u015f var. D\u00d6VL\u018fT, AL\u0130 BA\u015e KOMANDAN \u0130RAD\u018fS\u0130, XALQ G\u00dcC\u00dc! \u018fg\u0259r vicdan\u0131n\u0131z yoxdursa, yax\u0131nl\u0131qdan vicdanl\u0131 birisini tap\u0131n, \u0259linizi onun vicdan\u0131n\u0131n \u00fcst\u00fcn\u0259 qoyub deyin: \u0130LHAM \u018fL\u0130YEV S\u018fN\u018f T\u018f\u015e\u018fKK\u00dcR ED\u0130R\u0130K! Var ol, Prezidentim! S\u0259n bu haqq davas\u0131n\u0131 ba\u015flayana q\u0259d\u0259r ancaq N\u018fF\u018fRD\u018fN, AD\u0130 SAYDAN,&hellip;","_links":{"self":[{"href":"https:\/\/arantv.az\/index.php?rest_route=\/wp\/v2\/posts\/641266"}],"collection":[{"href":"https:\/\/arantv.az\/index.php?rest_route=\/wp\/v2\/posts"}],"about":[{"href":"https:\/\/arantv.az\/index.php?rest_route=\/wp\/v2\/types\/post"}],"author":[{"embeddable":true,"href":"https:\/\/arantv.az\/index.php?rest_route=\/wp\/v2\/users\/2"}],"replies":[{"embeddable":true,"href":"https:\/\/arantv.az\/index.php?rest_route=%2Fwp%2Fv2%2Fcomments&post=641266"}],"version-history":[{"count":0,"href":"https:\/\/arantv.az\/index.php?rest_route=\/wp\/v2\/posts\/641266\/revisions"}],"wp:featuredmedia":[{"embeddable":true,"href":"https:\/\/arantv.az\/index.php?rest_route=\/wp\/v2\/media\/641267"}],"wp:attachment":[{"href":"https:\/\/arantv.az\/index.php?rest_route=%2Fwp%2Fv2%2Fmedia&parent=641266"}],"wp:term":[{"taxonomy":"category","embeddable":true,"href":"https:\/\/arantv.az\/index.php?rest_route=%2Fwp%2Fv2%2Fcategories&post=641266"},{"taxonomy":"post_tag","embeddable":true,"href":"https:\/\/arantv.az\/index.php?rest_route=%2Fwp%2Fv2%2Ftags&post=641266"}],"curies":[{"name":"wp","href":"https:\/\/api.w.org\/{rel}","templated":true}]}}