{"id":641316,"date":"2023-10-04T15:20:13","date_gmt":"2023-10-04T11:20:13","guid":{"rendered":"https:\/\/arantv.az\/?p=641316"},"modified":"2023-10-04T15:20:13","modified_gmt":"2023-10-04T11:20:13","slug":"ekspert-bmt-missiyasinin-b%c9%99yanati-qarabagda-erm%c9%99nil%c9%99r%c9%99-hec-bir-t%c9%99zyiqin-olmadigini-gost%c9%99rib","status":"publish","type":"post","link":"https:\/\/arantv.az\/?p=641316","title":{"rendered":"Ekspert: \u201cBMT missiyas\u0131n\u0131n b\u0259yanat\u0131 Qaraba\u011fda erm\u0259nil\u0259r\u0259 he\u00e7 bir t\u0259zyiqin olmad\u0131\u011f\u0131n\u0131 g\u00f6st\u0259rib\u201d"},"content":{"rendered":"<p>\u201cBMT missiyas\u0131n\u0131n Az\u0259rbaycan\u0131n Qaraba\u011f b\u00f6lg\u0259sin\u0259 s\u0259f\u0259rind\u0259n sonra verdiyi b\u0259yanatla tamamil\u0259 ayd\u0131n olub ki, erm\u0259nil\u0259r\u0259 qar\u015f\u0131 he\u00e7 bir t\u0259qib v\u0259 ya onlara qar\u015f\u0131 Erm\u0259nistan hakimiyy\u0259ti v\u0259 Q\u0259rb K\u0130V-in t\u0259krarlad\u0131\u011f\u0131 \u201cetnik t\u0259mizl\u0259m\u0259\u201d yoxdur, Qaraba\u011f\u0131 t\u0259rk ed\u0259n insanlar bunu \u00f6z ist\u0259kl\u0259ri il\u0259 edibl\u0259r\u201d.<\/p>\n<p>Bunu\u00a0\u201cReport\u201da a\u00e7\u0131qlamas\u0131nda AB\u015e-li jurnalist, t\u0259hl\u00fck\u0259sizlik \u00fczr\u0259 analitik, h\u00fcquq\u015f\u00fcnas \u0130rina Zukerman deyib.<\/p>\n<p>\u201cH\u0259qiq\u0259t\u0259n d\u0259 bu, Q\u0259rbd\u0259ki erm\u0259ni lobbisinin iddialar\u0131n\u0131n \u0259ksin\u0259 olaraq, r\u0259smi Bak\u0131 t\u0259r\u0259find\u0259n siyasi, m\u0259d\u0259ni, el\u0259c\u0259 d\u0259 dini bax\u0131mdan t\u0259zyiqin olmad\u0131\u011f\u0131n\u0131n \u0259n tutarl\u0131 s\u00fcbutudur. Bu b\u0259yanatla m\u00fcbahis\u0259 etm\u0259k \u00e7\u0259tindir. Buna baxmayaraq, qarayaxma kampaniyas\u0131 davam edir\u201d, &#8211; dey\u0259 o vur\u011fulay\u0131b.<\/p>\n<p>Onun s\u00f6zl\u0259rin\u0259 g\u00f6r\u0259, Az\u0259rbaycan \u00f6z \u0259razisind\u0259 terror f\u0259aliyy\u0259tin\u0259 son qoyma\u011fa vadar olub v\u0259 bunu insanlara \u00e7atd\u0131racaq geni\u015fmiqyasl\u0131 kampaniya aparmal\u0131d\u0131r:<\/p>\n<p>\u201cQaraba\u011fda qalanlar \u00fc\u00e7\u00fcn ayd\u0131nd\u0131r ki, Az\u0259rbaycan onlar\u0131 etnik v\u0259 dini m\u0259nsubiyy\u0259tind\u0259n as\u0131l\u0131 olmayaraq \u00f6lk\u0259 v\u0259t\u0259nda\u015flar\u0131n\u0131n malik oldu\u011fu b\u00fct\u00fcn imkanlar v\u0259 h\u00fcquqlarla t\u0259min ed\u0259c\u0259k. Bak\u0131 art\u0131q bu regionun sosial-iqtisadi sah\u0259sin\u0259 s\u0259rmay\u0259l\u0259r qoyaca\u011f\u0131n\u0131, el\u0259c\u0259 d\u0259 Qaraba\u011f erm\u0259nil\u0259rinin reinteqrasiyas\u0131n\u0131 d\u0259st\u0259kl\u0259diyini b\u0259yan edib. Son hadis\u0259l\u0259r g\u00f6st\u0259rir ki, \u00f6lk\u0259 art\u0131q bu v\u0259dl\u0259ri yerin\u0259 yetirm\u0259y\u0259 ba\u015flay\u0131r. Haz\u0131rk\u0131 \u015f\u0259raitd\u0259 beyn\u0259lxalq ictimaiyy\u0259t bundan art\u0131q n\u0259 g\u00f6zl\u0259y\u0259 bil\u0259r? B\u0259s niy\u0259 Erm\u0259nistandan bir zamanlar bu \u00f6lk\u0259d\u0259n qovulan az\u0259rbaycanl\u0131lara eyni m\u00fcnasib\u0259t g\u00f6st\u0259rm\u0259si t\u0259l\u0259b olunmur? \u0130nsan haqlar\u0131 v\u0259 humanitar m\u0259s\u0259l\u0259l\u0259r\u0259 g\u0259linc\u0259, g\u00f6r\u00fcn\u00fcr, bununla ba\u011fl\u0131 ikili standartlar var\u201d.<\/p>\n","protected":false},"excerpt":{"rendered":"<p>\u201cBMT missiyas\u0131n\u0131n Az\u0259rbaycan\u0131n Qaraba\u011f b\u00f6lg\u0259sin\u0259 s\u0259f\u0259rind\u0259n sonra verdiyi b\u0259yanatla tamamil\u0259 ayd\u0131n olub ki, erm\u0259nil\u0259r\u0259 qar\u015f\u0131 he\u00e7 bir t\u0259qib v\u0259 ya onlara qar\u015f\u0131 Erm\u0259nistan hakimiyy\u0259ti v\u0259 Q\u0259rb K\u0130V-in t\u0259krarlad\u0131\u011f\u0131 \u201cetnik t\u0259mizl\u0259m\u0259\u201d yoxdur, Qaraba\u011f\u0131 t\u0259rk ed\u0259n insanlar bunu \u00f6z ist\u0259kl\u0259ri il\u0259 edibl\u0259r\u201d. Bunu\u00a0\u201cReport\u201da a\u00e7\u0131qlamas\u0131nda AB\u015e-li jurnalist, t\u0259hl\u00fck\u0259sizlik \u00fczr\u0259 analitik, h\u00fcquq\u015f\u00fcnas \u0130rina Zukerman deyib. \u201cH\u0259qiq\u0259t\u0259n d\u0259 bu, Q\u0259rbd\u0259ki erm\u0259ni lobbisinin iddialar\u0131n\u0131n \u0259ksin\u0259 olaraq, r\u0259smi Bak\u0131 t\u0259r\u0259find\u0259n siyasi, m\u0259d\u0259ni, el\u0259c\u0259 d\u0259 dini bax\u0131mdan t\u0259zyiqin olmad\u0131\u011f\u0131n\u0131n \u0259n tutarl\u0131 s\u00fcbutudur. Bu b\u0259yanatla m\u00fcbahis\u0259 etm\u0259k \u00e7\u0259tindir. Buna baxmayaraq, qarayaxma kampaniyas\u0131 davam edir\u201d, &#8211; dey\u0259 o vur\u011fulay\u0131b. Onun&hellip;<\/p>\n","protected":false},"author":2,"featured_media":641319,"comment_status":"closed","ping_status":"closed","sticky":false,"template":"","format":"standard","meta":{"om_disable_all_campaigns":false,"_monsterinsights_skip_tracking":false,"_monsterinsights_sitenote_active":false,"_monsterinsights_sitenote_note":"","_monsterinsights_sitenote_category":0},"categories":[4],"tags":[],"aioseo_notices":[],"gutentor_comment":0,"rttpg_featured_image_url":{"full":["https:\/\/arantv.az\/wp-content\/uploads\/2023\/10\/1632981470.jpg",620,413,false],"landscape":["https:\/\/arantv.az\/wp-content\/uploads\/2023\/10\/1632981470.jpg",620,413,false],"portraits":["https:\/\/arantv.az\/wp-content\/uploads\/2023\/10\/1632981470.jpg",620,413,false],"thumbnail":["https:\/\/arantv.az\/wp-content\/uploads\/2023\/10\/1632981470-500x280.jpg",500,280,true],"medium":["https:\/\/arantv.az\/wp-content\/uploads\/2023\/10\/1632981470-548x365.jpg",548,365,true],"large":["https:\/\/arantv.az\/wp-content\/uploads\/2023\/10\/1632981470.jpg",620,413,false],"1536x1536":["https:\/\/arantv.az\/wp-content\/uploads\/2023\/10\/1632981470.jpg",620,413,false],"2048x2048":["https:\/\/arantv.az\/wp-content\/uploads\/2023\/10\/1632981470.jpg",620,413,false],"post-thumbnail":["https:\/\/arantv.az\/wp-content\/uploads\/2023\/10\/1632981470-240x172.jpg",240,172,true],"advps-thumb-one":["https:\/\/arantv.az\/wp-content\/uploads\/2023\/10\/1632981470.jpg",620,413,false]},"rttpg_author":{"display_name":"V\u00fcsal Rafiqo\u011flu","author_link":"https:\/\/arantv.az\/?author=2"},"rttpg_comment":0,"rttpg_category":"<a href=\"https:\/\/arantv.az\/?cat=4\" rel=\"category\">Siyas\u0259t<\/a>","rttpg_excerpt":"\u201cBMT missiyas\u0131n\u0131n Az\u0259rbaycan\u0131n Qaraba\u011f b\u00f6lg\u0259sin\u0259 s\u0259f\u0259rind\u0259n sonra verdiyi b\u0259yanatla tamamil\u0259 ayd\u0131n olub ki, erm\u0259nil\u0259r\u0259 qar\u015f\u0131 he\u00e7 bir t\u0259qib v\u0259 ya onlara qar\u015f\u0131 Erm\u0259nistan hakimiyy\u0259ti v\u0259 Q\u0259rb K\u0130V-in t\u0259krarlad\u0131\u011f\u0131 \u201cetnik t\u0259mizl\u0259m\u0259\u201d yoxdur, Qaraba\u011f\u0131 t\u0259rk ed\u0259n insanlar bunu \u00f6z ist\u0259kl\u0259ri il\u0259 edibl\u0259r\u201d. Bunu\u00a0\u201cReport\u201da a\u00e7\u0131qlamas\u0131nda AB\u015e-li jurnalist, t\u0259hl\u00fck\u0259sizlik \u00fczr\u0259 analitik, h\u00fcquq\u015f\u00fcnas \u0130rina Zukerman deyib. \u201cH\u0259qiq\u0259t\u0259n d\u0259 bu, Q\u0259rbd\u0259ki&hellip;","_links":{"self":[{"href":"https:\/\/arantv.az\/index.php?rest_route=\/wp\/v2\/posts\/641316"}],"collection":[{"href":"https:\/\/arantv.az\/index.php?rest_route=\/wp\/v2\/posts"}],"about":[{"href":"https:\/\/arantv.az\/index.php?rest_route=\/wp\/v2\/types\/post"}],"author":[{"embeddable":true,"href":"https:\/\/arantv.az\/index.php?rest_route=\/wp\/v2\/users\/2"}],"replies":[{"embeddable":true,"href":"https:\/\/arantv.az\/index.php?rest_route=%2Fwp%2Fv2%2Fcomments&post=641316"}],"version-history":[{"count":0,"href":"https:\/\/arantv.az\/index.php?rest_route=\/wp\/v2\/posts\/641316\/revisions"}],"wp:featuredmedia":[{"embeddable":true,"href":"https:\/\/arantv.az\/index.php?rest_route=\/wp\/v2\/media\/641319"}],"wp:attachment":[{"href":"https:\/\/arantv.az\/index.php?rest_route=%2Fwp%2Fv2%2Fmedia&parent=641316"}],"wp:term":[{"taxonomy":"category","embeddable":true,"href":"https:\/\/arantv.az\/index.php?rest_route=%2Fwp%2Fv2%2Fcategories&post=641316"},{"taxonomy":"post_tag","embeddable":true,"href":"https:\/\/arantv.az\/index.php?rest_route=%2Fwp%2Fv2%2Ftags&post=641316"}],"curies":[{"name":"wp","href":"https:\/\/api.w.org\/{rel}","templated":true}]}}