{"id":641318,"date":"2023-10-04T15:20:37","date_gmt":"2023-10-04T11:20:37","guid":{"rendered":"https:\/\/arantv.az\/?p=641318"},"modified":"2023-10-04T15:20:37","modified_gmt":"2023-10-04T11:20:37","slug":"x%c9%99l%c9%99f-x%c9%99l%c9%99fov-iran-xin-r%c9%99hb%c9%99ri-il%c9%99-regiondaki-v%c9%99ziyy%c9%99ti-muzakir%c9%99-edib","status":"publish","type":"post","link":"https:\/\/arantv.az\/?p=641318","title":{"rendered":"X\u0259l\u0259f X\u0259l\u0259fov \u0130ran X\u0130N r\u0259hb\u0259ri il\u0259 regiondak\u0131 v\u0259ziyy\u0259ti m\u00fczakir\u0259 edib"},"content":{"rendered":"<p>Tehranda s\u0259f\u0259rd\u0259 olan Az\u0259rbaycan Respublikas\u0131 Prezidentinin x\u00fcsusi tap\u015f\u0131r\u0131qlar \u00fczr\u0259 n\u00fcmay\u0259nd\u0259si X\u0259l\u0259f X\u0259l\u0259fov bu g\u00fcn \u0130ran xarici i\u015fl\u0259r naziri H\u00fcseyn \u018fmir-Abdullahianla g\u00f6r\u00fc\u015f\u00fcb.<\/p>\n<p>APA\u00a0x\u0259b\u0259r verir ki, X\u0259l\u0259f X\u0259l\u0259fov \u0130ran X\u0130N r\u0259hb\u0259ri il\u0259 ikit\u0259r\u0259fli m\u00fcnasib\u0259tl\u0259ri m\u00fczakir\u0259 edib.<\/p>\n<p>T\u0259r\u0259fl\u0259r eyni zamanda, regiondak\u0131 v\u0259ziyy\u0259t\u0259 dair fikir m\u00fcbadil\u0259si apar\u0131blar.<\/p>\n","protected":false},"excerpt":{"rendered":"<p>Tehranda s\u0259f\u0259rd\u0259 olan Az\u0259rbaycan Respublikas\u0131 Prezidentinin x\u00fcsusi tap\u015f\u0131r\u0131qlar \u00fczr\u0259 n\u00fcmay\u0259nd\u0259si X\u0259l\u0259f X\u0259l\u0259fov bu g\u00fcn \u0130ran xarici i\u015fl\u0259r naziri H\u00fcseyn \u018fmir-Abdullahianla g\u00f6r\u00fc\u015f\u00fcb. APA\u00a0x\u0259b\u0259r verir ki, X\u0259l\u0259f X\u0259l\u0259fov \u0130ran X\u0130N r\u0259hb\u0259ri il\u0259 ikit\u0259r\u0259fli m\u00fcnasib\u0259tl\u0259ri m\u00fczakir\u0259 edib. T\u0259r\u0259fl\u0259r eyni zamanda, regiondak\u0131 v\u0259ziyy\u0259t\u0259 dair fikir m\u00fcbadil\u0259si apar\u0131blar.<\/p>\n","protected":false},"author":2,"featured_media":641321,"comment_status":"closed","ping_status":"closed","sticky":false,"template":"","format":"standard","meta":{"om_disable_all_campaigns":false,"_monsterinsights_skip_tracking":false,"_monsterinsights_sitenote_active":false,"_monsterinsights_sitenote_note":"","_monsterinsights_sitenote_category":0},"categories":[4],"tags":[],"aioseo_notices":[],"gutentor_comment":0,"rttpg_featured_image_url":{"full":["https:\/\/arantv.az\/wp-content\/uploads\/2023\/10\/651d4141cb4ea651d4141cb4eb1696416065651d4141cb4e7651d4141cb4e9.jpg",620,413,false],"landscape":["https:\/\/arantv.az\/wp-content\/uploads\/2023\/10\/651d4141cb4ea651d4141cb4eb1696416065651d4141cb4e7651d4141cb4e9.jpg",620,413,false],"portraits":["https:\/\/arantv.az\/wp-content\/uploads\/2023\/10\/651d4141cb4ea651d4141cb4eb1696416065651d4141cb4e7651d4141cb4e9.jpg",620,413,false],"thumbnail":["https:\/\/arantv.az\/wp-content\/uploads\/2023\/10\/651d4141cb4ea651d4141cb4eb1696416065651d4141cb4e7651d4141cb4e9-500x280.jpg",500,280,true],"medium":["https:\/\/arantv.az\/wp-content\/uploads\/2023\/10\/651d4141cb4ea651d4141cb4eb1696416065651d4141cb4e7651d4141cb4e9-548x365.jpg",548,365,true],"large":["https:\/\/arantv.az\/wp-content\/uploads\/2023\/10\/651d4141cb4ea651d4141cb4eb1696416065651d4141cb4e7651d4141cb4e9.jpg",620,413,false],"1536x1536":["https:\/\/arantv.az\/wp-content\/uploads\/2023\/10\/651d4141cb4ea651d4141cb4eb1696416065651d4141cb4e7651d4141cb4e9.jpg",620,413,false],"2048x2048":["https:\/\/arantv.az\/wp-content\/uploads\/2023\/10\/651d4141cb4ea651d4141cb4eb1696416065651d4141cb4e7651d4141cb4e9.jpg",620,413,false],"post-thumbnail":["https:\/\/arantv.az\/wp-content\/uploads\/2023\/10\/651d4141cb4ea651d4141cb4eb1696416065651d4141cb4e7651d4141cb4e9-240x172.jpg",240,172,true],"advps-thumb-one":["https:\/\/arantv.az\/wp-content\/uploads\/2023\/10\/651d4141cb4ea651d4141cb4eb1696416065651d4141cb4e7651d4141cb4e9.jpg",620,413,false]},"rttpg_author":{"display_name":"V\u00fcsal Rafiqo\u011flu","author_link":"https:\/\/arantv.az\/?author=2"},"rttpg_comment":0,"rttpg_category":"<a href=\"https:\/\/arantv.az\/?cat=4\" rel=\"category\">Siyas\u0259t<\/a>","rttpg_excerpt":"Tehranda s\u0259f\u0259rd\u0259 olan Az\u0259rbaycan Respublikas\u0131 Prezidentinin x\u00fcsusi tap\u015f\u0131r\u0131qlar \u00fczr\u0259 n\u00fcmay\u0259nd\u0259si X\u0259l\u0259f X\u0259l\u0259fov bu g\u00fcn \u0130ran xarici i\u015fl\u0259r naziri H\u00fcseyn \u018fmir-Abdullahianla g\u00f6r\u00fc\u015f\u00fcb. APA\u00a0x\u0259b\u0259r verir ki, X\u0259l\u0259f X\u0259l\u0259fov \u0130ran X\u0130N r\u0259hb\u0259ri il\u0259 ikit\u0259r\u0259fli m\u00fcnasib\u0259tl\u0259ri m\u00fczakir\u0259 edib. T\u0259r\u0259fl\u0259r eyni zamanda, regiondak\u0131 v\u0259ziyy\u0259t\u0259 dair fikir m\u00fcbadil\u0259si apar\u0131blar.","_links":{"self":[{"href":"https:\/\/arantv.az\/index.php?rest_route=\/wp\/v2\/posts\/641318"}],"collection":[{"href":"https:\/\/arantv.az\/index.php?rest_route=\/wp\/v2\/posts"}],"about":[{"href":"https:\/\/arantv.az\/index.php?rest_route=\/wp\/v2\/types\/post"}],"author":[{"embeddable":true,"href":"https:\/\/arantv.az\/index.php?rest_route=\/wp\/v2\/users\/2"}],"replies":[{"embeddable":true,"href":"https:\/\/arantv.az\/index.php?rest_route=%2Fwp%2Fv2%2Fcomments&post=641318"}],"version-history":[{"count":0,"href":"https:\/\/arantv.az\/index.php?rest_route=\/wp\/v2\/posts\/641318\/revisions"}],"wp:featuredmedia":[{"embeddable":true,"href":"https:\/\/arantv.az\/index.php?rest_route=\/wp\/v2\/media\/641321"}],"wp:attachment":[{"href":"https:\/\/arantv.az\/index.php?rest_route=%2Fwp%2Fv2%2Fmedia&parent=641318"}],"wp:term":[{"taxonomy":"category","embeddable":true,"href":"https:\/\/arantv.az\/index.php?rest_route=%2Fwp%2Fv2%2Fcategories&post=641318"},{"taxonomy":"post_tag","embeddable":true,"href":"https:\/\/arantv.az\/index.php?rest_route=%2Fwp%2Fv2%2Ftags&post=641318"}],"curies":[{"name":"wp","href":"https:\/\/api.w.org\/{rel}","templated":true}]}}