{"id":641324,"date":"2023-10-04T15:21:50","date_gmt":"2023-10-04T11:21:50","guid":{"rendered":"https:\/\/arantv.az\/?p=641324"},"modified":"2023-10-04T15:21:50","modified_gmt":"2023-10-04T11:21:50","slug":"r%c9%99smi-baki-t%c9%99rk-silaha-razi-olan-minl%c9%99rl%c9%99-erm%c9%99nistan-h%c9%99rbcisi-s%c9%99rb%c9%99st-buraxilib","status":"publish","type":"post","link":"https:\/\/arantv.az\/?p=641324","title":{"rendered":"R\u0259smi Bak\u0131: \u201cT\u0259rk-silaha raz\u0131 olan minl\u0259rl\u0259 Erm\u0259nistan h\u0259rb\u00e7isi s\u0259rb\u0259st burax\u0131l\u0131b\u201d"},"content":{"rendered":"<p>\u201cErm\u0259nistan Xarici \u0130\u015fl\u0259r Nazirliyinin (X\u0130N) Erm\u0259nistan\u0131n Az\u0259rbaycana qar\u015f\u0131 t\u0259cav\u00fcz\u00fc v\u0259 i\u015f\u011fal\u0131 n\u0259tic\u0259sind\u0259 suveren \u0259razil\u0259rimizd\u0259 yaratd\u0131\u011f\u0131 qondarma separat\u00e7\u0131 rejimin \u00fczvl\u0259rinin Az\u0259rbaycan t\u0259r\u0259find\u0259n h\u0259bsin\u0259 etiraz olaraq 4 oktyabr tarixind\u0259 verdiyi b\u0259yanat\u0131 q\u0259tiyy\u0259tl\u0259 pisl\u0259yirik\u201d.<\/p>\n<p>Bu bar\u0259d\u0259 Az\u0259rbaycan Xarici \u0130\u015fl\u0259r Nazirliyinin b\u0259yanatda deyilir.<\/p>\n<p>\u201cS\u00f6z\u00fcged\u0259n b\u0259yanat Erm\u0259nistan\u0131n Az\u0259rbaycana qar\u015f\u0131 onillikl\u0259r \u0259rzind\u0259 y\u00fcr\u00fctd\u00fcy\u00fc t\u0259cav\u00fczkar siyas\u0259t v\u0259 \u0259m\u0259ll\u0259rd\u0259n \u0259l \u00e7\u0259km\u0259diyini n\u00fcmayi\u015f etdirir. Bu b\u0259yanat, h\u0259m\u00e7inin, h\u0259bsi h\u0259yata ke\u00e7irilmi\u015f \u015f\u0259xsl\u0259r t\u0259r\u0259find\u0259n t\u00f6r\u0259dilmi\u015f \u0259m\u0259ll\u0259r\u0259 b\u0259ra\u0259t qazand\u0131r\u0131lmas\u0131 c\u0259hdidir.<\/p>\n<p>Az\u0259rbaycana qar\u015f\u0131 t\u0259cav\u00fczd\u0259, separat\u00e7\u0131l\u0131\u011f\u0131n t\u0259\u015fviq edilm\u0259sind\u0259, terror \u0259m\u0259ll\u0259rind\u0259, \u0259sirlikd\u0259 olan h\u0259rbi qulluq\u00e7ular v\u0259 m\u00fclki \u015f\u0259xsl\u0259r\u0259 qar\u015f\u0131 s\u00fclh v\u0259 insanl\u0131q \u0259leyhin\u0259, m\u00fcharib\u0259 v\u0259 dig\u0259r a\u011f\u0131r cinay\u0259tl\u0259r t\u00f6r\u0259dilm\u0259si v\u0259 dig\u0259r faktlar \u00fczr\u0259 Az\u0259rbaycan Respublikas\u0131n\u0131n Cinay\u0259t M\u0259c\u0259ll\u0259sinin m\u00fcvafiq madd\u0259l\u0259ril\u0259 ba\u015flanm\u0131\u015f cinay\u0259t i\u015fi \u00e7\u0259r\u00e7iv\u0259sind\u0259 qeyd edil\u0259n \u015f\u0259xsl\u0259rin h\u0259bsi \u0259dal\u0259tin b\u0259rpas\u0131na xidm\u0259t edir v\u0259 bu add\u0131mlar\u0131n legitimliyinin \u015f\u00fcbh\u0259 alt\u0131na al\u0131nmas\u0131 q\u0259buledilm\u0259zdir.<\/p>\n<p>Qeyd edil\u0259nl\u0259rl\u0259 yana\u015f\u0131, t\u0259rk-silaha raz\u0131 olan minl\u0259rl\u0259 Erm\u0259nistan h\u0259rb\u00e7il\u0259rinin v\u0259 qanunsuz h\u0259rbi birl\u0259\u015fm\u0259l\u0259rin Az\u0259rbaycan t\u0259r\u0259find\u0259n humanist add\u0131m olaraq s\u0259rb\u0259st burax\u0131ld\u0131\u011f\u0131 v\u0259 he\u00e7 bir mane\u0259 olmadan Erm\u0259nistana getdiyi Erm\u0259nistan X\u0130N-\u0259 yax\u015f\u0131 m\u0259lumdur v\u0259 bu x\u00fcsusda Erm\u0259nistan\u0131n apard\u0131\u011f\u0131 saxta kampaniyan\u0131n he\u00e7 bir \u0259sas\u0131 yoxdur\u201d, &#8211; b\u0259yanatda vur\u011fulan\u0131r.<\/p>\n<p>X\u0130N-d\u0259n qeyd olunub ki, qar\u015f\u0131 t\u0259r\u0259fin Az\u0259rbaycan\u0131n Qaraba\u011f b\u00f6lg\u0259sind\u0259n k\u00f6n\u00fcll\u00fc \u0259sasda Erm\u0259nistana getmi\u015f erm\u0259ni sakinl\u0259rin \u00f6z ya\u015fay\u0131\u015f yerl\u0259rin\u0259 geri qay\u0131tmas\u0131n\u0131 t\u0259\u015fviq etm\u0259k \u0259v\u0259zin\u0259, onlar aras\u0131nda t\u0259\u015fvi\u015f yaratmaq v\u0259 Az\u0259rbaycana qar\u015f\u0131 irqi v\u0259 etnik nifr\u0259t a\u015f\u0131lamaq m\u0259qs\u0259di da\u015f\u0131yan bu b\u0259yanat\u0131 Erm\u0259nistan\u0131n s\u00fclh s\u0259yl\u0259rin\u0259 mane olan destruktiv f\u0259aliyy\u0259tinin t\u0259rkib hiss\u0259sidir:<\/p>\n<p>\u201cErm\u0259nistan\u0131n Beyn\u0259lxalq \u018fdal\u0259t M\u0259hk\u0259m\u0259sind\u0259 d\u00fc\u00e7ar oldu\u011fu u\u011fursuzluqlara r\u0259\u011fm\u0259n, yen\u0259 d\u0259 \u0259sass\u0131z olaraq v\u0259 beyn\u0259lxalq h\u00fcququn norma v\u0259 prinsipl\u0259rin\u0259 zidd \u015f\u0259kild\u0259 m\u0259hk\u0259m\u0259 qar\u015f\u0131s\u0131nda iddialar ir\u0259li s\u00fcrm\u0259kd\u0259 davam etm\u0259si bu \u00f6lk\u0259nin Az\u0259rbaycanla s\u00fclh v\u0259 normalla\u015fma prosesind\u0259 maraql\u0131 olmad\u0131\u011f\u0131n\u0131 n\u00fcmayi\u015f etdirir.<\/p>\n<p>Erm\u0259nistan\u0131n bu kimi f\u0259aliyy\u0259ti b\u00f6lg\u0259d\u0259 s\u00fclh\u00fcn, t\u0259hl\u00fck\u0259sizliyin v\u0259 \u0259dal\u0259tin b\u0259rq\u0259rar olmas\u0131na \u0259sas t\u0259hdid m\u0259nb\u0259yidir\u201d.<\/p>\n","protected":false},"excerpt":{"rendered":"<p>\u201cErm\u0259nistan Xarici \u0130\u015fl\u0259r Nazirliyinin (X\u0130N) Erm\u0259nistan\u0131n Az\u0259rbaycana qar\u015f\u0131 t\u0259cav\u00fcz\u00fc v\u0259 i\u015f\u011fal\u0131 n\u0259tic\u0259sind\u0259 suveren \u0259razil\u0259rimizd\u0259 yaratd\u0131\u011f\u0131 qondarma separat\u00e7\u0131 rejimin \u00fczvl\u0259rinin Az\u0259rbaycan t\u0259r\u0259find\u0259n h\u0259bsin\u0259 etiraz olaraq 4 oktyabr tarixind\u0259 verdiyi b\u0259yanat\u0131 q\u0259tiyy\u0259tl\u0259 pisl\u0259yirik\u201d. Bu bar\u0259d\u0259 Az\u0259rbaycan Xarici \u0130\u015fl\u0259r Nazirliyinin b\u0259yanatda deyilir. \u201cS\u00f6z\u00fcged\u0259n b\u0259yanat Erm\u0259nistan\u0131n Az\u0259rbaycana qar\u015f\u0131 onillikl\u0259r \u0259rzind\u0259 y\u00fcr\u00fctd\u00fcy\u00fc t\u0259cav\u00fczkar siyas\u0259t v\u0259 \u0259m\u0259ll\u0259rd\u0259n \u0259l \u00e7\u0259km\u0259diyini n\u00fcmayi\u015f etdirir. Bu b\u0259yanat, h\u0259m\u00e7inin, h\u0259bsi h\u0259yata ke\u00e7irilmi\u015f \u015f\u0259xsl\u0259r t\u0259r\u0259find\u0259n t\u00f6r\u0259dilmi\u015f \u0259m\u0259ll\u0259r\u0259 b\u0259ra\u0259t qazand\u0131r\u0131lmas\u0131 c\u0259hdidir. Az\u0259rbaycana qar\u015f\u0131 t\u0259cav\u00fczd\u0259, separat\u00e7\u0131l\u0131\u011f\u0131n t\u0259\u015fviq edilm\u0259sind\u0259, terror \u0259m\u0259ll\u0259rind\u0259, \u0259sirlikd\u0259 olan h\u0259rbi qulluq\u00e7ular v\u0259 m\u00fclki \u015f\u0259xsl\u0259r\u0259 qar\u015f\u0131 s\u00fclh v\u0259 insanl\u0131q \u0259leyhin\u0259, m\u00fcharib\u0259 v\u0259&hellip;<\/p>\n","protected":false},"author":2,"featured_media":557829,"comment_status":"closed","ping_status":"closed","sticky":false,"template":"","format":"standard","meta":{"om_disable_all_campaigns":false,"_monsterinsights_skip_tracking":false,"_monsterinsights_sitenote_active":false,"_monsterinsights_sitenote_note":"","_monsterinsights_sitenote_category":0},"categories":[4],"tags":[],"aioseo_notices":[],"gutentor_comment":0,"rttpg_featured_image_url":{"full":["https:\/\/arantv.az\/wp-content\/uploads\/2023\/01\/XIN.jpg",975,540,false],"landscape":["https:\/\/arantv.az\/wp-content\/uploads\/2023\/01\/XIN.jpg",975,540,false],"portraits":["https:\/\/arantv.az\/wp-content\/uploads\/2023\/01\/XIN.jpg",975,540,false],"thumbnail":["https:\/\/arantv.az\/wp-content\/uploads\/2023\/01\/XIN-500x280.jpg",500,280,true],"medium":["https:\/\/arantv.az\/wp-content\/uploads\/2023\/01\/XIN-660x365.jpg",660,365,true],"large":["https:\/\/arantv.az\/wp-content\/uploads\/2023\/01\/XIN-840x465.jpg",640,354,true],"1536x1536":["https:\/\/arantv.az\/wp-content\/uploads\/2023\/01\/XIN.jpg",975,540,false],"2048x2048":["https:\/\/arantv.az\/wp-content\/uploads\/2023\/01\/XIN.jpg",975,540,false],"post-thumbnail":["https:\/\/arantv.az\/wp-content\/uploads\/2023\/01\/XIN-240x172.jpg",240,172,true],"advps-thumb-one":["https:\/\/arantv.az\/wp-content\/uploads\/2023\/01\/XIN.jpg",975,540,false]},"rttpg_author":{"display_name":"V\u00fcsal Rafiqo\u011flu","author_link":"https:\/\/arantv.az\/?author=2"},"rttpg_comment":0,"rttpg_category":"<a href=\"https:\/\/arantv.az\/?cat=4\" rel=\"category\">Siyas\u0259t<\/a>","rttpg_excerpt":"\u201cErm\u0259nistan Xarici \u0130\u015fl\u0259r Nazirliyinin (X\u0130N) Erm\u0259nistan\u0131n Az\u0259rbaycana qar\u015f\u0131 t\u0259cav\u00fcz\u00fc v\u0259 i\u015f\u011fal\u0131 n\u0259tic\u0259sind\u0259 suveren \u0259razil\u0259rimizd\u0259 yaratd\u0131\u011f\u0131 qondarma separat\u00e7\u0131 rejimin \u00fczvl\u0259rinin Az\u0259rbaycan t\u0259r\u0259find\u0259n h\u0259bsin\u0259 etiraz olaraq 4 oktyabr tarixind\u0259 verdiyi b\u0259yanat\u0131 q\u0259tiyy\u0259tl\u0259 pisl\u0259yirik\u201d. Bu bar\u0259d\u0259 Az\u0259rbaycan Xarici \u0130\u015fl\u0259r Nazirliyinin b\u0259yanatda deyilir. \u201cS\u00f6z\u00fcged\u0259n b\u0259yanat Erm\u0259nistan\u0131n Az\u0259rbaycana qar\u015f\u0131 onillikl\u0259r \u0259rzind\u0259 y\u00fcr\u00fctd\u00fcy\u00fc t\u0259cav\u00fczkar siyas\u0259t v\u0259 \u0259m\u0259ll\u0259rd\u0259n \u0259l \u00e7\u0259km\u0259diyini n\u00fcmayi\u015f etdirir.&hellip;","_links":{"self":[{"href":"https:\/\/arantv.az\/index.php?rest_route=\/wp\/v2\/posts\/641324"}],"collection":[{"href":"https:\/\/arantv.az\/index.php?rest_route=\/wp\/v2\/posts"}],"about":[{"href":"https:\/\/arantv.az\/index.php?rest_route=\/wp\/v2\/types\/post"}],"author":[{"embeddable":true,"href":"https:\/\/arantv.az\/index.php?rest_route=\/wp\/v2\/users\/2"}],"replies":[{"embeddable":true,"href":"https:\/\/arantv.az\/index.php?rest_route=%2Fwp%2Fv2%2Fcomments&post=641324"}],"version-history":[{"count":0,"href":"https:\/\/arantv.az\/index.php?rest_route=\/wp\/v2\/posts\/641324\/revisions"}],"wp:featuredmedia":[{"embeddable":true,"href":"https:\/\/arantv.az\/index.php?rest_route=\/wp\/v2\/media\/557829"}],"wp:attachment":[{"href":"https:\/\/arantv.az\/index.php?rest_route=%2Fwp%2Fv2%2Fmedia&parent=641324"}],"wp:term":[{"taxonomy":"category","embeddable":true,"href":"https:\/\/arantv.az\/index.php?rest_route=%2Fwp%2Fv2%2Fcategories&post=641324"},{"taxonomy":"post_tag","embeddable":true,"href":"https:\/\/arantv.az\/index.php?rest_route=%2Fwp%2Fv2%2Ftags&post=641324"}],"curies":[{"name":"wp","href":"https:\/\/api.w.org\/{rel}","templated":true}]}}