{"id":641327,"date":"2023-10-04T15:22:15","date_gmt":"2023-10-04T11:22:15","guid":{"rendered":"https:\/\/arantv.az\/?p=641327"},"modified":"2023-10-04T15:22:15","modified_gmt":"2023-10-04T11:22:15","slug":"piyadalar-yolda-masinlar-s%c9%99kid%c9%99-28-may-%c9%99trafinda-g%c9%99zinti-video","status":"publish","type":"post","link":"https:\/\/arantv.az\/?p=641327","title":{"rendered":"Piyadalar yolda, ma\u015f\u0131nlar s\u0259kid\u0259: \u201c28 May\u201d \u0259traf\u0131nda g\u0259zinti &#8211; V\u0130DEO"},"content":{"rendered":"<article class=\"news\">\n<div class=\"news-inner\">\n<p>\u201cHe\u00e7 kim \u00fc\u00e7\u00fcn sirr deyil ki, Bak\u0131 \u015f\u0259h\u0259rinin k\u00fc\u00e7\u0259l\u0259ri piyadalar \u00fc\u00e7\u00fcn \u00e7ox \u0259lveri\u015fsizdir. Biz yollar\u0131 geni\u015fl\u0259ndiririk, avtomobill\u0259r \u00fc\u00e7\u00fcn \u00f6d\u0259ni\u015fli parkinq yerl\u0259ri yarad\u0131r\u0131q, lakin \u015f\u0259h\u0259r sakinl\u0259ri \u00e7ox vaxt piyada g\u0259zm\u0259k \u00fc\u00e7\u00fcn s\u0259ki tapa bilmirl\u0259r, laz\u0131m olan yerl\u0259rd\u0259 is\u0259 piyada ke\u00e7idl\u0259ri m\u00f6vcud deyil\u201d.<\/p>\n<p>Bu s\u00f6zl\u0259ri bloqer Anar \u018fliyev Bak\u0131 \u015f\u0259h\u0259rinin piyadalar \u00fc\u00e7\u00fcn \u0259lveri\u015fsiz k\u00fc\u00e7\u0259l\u0259ri haqq\u0131nda haz\u0131rlad\u0131\u011f\u0131 n\u00f6vb\u0259ti material\u0131nda qeyd edir.<\/p>\n<p>O, yeni videoda metronun \u201c28 May\u201d stansiyas\u0131 v\u0259 D\u0259miryolu va\u011fzal\u0131 \u0259traf\u0131ndak\u0131 k\u00fc\u00e7\u0259l\u0259rd\u0259 g\u0259zi\u015fib, buran\u0131n v\u0259ziyy\u0259tini payla\u015f\u0131b.<\/p>\n<p>Anar \u018fliyev qeyd edib ki, probleml\u0259ri i\u015f\u0131qland\u0131rmaqda m\u0259qs\u0259di onlar\u0131 m\u00fcvafiq qurumlar\u0131n g\u00f6rm\u0259si, paytaxt\u0131n insany\u00f6n\u00fcml\u00fc \u015f\u0259h\u0259r\u0259 \u00e7evrilm\u0259si istiqam\u0259tind\u0259 inki\u015faf\u0131na t\u00f6hf\u0259 verm\u0259kdir.<\/p>\n<p>Daha \u0259trafl\u0131 videoda:<\/p>\n<div><iframe loading=\"lazy\" title=\"YouTube video player\" src=\"https:\/\/www.youtube.com\/embed\/CyYBkFchMvU?si=kp6cDvq--2HJuEY9\" width=\"560\" height=\"315\" frameborder=\"0\" allowfullscreen=\"allowfullscreen\" data-mce-fragment=\"1\"><\/iframe><\/div>\n<\/div>\n<\/article>\n","protected":false},"excerpt":{"rendered":"<p>\u201cHe\u00e7 kim \u00fc\u00e7\u00fcn sirr deyil ki, Bak\u0131 \u015f\u0259h\u0259rinin k\u00fc\u00e7\u0259l\u0259ri piyadalar \u00fc\u00e7\u00fcn \u00e7ox \u0259lveri\u015fsizdir. Biz yollar\u0131 geni\u015fl\u0259ndiririk, avtomobill\u0259r \u00fc\u00e7\u00fcn \u00f6d\u0259ni\u015fli parkinq yerl\u0259ri yarad\u0131r\u0131q, lakin \u015f\u0259h\u0259r sakinl\u0259ri \u00e7ox vaxt piyada g\u0259zm\u0259k \u00fc\u00e7\u00fcn s\u0259ki tapa bilmirl\u0259r, laz\u0131m olan yerl\u0259rd\u0259 is\u0259 piyada ke\u00e7idl\u0259ri m\u00f6vcud deyil\u201d. Bu s\u00f6zl\u0259ri bloqer Anar \u018fliyev Bak\u0131 \u015f\u0259h\u0259rinin piyadalar \u00fc\u00e7\u00fcn \u0259lveri\u015fsiz k\u00fc\u00e7\u0259l\u0259ri haqq\u0131nda haz\u0131rlad\u0131\u011f\u0131 n\u00f6vb\u0259ti material\u0131nda qeyd edir. O, yeni videoda metronun \u201c28 May\u201d stansiyas\u0131 v\u0259 D\u0259miryolu va\u011fzal\u0131 \u0259traf\u0131ndak\u0131 k\u00fc\u00e7\u0259l\u0259rd\u0259 g\u0259zi\u015fib, buran\u0131n v\u0259ziyy\u0259tini payla\u015f\u0131b. Anar \u018fliyev qeyd edib ki, probleml\u0259ri i\u015f\u0131qland\u0131rmaqda m\u0259qs\u0259di onlar\u0131 m\u00fcvafiq qurumlar\u0131n g\u00f6rm\u0259si, paytaxt\u0131n insany\u00f6n\u00fcml\u00fc \u015f\u0259h\u0259r\u0259 \u00e7evrilm\u0259si&hellip;<\/p>\n","protected":false},"author":2,"featured_media":641329,"comment_status":"closed","ping_status":"closed","sticky":false,"template":"","format":"standard","meta":{"om_disable_all_campaigns":false,"_monsterinsights_skip_tracking":false,"_monsterinsights_sitenote_active":false,"_monsterinsights_sitenote_note":"","_monsterinsights_sitenote_category":0},"categories":[19],"tags":[],"aioseo_notices":[],"gutentor_comment":0,"rttpg_featured_image_url":{"full":["https:\/\/arantv.az\/wp-content\/uploads\/2023\/10\/FotoJet-2-5.jpg",620,413,false],"landscape":["https:\/\/arantv.az\/wp-content\/uploads\/2023\/10\/FotoJet-2-5.jpg",620,413,false],"portraits":["https:\/\/arantv.az\/wp-content\/uploads\/2023\/10\/FotoJet-2-5.jpg",620,413,false],"thumbnail":["https:\/\/arantv.az\/wp-content\/uploads\/2023\/10\/FotoJet-2-5-500x280.jpg",500,280,true],"medium":["https:\/\/arantv.az\/wp-content\/uploads\/2023\/10\/FotoJet-2-5-548x365.jpg",548,365,true],"large":["https:\/\/arantv.az\/wp-content\/uploads\/2023\/10\/FotoJet-2-5.jpg",620,413,false],"1536x1536":["https:\/\/arantv.az\/wp-content\/uploads\/2023\/10\/FotoJet-2-5.jpg",620,413,false],"2048x2048":["https:\/\/arantv.az\/wp-content\/uploads\/2023\/10\/FotoJet-2-5.jpg",620,413,false],"post-thumbnail":["https:\/\/arantv.az\/wp-content\/uploads\/2023\/10\/FotoJet-2-5-240x172.jpg",240,172,true],"advps-thumb-one":["https:\/\/arantv.az\/wp-content\/uploads\/2023\/10\/FotoJet-2-5.jpg",620,413,false]},"rttpg_author":{"display_name":"V\u00fcsal Rafiqo\u011flu","author_link":"https:\/\/arantv.az\/?author=2"},"rttpg_comment":0,"rttpg_category":"<a href=\"https:\/\/arantv.az\/?cat=19\" rel=\"category\">G\u00fcnd\u0259m<\/a>","rttpg_excerpt":"\u201cHe\u00e7 kim \u00fc\u00e7\u00fcn sirr deyil ki, Bak\u0131 \u015f\u0259h\u0259rinin k\u00fc\u00e7\u0259l\u0259ri piyadalar \u00fc\u00e7\u00fcn \u00e7ox \u0259lveri\u015fsizdir. Biz yollar\u0131 geni\u015fl\u0259ndiririk, avtomobill\u0259r \u00fc\u00e7\u00fcn \u00f6d\u0259ni\u015fli parkinq yerl\u0259ri yarad\u0131r\u0131q, lakin \u015f\u0259h\u0259r sakinl\u0259ri \u00e7ox vaxt piyada g\u0259zm\u0259k \u00fc\u00e7\u00fcn s\u0259ki tapa bilmirl\u0259r, laz\u0131m olan yerl\u0259rd\u0259 is\u0259 piyada ke\u00e7idl\u0259ri m\u00f6vcud deyil\u201d. Bu s\u00f6zl\u0259ri bloqer Anar \u018fliyev Bak\u0131 \u015f\u0259h\u0259rinin piyadalar \u00fc\u00e7\u00fcn \u0259lveri\u015fsiz k\u00fc\u00e7\u0259l\u0259ri haqq\u0131nda haz\u0131rlad\u0131\u011f\u0131 n\u00f6vb\u0259ti&hellip;","_links":{"self":[{"href":"https:\/\/arantv.az\/index.php?rest_route=\/wp\/v2\/posts\/641327"}],"collection":[{"href":"https:\/\/arantv.az\/index.php?rest_route=\/wp\/v2\/posts"}],"about":[{"href":"https:\/\/arantv.az\/index.php?rest_route=\/wp\/v2\/types\/post"}],"author":[{"embeddable":true,"href":"https:\/\/arantv.az\/index.php?rest_route=\/wp\/v2\/users\/2"}],"replies":[{"embeddable":true,"href":"https:\/\/arantv.az\/index.php?rest_route=%2Fwp%2Fv2%2Fcomments&post=641327"}],"version-history":[{"count":0,"href":"https:\/\/arantv.az\/index.php?rest_route=\/wp\/v2\/posts\/641327\/revisions"}],"wp:featuredmedia":[{"embeddable":true,"href":"https:\/\/arantv.az\/index.php?rest_route=\/wp\/v2\/media\/641329"}],"wp:attachment":[{"href":"https:\/\/arantv.az\/index.php?rest_route=%2Fwp%2Fv2%2Fmedia&parent=641327"}],"wp:term":[{"taxonomy":"category","embeddable":true,"href":"https:\/\/arantv.az\/index.php?rest_route=%2Fwp%2Fv2%2Fcategories&post=641327"},{"taxonomy":"post_tag","embeddable":true,"href":"https:\/\/arantv.az\/index.php?rest_route=%2Fwp%2Fv2%2Ftags&post=641327"}],"curies":[{"name":"wp","href":"https:\/\/api.w.org\/{rel}","templated":true}]}}