{"id":641332,"date":"2023-10-04T15:23:52","date_gmt":"2023-10-04T11:23:52","guid":{"rendered":"https:\/\/arantv.az\/?p=641332"},"modified":"2023-10-04T15:23:52","modified_gmt":"2023-10-04T11:23:52","slug":"i-qarabag-muharib%c9%99sind%c9%99-itkin-dus%c9%99n-veys%c9%99l-qasimovun-doyus-yoldasi-son-gull%c9%99sin%c9%99-kimi-doyusdu","status":"publish","type":"post","link":"https:\/\/arantv.az\/?p=641332","title":{"rendered":"I Qaraba\u011f m\u00fcharib\u0259sind\u0259 itkin d\u00fc\u015f\u0259n Veys\u0259l Qas\u0131movun d\u00f6y\u00fc\u015f yolda\u015f\u0131: \u201cSon g\u00fcll\u0259sin\u0259 kimi d\u00f6y\u00fc\u015fd\u00fc\u201d"},"content":{"rendered":"<p>\u201cVeys\u0259l Qas\u0131mov Da\u015falt\u0131 \u0259m\u0259liyyat\u0131nda son g\u00fcll\u0259sin\u0259 kimi d\u00f6y\u00fc\u015f\u0259r\u0259k \u015f\u0259hidlik zirv\u0259sin\u0259 ucald\u0131\u201d.<\/p>\n<p>\u201cReport\u201d x\u0259b\u0259r verir ki, bunu Birinci Qaraba\u011f d\u00f6y\u00fc\u015fl\u0259rind\u0259 itkin d\u00fc\u015f\u0259n, 31 ild\u0259n sonra meyitinin qal\u0131qlar\u0131 tap\u0131lan Veys\u0259l Qas\u0131movun d\u00f6y\u00fc\u015f yolda\u015f\u0131 \u0130lyas \u0130smay\u0131lov deyib.<\/p>\n<p>O, \u015f\u0259hidimizl\u0259 1992-ci ilin \u0259vv\u0259lind\u0259 tan\u0131\u015f oldu\u011funu bildirib:<\/p>\n<p>\u201cVeys\u0259l bizim h\u0259rbi hiss\u0259y\u0259 k\u00f6n\u00fcll\u00fc g\u0259lmi\u015fdi. 1992-ci il yanvar\u0131n 20-d\u0259 m\u00fcdafi\u0259 nazirinin \u0259mri il\u0259 \u0259vv\u0259lc\u0259 helikopterl\u0259 F\u00fczuliy\u0259 u\u00e7duq, bir g\u00fcn sonra is\u0259 \u015eu\u015faya yolland\u0131q. O vaxt qrup komandiri idim. Biz qrupda 11 n\u0259f\u0259r idik, d\u00f6y\u00fc\u015fd\u0259 iki n\u0259f\u0259rimiz travma ald\u0131. Biz\u0259 \u0259lav\u0259 iki n\u0259f\u0259r &#8211; Andrey adl\u0131 snayper v\u0259 Elmar M\u0259mm\u0259dovu verdil\u0259r. Milli Q\u0259hr\u0259man Riad \u018fhm\u0259dovu biz\u0259 ba\u015f komandir t\u0259yin etdil\u0259r.<\/p>\n<p>Yanvar\u0131n 25-d\u0259 Da\u015falt\u0131 k\u0259ndind\u0259 \u0259m\u0259liyyat aparmaq \u00fc\u00e7\u00fcn \u0259mr ald\u0131q. Tap\u015f\u0131r\u0131q ondan ibar\u0259t idi ki, \u015eu\u015fak\u0259ndd\u0259n Da\u015falt\u0131ya g\u0259l\u0259n d\u00fc\u015fm\u0259n q\u00fcvv\u0259sinin qar\u015f\u0131s\u0131n\u0131 alaq. Veys\u0259l idman\u00e7\u0131, eyni zamanda, qorxmaz igidl\u0259rimizd\u0259n biri idi. O, bu d\u00f6y\u00fc\u015fl\u0259rd\u0259 son g\u00fcll\u0259sin\u0259 kimi vuru\u015fdu. Lakin d\u00fc\u015fm\u0259nin pusqusuna d\u00fc\u015fm\u0259yimiz b\u00fct\u00fcn \u0259m\u0259liyyat plan\u0131m\u0131z\u0131 pozdu. Veys\u0259l ki\u00e7ik bir a\u011fac\u0131n yan\u0131nda sin\u0259sind\u0259n ald\u0131\u011f\u0131 g\u00fcll\u0259d\u0259n \u015f\u0259hidlik zirv\u0259sin\u0259 ucald\u0131. D\u00f6y\u00fc\u015f yolda\u015f\u0131m\u0131n meyit qal\u0131qlar\u0131n\u0131n tap\u0131lmas\u0131 x\u0259b\u0259rini e\u015fid\u0259nd\u0259 sevincimd\u0259n a\u011flad\u0131m. \u00c7\u00fcnki onunla xatir\u0259l\u0259rimiz \u00e7oxdur. \u00d6vladlar\u0131 Veys\u0259ll\u0259 f\u0259xr etm\u0259lidirl\u0259r. Bu c\u00fcr o\u011flanlar m\u0259kt\u0259bl\u0259rimizd\u0259 daha \u00e7ox t\u0259bli\u011f olunmal\u0131d\u0131rlar ki, \u00f6vladlar\u0131m\u0131z v\u0259t\u0259np\u0259rv\u0259r ruhda b\u00f6y\u00fcs\u00fcnl\u0259r\u201d.<\/p>\n<p>Qeyd ed\u0259k ki, Veys\u0259l Qas\u0131mov 1963-c\u00fc ild\u0259 Bak\u0131 \u015f\u0259h\u0259rind\u0259 anadan olub. 29 sayl\u0131 tam orta m\u0259kt\u0259bin m\u0259zunu olduqdan sonra k\u00f6n\u00fcll\u00fc ordu s\u0131ralar\u0131na yaz\u0131l\u0131b.<\/p>\n<p>1992-ci ild\u0259 \u015eu\u015fa d\u00f6y\u00fc\u015fl\u0259rinin i\u015ftirak\u00e7\u0131s\u0131 olub. Da\u015falt\u0131 \u0259m\u0259liyyat\u0131nda d\u00f6y\u00fc\u015f\u00fcb v\u0259 itkin d\u00fc\u015f\u00fcb.<\/p>\n<p>Birinci Qaraba\u011f m\u00fcharib\u0259sind\u0259 itkin d\u00fc\u015fm\u00fc\u015f v\u0259 \u015f\u0259xsiyy\u0259tl\u0259ri m\u00fc\u0259yy\u0259n edilmi\u015f daha 10 n\u0259f\u0259rin \u00f6t\u0259n ay meyit qal\u0131qlar\u0131n\u0131n eynil\u0259\u015fdirilm\u0259sin\u0259 nail olunub. Onlardan biri d\u0259 \u015f\u0259hid Veys\u0259l Qas\u0131movdur.<\/p>\n","protected":false},"excerpt":{"rendered":"<p>\u201cVeys\u0259l Qas\u0131mov Da\u015falt\u0131 \u0259m\u0259liyyat\u0131nda son g\u00fcll\u0259sin\u0259 kimi d\u00f6y\u00fc\u015f\u0259r\u0259k \u015f\u0259hidlik zirv\u0259sin\u0259 ucald\u0131\u201d. \u201cReport\u201d x\u0259b\u0259r verir ki, bunu Birinci Qaraba\u011f d\u00f6y\u00fc\u015fl\u0259rind\u0259 itkin d\u00fc\u015f\u0259n, 31 ild\u0259n sonra meyitinin qal\u0131qlar\u0131 tap\u0131lan Veys\u0259l Qas\u0131movun d\u00f6y\u00fc\u015f yolda\u015f\u0131 \u0130lyas \u0130smay\u0131lov deyib. O, \u015f\u0259hidimizl\u0259 1992-ci ilin \u0259vv\u0259lind\u0259 tan\u0131\u015f oldu\u011funu bildirib: \u201cVeys\u0259l bizim h\u0259rbi hiss\u0259y\u0259 k\u00f6n\u00fcll\u00fc g\u0259lmi\u015fdi. 1992-ci il yanvar\u0131n 20-d\u0259 m\u00fcdafi\u0259 nazirinin \u0259mri il\u0259 \u0259vv\u0259lc\u0259 helikopterl\u0259 F\u00fczuliy\u0259 u\u00e7duq, bir g\u00fcn sonra is\u0259 \u015eu\u015faya yolland\u0131q. O vaxt qrup komandiri idim. Biz qrupda 11 n\u0259f\u0259r idik, d\u00f6y\u00fc\u015fd\u0259 iki n\u0259f\u0259rimiz travma ald\u0131. Biz\u0259 \u0259lav\u0259 iki n\u0259f\u0259r &#8211; Andrey adl\u0131 snayper v\u0259&hellip;<\/p>\n","protected":false},"author":2,"featured_media":641335,"comment_status":"closed","ping_status":"closed","sticky":false,"template":"","format":"standard","meta":{"om_disable_all_campaigns":false,"_monsterinsights_skip_tracking":false,"_monsterinsights_sitenote_active":false,"_monsterinsights_sitenote_note":"","_monsterinsights_sitenote_category":0},"categories":[1],"tags":[],"aioseo_notices":[],"gutentor_comment":0,"rttpg_featured_image_url":{"full":["https:\/\/arantv.az\/wp-content\/uploads\/2023\/10\/f50e3d36-1c3c-3cb8-a4f9-efbd29c9f95a_850.jpg",620,413,false],"landscape":["https:\/\/arantv.az\/wp-content\/uploads\/2023\/10\/f50e3d36-1c3c-3cb8-a4f9-efbd29c9f95a_850.jpg",620,413,false],"portraits":["https:\/\/arantv.az\/wp-content\/uploads\/2023\/10\/f50e3d36-1c3c-3cb8-a4f9-efbd29c9f95a_850.jpg",620,413,false],"thumbnail":["https:\/\/arantv.az\/wp-content\/uploads\/2023\/10\/f50e3d36-1c3c-3cb8-a4f9-efbd29c9f95a_850-500x280.jpg",500,280,true],"medium":["https:\/\/arantv.az\/wp-content\/uploads\/2023\/10\/f50e3d36-1c3c-3cb8-a4f9-efbd29c9f95a_850-548x365.jpg",548,365,true],"large":["https:\/\/arantv.az\/wp-content\/uploads\/2023\/10\/f50e3d36-1c3c-3cb8-a4f9-efbd29c9f95a_850.jpg",620,413,false],"1536x1536":["https:\/\/arantv.az\/wp-content\/uploads\/2023\/10\/f50e3d36-1c3c-3cb8-a4f9-efbd29c9f95a_850.jpg",620,413,false],"2048x2048":["https:\/\/arantv.az\/wp-content\/uploads\/2023\/10\/f50e3d36-1c3c-3cb8-a4f9-efbd29c9f95a_850.jpg",620,413,false],"post-thumbnail":["https:\/\/arantv.az\/wp-content\/uploads\/2023\/10\/f50e3d36-1c3c-3cb8-a4f9-efbd29c9f95a_850-240x172.jpg",240,172,true],"advps-thumb-one":["https:\/\/arantv.az\/wp-content\/uploads\/2023\/10\/f50e3d36-1c3c-3cb8-a4f9-efbd29c9f95a_850.jpg",620,413,false]},"rttpg_author":{"display_name":"V\u00fcsal Rafiqo\u011flu","author_link":"https:\/\/arantv.az\/?author=2"},"rttpg_comment":0,"rttpg_category":"<a href=\"https:\/\/arantv.az\/?cat=1\" rel=\"category\">C\u0259miyy\u0259t<\/a>","rttpg_excerpt":"\u201cVeys\u0259l Qas\u0131mov Da\u015falt\u0131 \u0259m\u0259liyyat\u0131nda son g\u00fcll\u0259sin\u0259 kimi d\u00f6y\u00fc\u015f\u0259r\u0259k \u015f\u0259hidlik zirv\u0259sin\u0259 ucald\u0131\u201d. \u201cReport\u201d x\u0259b\u0259r verir ki, bunu Birinci Qaraba\u011f d\u00f6y\u00fc\u015fl\u0259rind\u0259 itkin d\u00fc\u015f\u0259n, 31 ild\u0259n sonra meyitinin qal\u0131qlar\u0131 tap\u0131lan Veys\u0259l Qas\u0131movun d\u00f6y\u00fc\u015f yolda\u015f\u0131 \u0130lyas \u0130smay\u0131lov deyib. O, \u015f\u0259hidimizl\u0259 1992-ci ilin \u0259vv\u0259lind\u0259 tan\u0131\u015f oldu\u011funu bildirib: \u201cVeys\u0259l bizim h\u0259rbi hiss\u0259y\u0259 k\u00f6n\u00fcll\u00fc g\u0259lmi\u015fdi. 1992-ci il yanvar\u0131n 20-d\u0259 m\u00fcdafi\u0259 nazirinin \u0259mri&hellip;","_links":{"self":[{"href":"https:\/\/arantv.az\/index.php?rest_route=\/wp\/v2\/posts\/641332"}],"collection":[{"href":"https:\/\/arantv.az\/index.php?rest_route=\/wp\/v2\/posts"}],"about":[{"href":"https:\/\/arantv.az\/index.php?rest_route=\/wp\/v2\/types\/post"}],"author":[{"embeddable":true,"href":"https:\/\/arantv.az\/index.php?rest_route=\/wp\/v2\/users\/2"}],"replies":[{"embeddable":true,"href":"https:\/\/arantv.az\/index.php?rest_route=%2Fwp%2Fv2%2Fcomments&post=641332"}],"version-history":[{"count":0,"href":"https:\/\/arantv.az\/index.php?rest_route=\/wp\/v2\/posts\/641332\/revisions"}],"wp:featuredmedia":[{"embeddable":true,"href":"https:\/\/arantv.az\/index.php?rest_route=\/wp\/v2\/media\/641335"}],"wp:attachment":[{"href":"https:\/\/arantv.az\/index.php?rest_route=%2Fwp%2Fv2%2Fmedia&parent=641332"}],"wp:term":[{"taxonomy":"category","embeddable":true,"href":"https:\/\/arantv.az\/index.php?rest_route=%2Fwp%2Fv2%2Fcategories&post=641332"},{"taxonomy":"post_tag","embeddable":true,"href":"https:\/\/arantv.az\/index.php?rest_route=%2Fwp%2Fv2%2Ftags&post=641332"}],"curies":[{"name":"wp","href":"https:\/\/api.w.org\/{rel}","templated":true}]}}