{"id":641345,"date":"2023-10-04T15:41:39","date_gmt":"2023-10-04T11:41:39","guid":{"rendered":"https:\/\/arantv.az\/?p=641345"},"modified":"2023-10-04T15:41:39","modified_gmt":"2023-10-04T11:41:39","slug":"g%c9%99nc-is-adami-elnur-badalov-kimdir","status":"publish","type":"post","link":"https:\/\/arantv.az\/?p=641345","title":{"rendered":"G\u0259nc i\u015f adam\u0131 Elnur Badalov kimdir?"},"content":{"rendered":"<p>Elnur Yusub o\u011flu Badalov G\u00fcrc\u00fcstan Respublikas\u0131n\u0131n Bolnisi rayonunda anadan olmu\u015fdur. Bak\u0131 \u015f\u0259h\u0259rind\u0259 m\u0259kt\u0259bi bitirdikd\u0259n sonra 2012-ci ild\u0259 \u201cX\u0259z\u0259r Universiteti\u201dn\u0259 daxil olub, Universitetin F\u0259xri t\u0259qa\u00fcd\u00fc il\u0259 t\u0259hsil alm\u0131\u015f, iqtisadiyyat v\u0259 menecment fak\u00fclt\u0259sini iqtisad\u00e7\u0131-maliyy\u0259\u00e7i ixtisas\u0131 \u00fczr\u0259 f\u0259rql\u0259nm\u0259 il\u0259 bitirib.<\/p>\n<p>Elnur Badalov pe\u015f\u0259kar i\u015f h\u0259yat\u0131na ilk d\u0259f\u0259 (2016-2017-ci ill\u0259rd\u0259) \u201cBaker Tilly\u201d beyn\u0259lxalq audit v\u0259 konsaltinq \u015firk\u0259tl\u0259ri \u015f\u0259b\u0259k\u0259sinin Az\u0259rbaycandak\u0131 filial\u0131nda maliyy\u0259 xidm\u0259tl\u0259ri \u00fczr\u0259 m\u0259sl\u0259h\u0259t\u00e7i v\u0259zif\u0259si il\u0259 ba\u015flay\u0131b. O, 2017-ci ild\u0259 h\u0259min \u015firk\u0259td\u0259 u\u011furlu f\u0259aliyy\u0259tin\u0259 g\u00f6r\u0259 \u201c\u0130lin i\u015f\u00e7isi\u201d olaraq m\u00fckafatland\u0131r\u0131l\u0131b.<\/p>\n<p>Akademik f\u0259aliyy\u0259tin\u0259 2017-ci ild\u0259 \u201cBarattson\u201d beyn\u0259lxalq t\u0259dris m\u0259rk\u0259zinin Az\u0259rbaycandak\u0131 filial\u0131nda ba\u015flayan c\u0259nab Badalov Chartered Financial Analyst (CFA) proqram\u0131 \u00fczr\u0259 t\u0259lim\u00e7i-m\u00fc\u0259llim kimi f\u0259aliyy\u0259t\u0259 ba\u015flay\u0131b. O, akademik f\u0259aliyy\u0259tini 2020-ci ild\u0259n etibar\u0259n \u201cBRIDGE Academy\u201d T\u0259lim M\u0259rk\u0259zind\u0259 davam etdirib. Beyn\u0259lxalq CFA<sup>\u00ae<\/sup>\u00a0Sertifikat\u0131na malik olan c\u0259nab Badalovun 2017-ci ild\u0259n bu g\u00fcn\u0259d\u0259k akademik f\u0259aliyy\u0259ti boyunca 250-d\u0259n \u00e7ox t\u0259l\u0259b\u0259si olub.<\/p>\n<p>Eyni d\u00f6vrd\u0259 (2017-2020-ci ill\u0259rd\u0259), c\u0259nab Badalov \u201cPA\u015eA \u0130nvestments\u201d M\u0259hdud M\u0259suliyy\u0259tli C\u0259miyy\u0259tind\u0259 investisiya analitiki, ba\u015f investisiya analitiki, investisiya \u00fczr\u0259 ki\u00e7ik menecer kimi m\u00fcxt\u0259lif v\u0259zif\u0259l\u0259rd\u0259 \u00e7al\u0131\u015f\u0131b.<\/p>\n<p>2020-2022-ci ill\u0259r \u0259rzind\u0259 \u201cAz\u0259rbaycan \u0130nvestisiya Holdinqi\u201dnd\u0259 ba\u015f strategiya m\u00fct\u0259x\u0259ssisi, Strategiya v\u0259 portfelin idar\u0259edilm\u0259si \u015f\u00f6b\u0259sinin m\u00fcdiri, Kommunal xidm\u0259tl\u0259r portfelinin r\u0259hb\u0259ri kimi m\u00fcxt\u0259lif v\u0259zif\u0259l\u0259rd\u0259 \u00e7al\u0131\u015fan E.Badalov sonuncu t\u0259yinat\u0131ndan \u00f6nc\u0259 y\u0259ni, 2022-ci ilin aprel ay\u0131ndan noyabr ay\u0131nad\u0259k \u201cT\u0259miz \u015e\u0259h\u0259r\u201d ASC-d\u0259 Strategiya v\u0259 \u0130nvestisiya Komit\u0259sinin \u00fczv\u00fc v\u0259zif\u0259sind\u0259 d\u0259 i\u015fl\u0259yib.<\/p>\n<p>Pe\u015f\u0259kar \u0259m\u0259k f\u0259aliyy\u0259ti \u0259rzind\u0259 o, 5-d\u0259n \u00e7ox investisiya s\u00f6vd\u0259l\u0259\u015fm\u0259sind\u0259 i\u015ftirak etmi\u015f, bir ne\u00e7\u0259 d\u00f6vl\u0259t \u015firk\u0259tind\u0259 transformasiya ofisl\u0259rinin formala\u015fd\u0131r\u0131lmas\u0131nda, habel\u0259 bir s\u0131ra \u015firk\u0259tl\u0259rin beyn\u0259lxalq geni\u015fl\u0259nm\u0259 strategiyalar\u0131n\u0131n haz\u0131rlanmas\u0131nda, problemli aktivl\u0259rin maliyy\u0259 dayan\u0131ql\u0131l\u0131\u011f\u0131n\u0131n art\u0131r\u0131lmas\u0131nda aktiv rol oynay\u0131b.<\/p>\n<p>Elnur Badalov 2023-c\u00fc ilin fevral ay\u0131ndan etibar\u0259n is\u0259 \u201cZ\u0259hm\u0259t Ruzi\u201d MMC-d\u0259 (SAB) Ba\u015f icra\u00e7\u0131 direktor v\u0259zif\u0259sin\u0259 t\u0259yinat al\u0131b.<\/p>\n<p>Qeyd ed\u0259k ki, c\u0259nab Badalov ingilis v\u0259 t\u00fcrk dill\u0259rini bilir. Ail\u0259lidir.<\/p>\n","protected":false},"excerpt":{"rendered":"<p>Elnur Yusub o\u011flu Badalov G\u00fcrc\u00fcstan Respublikas\u0131n\u0131n Bolnisi rayonunda anadan olmu\u015fdur. Bak\u0131 \u015f\u0259h\u0259rind\u0259 m\u0259kt\u0259bi bitirdikd\u0259n sonra 2012-ci ild\u0259 \u201cX\u0259z\u0259r Universiteti\u201dn\u0259 daxil olub, Universitetin F\u0259xri t\u0259qa\u00fcd\u00fc il\u0259 t\u0259hsil alm\u0131\u015f, iqtisadiyyat v\u0259 menecment fak\u00fclt\u0259sini iqtisad\u00e7\u0131-maliyy\u0259\u00e7i ixtisas\u0131 \u00fczr\u0259 f\u0259rql\u0259nm\u0259 il\u0259 bitirib. Elnur Badalov pe\u015f\u0259kar i\u015f h\u0259yat\u0131na ilk d\u0259f\u0259 (2016-2017-ci ill\u0259rd\u0259) \u201cBaker Tilly\u201d beyn\u0259lxalq audit v\u0259 konsaltinq \u015firk\u0259tl\u0259ri \u015f\u0259b\u0259k\u0259sinin Az\u0259rbaycandak\u0131 filial\u0131nda maliyy\u0259 xidm\u0259tl\u0259ri \u00fczr\u0259 m\u0259sl\u0259h\u0259t\u00e7i v\u0259zif\u0259si il\u0259 ba\u015flay\u0131b. O, 2017-ci ild\u0259 h\u0259min \u015firk\u0259td\u0259 u\u011furlu f\u0259aliyy\u0259tin\u0259 g\u00f6r\u0259 \u201c\u0130lin i\u015f\u00e7isi\u201d olaraq m\u00fckafatland\u0131r\u0131l\u0131b. Akademik f\u0259aliyy\u0259tin\u0259 2017-ci ild\u0259 \u201cBarattson\u201d beyn\u0259lxalq t\u0259dris m\u0259rk\u0259zinin Az\u0259rbaycandak\u0131 filial\u0131nda ba\u015flayan c\u0259nab Badalov Chartered Financial&hellip;<\/p>\n","protected":false},"author":2,"featured_media":641346,"comment_status":"closed","ping_status":"closed","sticky":false,"template":"","format":"standard","meta":{"om_disable_all_campaigns":false,"_monsterinsights_skip_tracking":false,"_monsterinsights_sitenote_active":false,"_monsterinsights_sitenote_note":"","_monsterinsights_sitenote_category":0},"categories":[19],"tags":[],"aioseo_notices":[],"gutentor_comment":0,"rttpg_featured_image_url":{"full":["https:\/\/arantv.az\/wp-content\/uploads\/2023\/10\/384545809_1017199829327497_2491020760027149986_n.jpg",620,413,false],"landscape":["https:\/\/arantv.az\/wp-content\/uploads\/2023\/10\/384545809_1017199829327497_2491020760027149986_n.jpg",620,413,false],"portraits":["https:\/\/arantv.az\/wp-content\/uploads\/2023\/10\/384545809_1017199829327497_2491020760027149986_n.jpg",620,413,false],"thumbnail":["https:\/\/arantv.az\/wp-content\/uploads\/2023\/10\/384545809_1017199829327497_2491020760027149986_n-500x280.jpg",500,280,true],"medium":["https:\/\/arantv.az\/wp-content\/uploads\/2023\/10\/384545809_1017199829327497_2491020760027149986_n-548x365.jpg",548,365,true],"large":["https:\/\/arantv.az\/wp-content\/uploads\/2023\/10\/384545809_1017199829327497_2491020760027149986_n.jpg",620,413,false],"1536x1536":["https:\/\/arantv.az\/wp-content\/uploads\/2023\/10\/384545809_1017199829327497_2491020760027149986_n.jpg",620,413,false],"2048x2048":["https:\/\/arantv.az\/wp-content\/uploads\/2023\/10\/384545809_1017199829327497_2491020760027149986_n.jpg",620,413,false],"post-thumbnail":["https:\/\/arantv.az\/wp-content\/uploads\/2023\/10\/384545809_1017199829327497_2491020760027149986_n-240x172.jpg",240,172,true],"advps-thumb-one":["https:\/\/arantv.az\/wp-content\/uploads\/2023\/10\/384545809_1017199829327497_2491020760027149986_n.jpg",620,413,false]},"rttpg_author":{"display_name":"V\u00fcsal Rafiqo\u011flu","author_link":"https:\/\/arantv.az\/?author=2"},"rttpg_comment":0,"rttpg_category":"<a href=\"https:\/\/arantv.az\/?cat=19\" rel=\"category\">G\u00fcnd\u0259m<\/a>","rttpg_excerpt":"Elnur Yusub o\u011flu Badalov G\u00fcrc\u00fcstan Respublikas\u0131n\u0131n Bolnisi rayonunda anadan olmu\u015fdur. Bak\u0131 \u015f\u0259h\u0259rind\u0259 m\u0259kt\u0259bi bitirdikd\u0259n sonra 2012-ci ild\u0259 \u201cX\u0259z\u0259r Universiteti\u201dn\u0259 daxil olub, Universitetin F\u0259xri t\u0259qa\u00fcd\u00fc il\u0259 t\u0259hsil alm\u0131\u015f, iqtisadiyyat v\u0259 menecment fak\u00fclt\u0259sini iqtisad\u00e7\u0131-maliyy\u0259\u00e7i ixtisas\u0131 \u00fczr\u0259 f\u0259rql\u0259nm\u0259 il\u0259 bitirib. Elnur Badalov pe\u015f\u0259kar i\u015f h\u0259yat\u0131na ilk d\u0259f\u0259 (2016-2017-ci ill\u0259rd\u0259) \u201cBaker Tilly\u201d beyn\u0259lxalq audit v\u0259 konsaltinq \u015firk\u0259tl\u0259ri \u015f\u0259b\u0259k\u0259sinin Az\u0259rbaycandak\u0131&hellip;","_links":{"self":[{"href":"https:\/\/arantv.az\/index.php?rest_route=\/wp\/v2\/posts\/641345"}],"collection":[{"href":"https:\/\/arantv.az\/index.php?rest_route=\/wp\/v2\/posts"}],"about":[{"href":"https:\/\/arantv.az\/index.php?rest_route=\/wp\/v2\/types\/post"}],"author":[{"embeddable":true,"href":"https:\/\/arantv.az\/index.php?rest_route=\/wp\/v2\/users\/2"}],"replies":[{"embeddable":true,"href":"https:\/\/arantv.az\/index.php?rest_route=%2Fwp%2Fv2%2Fcomments&post=641345"}],"version-history":[{"count":0,"href":"https:\/\/arantv.az\/index.php?rest_route=\/wp\/v2\/posts\/641345\/revisions"}],"wp:featuredmedia":[{"embeddable":true,"href":"https:\/\/arantv.az\/index.php?rest_route=\/wp\/v2\/media\/641346"}],"wp:attachment":[{"href":"https:\/\/arantv.az\/index.php?rest_route=%2Fwp%2Fv2%2Fmedia&parent=641345"}],"wp:term":[{"taxonomy":"category","embeddable":true,"href":"https:\/\/arantv.az\/index.php?rest_route=%2Fwp%2Fv2%2Fcategories&post=641345"},{"taxonomy":"post_tag","embeddable":true,"href":"https:\/\/arantv.az\/index.php?rest_route=%2Fwp%2Fv2%2Ftags&post=641345"}],"curies":[{"name":"wp","href":"https:\/\/api.w.org\/{rel}","templated":true}]}}