{"id":641511,"date":"2023-10-04T22:56:50","date_gmt":"2023-10-04T18:56:50","guid":{"rendered":"https:\/\/arantv.az\/?p=641511"},"modified":"2023-10-04T22:56:50","modified_gmt":"2023-10-04T18:56:50","slug":"dubayda-polis-t%c9%99r%c9%99find%c9%99n-saxlanilan-az%c9%99rbaycanli-g%c9%99micil%c9%99rd%c9%99n-x%c9%99b%c9%99r-yoxdur-video","status":"publish","type":"post","link":"https:\/\/arantv.az\/?p=641511","title":{"rendered":"Dubayda polis t\u0259r\u0259find\u0259n saxlan\u0131lan az\u0259rbaycanl\u0131 g\u0259mi\u00e7il\u0259rd\u0259n x\u0259b\u0259r yoxdur &#8211; V\u0130DEO"},"content":{"rendered":"<article class=\"news\">\n<div class=\"news-inner\">\n<p>Az\u0259rbaycan v\u0259t\u0259nda\u015f\u0131 olan 4 n\u0259f\u0259r T\u00fcrkiy\u0259 g\u0259mi\u00e7ilik \u015firk\u0259tl\u0259rind\u0259n birin\u0259 m\u0259xsus olan y\u00fck g\u0259misi il\u0259 getdikl\u0259ri Birl\u0259\u015fmi\u015f \u018fr\u0259b \u018fmirlikl\u0259rinin Dubay \u015f\u0259h\u0259rind\u0259 polis t\u0259r\u0259find\u0259n saxlan\u0131l\u0131b.<\/p>\n<p>Xezerxeber.az-\u0131n m\u0259lumat\u0131na g\u00f6r\u0259,\u00a0valideynl\u0259r bildiribl\u0259r ki, t\u0259xmin\u0259n 1 ay yar\u0131md\u0131r, \u00f6vladlar\u0131 il\u0259 ba\u011fl\u0131 he\u00e7 bir m\u0259lumat verilm\u0259yib.<\/p>\n<p>Astara rayonu, \u015eiy\u0259k\u0259ran k\u0259nd sakini 21 ya\u015fl\u0131 El\u00e7in N\u0259c\u0259fov g\u0259mid\u0259 i\u015fl\u0259m\u0259k \u00fc\u00e7\u00fcn 6 ay\u00a0 kurs ke\u00e7dikd\u0259n sonra bu ilin iyul ay\u0131nda T\u00fcrky\u0259d\u0259 f\u0259aliyy\u0259t g\u00f6st\u0259r\u0259n\u00a0 g\u0259mi\u00e7ilik \u015firk\u0259tin\u0259 i\u015f\u0259 d\u00fcz\u0259lib. Bir ay g\u0259mid\u0259 i\u015fl\u0259y\u0259n El\u00e7in N\u0259c\u0259f\u0259ov h\u0259r g\u00fcn ail\u0259si il\u0259 dan\u0131\u015faraq hans\u0131 limanda oldu\u011fu bar\u0259d\u0259 m\u0259lumat verib. Sonucu d\u0259f\u0259\u00a0 avqust ay\u0131n\u0131n 19-da El\u00e7in N\u0259c\u0259fov ev\u0259 z\u0259ng ed\u0259r\u0259k Birl\u0259\u015fmi\u015f \u018fr\u0259b \u018fmirlikl\u0259rind\u0259 oldu\u011funu, g\u0259tirdikl\u0259ri y\u00fck\u00fc limanda t\u0259hvil ver\u0259r\u0259k, h\u0259r \u015feyin yax\u015f\u0131 oldu\u011funu\u00a0 atas\u0131na bildirib. Ancaq o g\u00fcnd\u0259n sonra El\u00e7inl\u0259 \u0259lq\u0259 saxlmaq\u00a0m\u00fcmk\u00fcn olmay\u0131b.<\/p>\n<p>El\u00e7inl\u0259 b\u0259rab\u0259r olan dig\u0259r 3 n\u0259f\u0259rin d\u0259 valideynl\u0259ri narahatd\u0131r. El\u015fad N\u0259c\u0259fov \u00f6vladlar\u0131n\u0131n i\u015fl\u0259diyi \u015firk\u0259tin r\u0259hb\u0259rliyi il\u0259 \u0259laq\u0259 saxlad\u0131qlar\u0131n\u0131, lakin\u00a0ail\u0259l\u0259r\u0259\u00a0\u015firk\u0259td\u0259n tutarl\u0131 cavab verilm\u0259diyini deyir.<\/p>\n<p>El\u00e7in N\u0259c\u0259fovun atas\u0131 El\u015fad N\u0259c\u0259fov bildirir ki, o\u011flu\u00a044 g\u00fcnl\u00fck V\u0259t\u0259n m\u00fcharib\u0259sind\u0259\u00a0 d\u0259 i\u015ftirak edib. Valideynl\u0259r m\u00fcvafiq d\u00f6vl\u0259t qurumlar\u0131na da m\u00fcraci\u0259t etdikl\u0259rini bildiribl\u0259r.<\/p>\n<p>\u018ftrafl\u0131 s\u00fcjetd\u0259:<\/p>\n<div><iframe loading=\"lazy\" title=\"YouTube video player\" src=\"https:\/\/www.youtube.com\/embed\/xvMccUx_5NY?si=-CLeYmE8b3cQh-AZ\" width=\"560\" height=\"315\" frameborder=\"0\" allowfullscreen=\"allowfullscreen\" data-mce-fragment=\"1\"><\/iframe><\/div>\n<\/div>\n<\/article>\n","protected":false},"excerpt":{"rendered":"<p>Az\u0259rbaycan v\u0259t\u0259nda\u015f\u0131 olan 4 n\u0259f\u0259r T\u00fcrkiy\u0259 g\u0259mi\u00e7ilik \u015firk\u0259tl\u0259rind\u0259n birin\u0259 m\u0259xsus olan y\u00fck g\u0259misi il\u0259 getdikl\u0259ri Birl\u0259\u015fmi\u015f \u018fr\u0259b \u018fmirlikl\u0259rinin Dubay \u015f\u0259h\u0259rind\u0259 polis t\u0259r\u0259find\u0259n saxlan\u0131l\u0131b. Xezerxeber.az-\u0131n m\u0259lumat\u0131na g\u00f6r\u0259,\u00a0valideynl\u0259r bildiribl\u0259r ki, t\u0259xmin\u0259n 1 ay yar\u0131md\u0131r, \u00f6vladlar\u0131 il\u0259 ba\u011fl\u0131 he\u00e7 bir m\u0259lumat verilm\u0259yib. Astara rayonu, \u015eiy\u0259k\u0259ran k\u0259nd sakini 21 ya\u015fl\u0131 El\u00e7in N\u0259c\u0259fov g\u0259mid\u0259 i\u015fl\u0259m\u0259k \u00fc\u00e7\u00fcn 6 ay\u00a0 kurs ke\u00e7dikd\u0259n sonra bu ilin iyul ay\u0131nda T\u00fcrky\u0259d\u0259 f\u0259aliyy\u0259t g\u00f6st\u0259r\u0259n\u00a0 g\u0259mi\u00e7ilik \u015firk\u0259tin\u0259 i\u015f\u0259 d\u00fcz\u0259lib. Bir ay g\u0259mid\u0259 i\u015fl\u0259y\u0259n El\u00e7in N\u0259c\u0259f\u0259ov h\u0259r g\u00fcn ail\u0259si il\u0259 dan\u0131\u015faraq hans\u0131 limanda oldu\u011fu bar\u0259d\u0259 m\u0259lumat verib. Sonucu d\u0259f\u0259\u00a0 avqust ay\u0131n\u0131n 19-da El\u00e7in&hellip;<\/p>\n","protected":false},"author":2,"featured_media":641515,"comment_status":"closed","ping_status":"closed","sticky":false,"template":"","format":"standard","meta":{"om_disable_all_campaigns":false,"_monsterinsights_skip_tracking":false,"_monsterinsights_sitenote_active":false,"_monsterinsights_sitenote_note":"","_monsterinsights_sitenote_category":0},"categories":[1],"tags":[],"aioseo_notices":[],"gutentor_comment":0,"rttpg_featured_image_url":{"full":["https:\/\/arantv.az\/wp-content\/uploads\/2023\/10\/FotoJet-2023-10-04T220240.253.jpg",620,413,false],"landscape":["https:\/\/arantv.az\/wp-content\/uploads\/2023\/10\/FotoJet-2023-10-04T220240.253.jpg",620,413,false],"portraits":["https:\/\/arantv.az\/wp-content\/uploads\/2023\/10\/FotoJet-2023-10-04T220240.253.jpg",620,413,false],"thumbnail":["https:\/\/arantv.az\/wp-content\/uploads\/2023\/10\/FotoJet-2023-10-04T220240.253-500x280.jpg",500,280,true],"medium":["https:\/\/arantv.az\/wp-content\/uploads\/2023\/10\/FotoJet-2023-10-04T220240.253-548x365.jpg",548,365,true],"large":["https:\/\/arantv.az\/wp-content\/uploads\/2023\/10\/FotoJet-2023-10-04T220240.253.jpg",620,413,false],"1536x1536":["https:\/\/arantv.az\/wp-content\/uploads\/2023\/10\/FotoJet-2023-10-04T220240.253.jpg",620,413,false],"2048x2048":["https:\/\/arantv.az\/wp-content\/uploads\/2023\/10\/FotoJet-2023-10-04T220240.253.jpg",620,413,false],"post-thumbnail":["https:\/\/arantv.az\/wp-content\/uploads\/2023\/10\/FotoJet-2023-10-04T220240.253-240x172.jpg",240,172,true],"advps-thumb-one":["https:\/\/arantv.az\/wp-content\/uploads\/2023\/10\/FotoJet-2023-10-04T220240.253.jpg",620,413,false]},"rttpg_author":{"display_name":"V\u00fcsal Rafiqo\u011flu","author_link":"https:\/\/arantv.az\/?author=2"},"rttpg_comment":0,"rttpg_category":"<a href=\"https:\/\/arantv.az\/?cat=1\" rel=\"category\">C\u0259miyy\u0259t<\/a>","rttpg_excerpt":"Az\u0259rbaycan v\u0259t\u0259nda\u015f\u0131 olan 4 n\u0259f\u0259r T\u00fcrkiy\u0259 g\u0259mi\u00e7ilik \u015firk\u0259tl\u0259rind\u0259n birin\u0259 m\u0259xsus olan y\u00fck g\u0259misi il\u0259 getdikl\u0259ri Birl\u0259\u015fmi\u015f \u018fr\u0259b \u018fmirlikl\u0259rinin Dubay \u015f\u0259h\u0259rind\u0259 polis t\u0259r\u0259find\u0259n saxlan\u0131l\u0131b. Xezerxeber.az-\u0131n m\u0259lumat\u0131na g\u00f6r\u0259,\u00a0valideynl\u0259r bildiribl\u0259r ki, t\u0259xmin\u0259n 1 ay yar\u0131md\u0131r, \u00f6vladlar\u0131 il\u0259 ba\u011fl\u0131 he\u00e7 bir m\u0259lumat verilm\u0259yib. Astara rayonu, \u015eiy\u0259k\u0259ran k\u0259nd sakini 21 ya\u015fl\u0131 El\u00e7in N\u0259c\u0259fov g\u0259mid\u0259 i\u015fl\u0259m\u0259k \u00fc\u00e7\u00fcn 6 ay\u00a0 kurs ke\u00e7dikd\u0259n&hellip;","_links":{"self":[{"href":"https:\/\/arantv.az\/index.php?rest_route=\/wp\/v2\/posts\/641511"}],"collection":[{"href":"https:\/\/arantv.az\/index.php?rest_route=\/wp\/v2\/posts"}],"about":[{"href":"https:\/\/arantv.az\/index.php?rest_route=\/wp\/v2\/types\/post"}],"author":[{"embeddable":true,"href":"https:\/\/arantv.az\/index.php?rest_route=\/wp\/v2\/users\/2"}],"replies":[{"embeddable":true,"href":"https:\/\/arantv.az\/index.php?rest_route=%2Fwp%2Fv2%2Fcomments&post=641511"}],"version-history":[{"count":0,"href":"https:\/\/arantv.az\/index.php?rest_route=\/wp\/v2\/posts\/641511\/revisions"}],"wp:featuredmedia":[{"embeddable":true,"href":"https:\/\/arantv.az\/index.php?rest_route=\/wp\/v2\/media\/641515"}],"wp:attachment":[{"href":"https:\/\/arantv.az\/index.php?rest_route=%2Fwp%2Fv2%2Fmedia&parent=641511"}],"wp:term":[{"taxonomy":"category","embeddable":true,"href":"https:\/\/arantv.az\/index.php?rest_route=%2Fwp%2Fv2%2Fcategories&post=641511"},{"taxonomy":"post_tag","embeddable":true,"href":"https:\/\/arantv.az\/index.php?rest_route=%2Fwp%2Fv2%2Ftags&post=641511"}],"curies":[{"name":"wp","href":"https:\/\/api.w.org\/{rel}","templated":true}]}}