{"id":641550,"date":"2023-10-05T08:51:57","date_gmt":"2023-10-05T04:51:57","guid":{"rendered":"https:\/\/arantv.az\/?p=641550"},"modified":"2023-10-05T08:51:57","modified_gmt":"2023-10-05T04:51:57","slug":"biz-s%c9%99birliyik-ancaq-q%c9%99tiyy%c9%99tliyik","status":"publish","type":"post","link":"https:\/\/arantv.az\/?p=641550","title":{"rendered":"Biz s\u0259birliyik, ancaq q\u0259tiyy\u0259tliyik"},"content":{"rendered":"<p><em><strong>D\u00f6vl\u0259t ba\u015f\u00e7\u0131s\u0131 \u0130lham \u018fliyevin bu \u00e7a\u011f\u0131r\u0131\u015f\u0131 \u00a0Az\u0259rbaycan \u0130spaniyan\u0131n Qranada \u015f\u0259h\u0259rind\u0259\u00a0 planla\u015fd\u0131r\u0131lan be\u015ft\u0259r\u0259fli g\u00f6r\u00fc\u015fd\u0259n imtinas\u0131nda \u00f6z\u00fcn\u00fcn ayd\u0131n ifad\u0259sini tap\u0131r<\/strong><\/em><\/p>\n<p>\u00abM\u0259n bunu h\u0259r k\u0259sin bilm\u0259sini ist\u0259yir\u0259m. Bunu Erm\u0259nistan hakimiyy\u0259ti d\u0259 bilsin, onun arxas\u0131nda duran himay\u0259darlar\u0131 da bilsin, bu g\u00fcn Az\u0259rbaycana qar\u015f\u0131 q\u0259buledilm\u0259z planlar c\u0131zan t\u0259r\u0259fl\u0259r\u0259 buradan mesaj verir\u0259m: Bizim s\u0259brimizl\u0259 oynamas\u0131nlar. Biz s\u0259birliyik, ancaq q\u0259tiyy\u0259tliyik. Biz haql\u0131 oldu\u011fumuzu s\u00fcbut ed\u0259 bilirik v\u0259 edirik. Ona g\u00f6r\u0259 yox ki, bizim g\u00fcc\u00fcm\u00fcz var, \u00e7\u00fcnki haqq-\u0259dal\u0259t bizim t\u0259r\u0259fimizd\u0259dir.\u00bb D\u00f6vl\u0259t ba\u015f\u00e7\u0131s\u0131 \u0130lham \u018fliyev Z\u0259ngilanda ke\u00e7iril\u0259n 2-ci Az\u0259rbaycan Milli \u015e\u0259h\u0259rsalma Forumunda onu da diqq\u0259t\u0259 \u00e7atd\u0131rd\u0131 ki, antiterror t\u0259dbiri 24 saatdan az m\u00fcdd\u0259td\u0259 h\u0259yata ke\u00e7irildi. Bunun n\u0259tic\u0259si n\u0259 oldu? Biz davam etdikmi? Xeyr! Bizim bel\u0259 bir niyy\u0259timiz yox idi. Biz n\u0259tic\u0259d\u0259 harada ist\u0259s\u0259ydik orada dayanacaqd\u0131q. Bunu dem\u0259k o q\u0259d\u0259r d\u0259 \u00e7\u0259tin deyil: \u00abAncaq bizim niyy\u0259timiz bundan ibar\u0259t deyildi. Biz Erm\u0259nistan\u0131n \u0259razi b\u00fct\u00f6vl\u00fcy\u00fcn\u00fc tan\u0131m\u0131\u015f\u0131q, bunu b\u0259yan etmi\u015fik v\u0259 bunu s\u0259mimi deyirik. Y\u0259ni, bizim ba\u015fqa niyy\u0259tl\u0259rimiz olsayd\u0131, \u0259m\u0259liyyat sentyabr\u0131n 20-d\u0259 dayanmazd\u0131.\u00bb<\/p>\n<p>C\u0259nab \u0130lham \u018fliyev bu fikirl\u0259ri\u00a0 Erm\u0259nistana d\u0259st\u0259k missiyas\u0131n\u0131 yerin\u0259 yetir\u0259n b\u0259zi d\u00fcnya g\u00fccl\u0259rinin \u00f6lk\u0259mizin \u0259dal\u0259t\u0259 v\u0259 beyn\u0259lxalq h\u00fcquqa \u0259saslanan add\u0131mlar\u0131n\u0131 \u00f6z maraqlar\u0131na uy\u011fun \u015f\u0259kild\u0259 d\u0259y\u0259rl\u0259ndirm\u0259l\u0259rin\u0259 tutarl\u0131 cavabd\u0131r.<\/p>\n<p>Sentyabr\u0131n 20-d\u0259n sonra s\u00fclh m\u00fcqavil\u0259sinin imzalanmas\u0131na b\u00fct\u00fcn mane\u0259l\u0259rin aradan qald\u0131r\u0131lmas\u0131 \u00fc\u00e7\u00fcn imkanlar yaran\u0131b. \u018fsas olan budur ki, h\u0259r iki t\u0259r\u0259fd\u0259n n\u00fcmay\u0259nd\u0259l\u0259r masa arxas\u0131nda \u0259yl\u0259\u015fib s\u00fclh sazi\u015finin layih\u0259si \u00fcz\u0259rind\u0259 i\u015fl\u0259m\u0259lidir. Az\u0259rbaycan 20 sentyabrda\u00a0 suverenliyini tam \u00a0b\u0259rpa etdi. C\u0259nab \u0130lham \u018fliyevin bundan sonra at\u0131lacaq add\u0131mlar\u0131n xronologiyas\u0131n\u0131 da t\u0259qdim edir. S\u0259rh\u0259dl\u0259rin delimitasiyas\u0131 \u00fcz\u0259rind\u0259 f\u0259al sur\u0259td\u0259 \u00e7al\u0131\u015fmal\u0131 v\u0259 uzun m\u00fcdd\u0259t davam ed\u0259n \u00a0bu qar\u015f\u0131durmaya son qoyulmal\u0131d\u0131r. Az\u0259rbaycan Qafqazda s\u00fclh v\u0259 sabitlik ist\u0259yir. T\u0259bii ki, bu, m\u00fcmk\u00fcnd\u00fcr v\u0259 se\u00e7im Erm\u0259nistan\u0131nd\u0131r.<\/p>\n<p>Az\u0259rbaycan tarixi Z\u0259f\u0259rimizd\u0259n sonra regionda dayan\u0131ql\u0131 s\u00fclh\u00fc v\u0259 t\u0259hl\u00fck\u0259sizliyi t\u0259min etm\u0259k, Erm\u0259nistanla m\u00fcnasib\u0259tl\u0259rind\u0259 yeni s\u0259hif\u0259 a\u00e7maq m\u0259qs\u0259dil\u0259 qar\u015f\u0131 t\u0259r\u0259f\u0259 s\u00fclh t\u0259klifini etdi v\u0259 bu b\u0259yanat\u0131 s\u0259sl\u0259ndirdi ki, t\u0259klif masa \u00fcz\u0259rind\u0259 uzun m\u00fcdd\u0259t qalmayacaq. H\u0259min vaxtdan \u00fc\u00e7 il ke\u00e7m\u0259sin\u0259 baxmayaraq Az\u0259rbaycan \u00fcz\u0259rin\u0259 d\u00fc\u015f\u0259n b\u00fct\u00fcn \u00f6hd\u0259likl\u0259ri yerin\u0259 yetirdiyi halda i\u015f\u011fal\u00e7\u0131 Erm\u0259nistan m\u00fcxt\u0259lif b\u0259han\u0259l\u0259rl\u0259 yay\u0131n\u0131r, yaxud t\u0259xribatlar t\u00f6r\u0259tm\u0259kl\u0259 s\u00fclh m\u00fcqavil\u0259sinin imzalanmas\u0131 prosesinin uzanmas\u0131na c\u0259hd edir. Reall\u0131q budur ki, Az\u0259rbaycan s\u00fclh g\u00fcnd\u0259liyinin m\u00fc\u0259llifi olaraq bu prosesin q\u0131sa zamanda u\u011furla ba\u015fa \u00e7atmas\u0131na s\u0259y g\u00f6st\u0259rir. M\u00fcxt\u0259lif m\u0259kanlarda\u00a0 v\u0259 formatda\u00a0 ke\u00e7iril\u0259n g\u00f6r\u00fc\u015fl\u0259rd\u0259 Az\u0259rbaycan\u0131n beyn\u0259lxalq h\u00fcququn 5 \u0259sas prinsipini \u00f6z\u00fcnd\u0259 ehtiva ed\u0259n t\u0259klifi y\u00fcks\u0259k d\u0259y\u0259rl\u0259ndirilir, Erm\u0259nistan\u0131n ba\u015f naziri bu prinsipl\u0259ri d\u0259st\u0259kl\u0259yir.\u00a0 2019-cu ild\u0259 Xank\u0259ndid\u0259n \u00abQaraba\u011f Erm\u0259nistand\u0131r v\u0259 n\u00f6qt\u0259\u00bb s\u0259rs\u0259m b\u0259yanat\u0131n\u0131 s\u0259sl\u0259ndir\u0259n Nikol Pa\u015finyan art\u0131q \u00abQaraba\u011f Az\u0259rbaycand\u0131r\u00bb deyir. Bug\u00fcnk\u00fc hadis\u0259l\u0259r\u0259 diqq\u0259t yetirs\u0259k b\u00f6lg\u0259d\u0259 v\u0259ziyy\u0259ti daha da d\u0259rinl\u0259\u015fdirm\u0259y\u0259 s\u0259y g\u00f6st\u0259r\u0259n d\u00f6vl\u0259tin Fransa oldu\u011funu g\u00f6r\u0259rik. Onun ikili standartlara \u0259saslanan siyas\u0259tinin daha\u00a0 qabar\u0131q \u015f\u0259kild\u0259 \u00f6z\u00fcn\u00fc b\u00fcruz\u0259 verm\u0259si 30 illik i\u015f\u011fal d\u00f6vr\u00fcnd\u0259 vasit\u0259\u00e7ilik missiyas\u0131n\u0131 hans\u0131 s\u0259viv\u0259yy\u0259d\u0259 yerin\u0259 yetirm\u0259sin\u0259 i\u015f\u0131q sal\u0131r. Bu g\u00fcn Fransa r\u0259smil\u0259rinin (m\u00fcdafi\u0259 naziri, xarici i\u015fl\u0259r naziri v\u0259 s.) erm\u0259nip\u0259r\u0259st b\u0259yanatlar\u0131, X\u0130N ba\u015f\u00e7\u0131s\u0131n\u0131n Erm\u0259nistana s\u0259f\u0259ri v\u0259 h\u0259rbi \u0259m\u0259kda\u015fl\u0131q, silah-sursat veril\u0259c\u0259yi haqda a\u00e7\u0131qlamalar\u0131, Avropa \u0130ttifaq\u0131 \u015euras\u0131n\u0131n Prezidenti \u015earl Mi\u015felin\u00a0 Az\u0259rbaycan\u0131 ittiham ed\u0259n a\u00e7\u0131qlamas\u0131\u00a0 bel\u0259 q\u0259na\u0259t\u0259 g\u0259lm\u0259y\u0259 \u0259sas verir ki, d\u00fcnya g\u00fccl\u0259ri regionda s\u00fclh\u00fcn v\u0259 t\u0259hl\u00fck\u0259sizliyin t\u0259minat\u0131nda maraql\u0131 deyill\u0259r.<\/p>\n<p>M\u0259lum oldu\u011fu kimi, oktyabr\u0131n 5-d\u0259 Qranadada \u00abAvropa siyasi birliyi\u00bbnin Sammiti ke\u00e7iril\u0259c\u0259k. Sammit \u00e7\u0259r\u00e7iv\u0259sind\u0259 Avropa \u0130ttifaq\u0131 \u015euras\u0131n\u0131n Prezidenti \u015earl Mi\u015felin t\u0259\u015f\u0259bb\u00fcs\u00fc il\u0259 Az\u0259rbaycan Prezidenti \u0130lham \u018fliyevin v\u0259 Erm\u0259nistan\u0131n\u00a0 ba\u015f naziri Nikol Pa\u015finyan\u0131n g\u00f6r\u00fc\u015f\u00fc n\u0259z\u0259rd\u0259 tutulmu\u015fdu. G\u00f6r\u00fc\u015f\u00fcn be\u015fli formatda ( Erm\u0259nistan-Az\u0259rbaycan-Fransa-Almaniya-Avropa \u0130ttifaq\u0131) format\u0131nda t\u0259\u015fkili vur\u011fulansa da Az\u0259rbaycan t\u0259r\u0259fi bu g\u00f6r\u00fc\u015fd\u0259 qarda\u015f T\u00fcrkiy\u0259nin i\u015ftirak\u0131n\u0131n vacibliyini bildirdi. T\u00fcrkiy\u0259nin i\u015ftirak\u0131na imkan verilm\u0259m\u0259si Az\u0259rbaycanfn bu g\u00f6r\u00fc\u015fd\u0259n imtinas\u0131n\u0131 \u015f\u0259rt\u0259ndirdi. Fransa v\u0259 Almaniyan\u0131n T\u00fcrkiy\u0259nin i\u015ftirak\u0131qa mane olmaq \u00fc\u00e7\u00fcn ciddi-c\u0259hdl\u0259r g\u00f6st\u0259rdiyi bildirilir. T\u0259bii ki, h\u0259r zaman \u0259dal\u0259tin v\u0259 beyn\u0259lxalq h\u00fcququn yan\u0131nda olan, birlikl\u0259ri, h\u0259mr\u0259ylikl\u0259ri il\u0259 d\u00fcnyaya n\u00fcmun\u0259 olan Az\u0259rbaycan il\u0259 T\u00fcrkiy\u0259nin dan\u0131\u015f\u0131qlarda birg\u0259 i\u015ftirak\u0131 h\u0259min format\u0131n i\u015ftirak\u00e7\u0131lar\u0131n\u0131 raz\u0131 sala bilm\u0259z. \u018fdal\u0259ti, beyn\u0259lxaq h\u00fcququ maraqlar\u0131n\u0131n arxas\u0131nda saxlayanlardan bu formatda dan\u0131\u015f\u0131qlar zaman\u0131 konkret add\u0131m g\u00f6zl\u0259m\u0259k sad\u0259l\u00f6vhl\u00fck olar. Fransan\u0131n i\u015ftirak etdiyi he\u00e7 bir format Az\u0259rbaycan \u00fc\u00e7\u00fcn m\u0259qbul say\u0131la bilm\u0259z. Az\u0259rbaycan\u0131n tarixi Z\u0259f\u0259rind\u0259n bug\u00fcn\u0259d\u0259k c\u0259r\u0259yan ed\u0259n \u00a0hadis\u0259l\u0259rin xronologiyas\u0131na diqq\u0259t yetirs\u0259k Az\u0259rbaycana qar\u015f\u0131 q\u0259r\u0259zli m\u00f6vqenin n\u00fcmayi\u015f olundu\u011fu\u00a0 m\u0259kanlarda Fransan\u0131 g\u00f6rm\u0259k m\u00fcmk\u00fcnd\u00fcr. Bu dan\u0131\u015f\u0131qlar\u0131n Praqa format\u0131n\u0131 yada salaq. Fransa Prezidenti Emmanuel Makron dan\u0131\u015f\u0131qlara qat\u0131lsa da t\u0259r\u0259f kimi q\u0259bul edil\u0259 bilm\u0259zdi. H\u0259r zaman erm\u0259nip\u0259r\u0259st siyas\u0259ti il\u0259 diqq\u0259td\u0259 olan Fransa g\u00f6r\u00fc\u015f\u00fcn getdiyi vaxtda Az\u0259rbaycan\u0131n t\u0259klif etdiyi s\u00fclh m\u00fcqavil\u0259sini\u00a0 d\u0259sl\u0259kl\u0259s\u0259 d\u0259 g\u00f6r\u00fc\u015fd\u0259n az sonra Prezident Makron bu \u00f6lk\u0259d\u0259ki \u00a0erm\u0259ni icmas\u0131n\u0131n n\u00fcmay\u0259nd\u0259l\u0259ri il\u0259 g\u00f6r\u00fc\u015f\u00fcnd\u0259 Az\u0259rbaycan\u0131n \u0259leyhin\u0259 fikirl\u0259r s\u0259sl\u0259ndirdi v\u0259 bir q\u0259d\u0259r d\u0259 ir\u0259li ged\u0259r\u0259k \u00f6lk\u0259mizi i\u015f\u011fal\u00e7\u0131 kimi t\u0259qdim etdi.\u00a0 M\u00f6vqesizliyi il\u0259 diqq\u0259td\u0259 olan bir d\u00f6vl\u0259tin i\u015ftirak etdiyi g\u00f6r\u00fc\u015f\u0259 yenid\u0259n qat\u0131lma\u011fa\u00a0 ehtiyac varm\u0131?<\/p>\n<p>O da m\u0259lumdur ki, bu ilin iyun ay\u0131nda Ki\u015fineuda \u00abAvropa siyasi birliyi\u00bbnin ikinci Zirv\u0259 g\u00f6r\u00fc\u015f\u00fc \u00e7\u0259r\u00e7iv\u0259sind\u0259 Avropa \u0130ttifaq\u0131n\u0131n vasit\u0259\u00e7iliyi il\u0259 Az\u0259rbaycan Prezidenti \u0130lham \u018fliyevl\u0259 Erm\u0259nistan\u0131n ba\u015f naziri Nikol Pa\u015finyan aras\u0131nda g\u00f6r\u00fc\u015f ke\u00e7irildi. H\u0259min dan\u0131\u015f\u0131qlarda da \u00a0Almaniya Kansleri Olaf \u015eolts v\u0259 Fransa Prezidenti Emmanuel Makron i\u015ftirak etmi\u015fdil\u0259r. Ki\u015fineu dan\u0131\u015f\u0131qlar\u0131nda\u00a0 Az\u0259rbaycan\u0131n m\u00f6vqeyi \u00f6t\u0259n ilin oktyabr\u0131nda Praqada ke\u00e7iril\u0259n \u00abAvropa siyasi birliyi\u00bb Zirv\u0259 g\u00f6r\u00fc\u015f\u00fcnd\u0259kind\u0259n daha g\u00fccl\u00fc oldu. \u00a0\u00c7\u00fcnki Erm\u0259nistan Qaraba\u011f da daxil olmaqla Az\u0259rbaycan\u0131n beyn\u0259lxalq s\u0259viyy\u0259d\u0259 q\u0259bul olunan, BMT t\u0259r\u0259find\u0259n t\u0259sdiql\u0259n\u0259n 86,6 min kvadrat kilometr \u00e7\u0259r\u00e7iv\u0259sind\u0259 \u0259razisini tan\u0131d\u0131\u011f\u0131n\u0131 r\u0259sm\u0259n b\u0259yan etdi. Bu ilin aprel ay\u0131n\u0131n 23-d\u0259 La\u00e7\u0131nda s\u0259rh\u0259d-ke\u00e7id m\u0259nt\u0259q\u0259si qura\u015fd\u0131rmaqla \u0259razi b\u00fct\u00f6vl\u00fcy\u00fcn\u00fc de-fakto b\u0259rpa ed\u0259n Az\u0259rbaycan\u0131n q\u0259tiyy\u0259ti Prezident \u0130lham \u018fliyevin \u00ab\u00a0Aprelin 23-d\u0259 s\u0259rh\u0259dd\u0259 qoyulan s\u0259rh\u0259d-burax\u0131l\u0131\u015f m\u0259nt\u0259q\u0259si bu g\u00fcn Qaraba\u011f b\u00f6lg\u0259sind\u0259 ya\u015fayan erm\u0259nil\u0259r \u00fc\u00e7\u00fcn d\u0259 bir d\u0259rs olmal\u0131d\u0131r. \u018ffsuslar olsun, onlar bu g\u00fcn\u0259 q\u0259d\u0259r kim\u0259s\u0259 arxalan\u0131rlar ki, kims\u0259 g\u0259l\u0259c\u0259k onlar\u0131 xilas ed\u0259c\u0259k, kims\u0259 g\u0259l\u0259c\u0259k Az\u0259rbaycanla m\u00fcharib\u0259 aparacaq. Bunlar ham\u0131s\u0131 c\u0259f\u0259ngiyyatd\u0131r. \u0130kinci Qaraba\u011f m\u00fcharib\u0259si zaman\u0131 biz g\u00fccl\u00fc irad\u0259 g\u00f6st\u0259rmi\u015fik v\u0259 \u0259g\u0259r o vaxt he\u00e7 kim biz\u0259 qar\u015f\u0131 k\u0259nardan m\u00fcdaxil\u0259y\u0259 c\u00fcr\u0259t etm\u0259dis\u0259, bu g\u00fcn b\u00fct\u00fcn bu torpaqlara yen\u0259 d\u0259 sahib olandan sonra kim g\u0259lib erm\u0259nil\u0259rin yerin\u0259 biziml\u0259 vuru\u015facaq. Birincisi, bu, qanunsuzdur. Biz \u00f6z do\u011fma torpa\u011f\u0131m\u0131zday\u0131q v\u0259 bu g\u00fcn erm\u0259nil\u0259rin ya\u015fad\u0131qlar\u0131 Qaraba\u011f b\u00f6lg\u0259si bizim \u0259z\u0259li, h\u00fcquqi torpa\u011f\u0131m\u0131zd\u0131r. Sad\u0259c\u0259 olaraq, biz hesab edirik ki, onlar \u00f6zl\u0259ri ba\u015fa d\u00fc\u015f\u0259c\u0259kl\u0259r, \u00f6zl\u0259ri g\u0259lib Az\u0259rbaycan Bayra\u011f\u0131 alt\u0131nda ya\u015fama\u011fa add\u0131m atacaqlar. Biz bunu g\u00f6zl\u0259yirik. Ona g\u00f6r\u0259 h\u0259r hans\u0131 bir ba\u015fqa add\u0131m atm\u0131r\u0131q v\u0259 hesab edir\u0259m ki, iki il yar\u0131m \u0259rzind\u0259 ba\u015f vermi\u015f hadis\u0259l\u0259r art\u0131q onlar\u0131 da oyatmal\u0131d\u0131r, bu yuxudan, bu x\u00fclyadan ay\u0131ltmal\u0131d\u0131r\u00bb fikirl\u0259rind\u0259 \u00a0\u0259ksini tap\u0131b.<\/p>\n<p>H\u0259min g\u00f6r\u00fc\u015fd\u0259 s\u00fclh m\u00fcqavil\u0259sinin imzalanmas\u0131 \u00fc\u00e7\u00fcn el\u0259 bir ciddi mane\u0259nin qalmad\u0131\u011f\u0131n\u0131 diqq\u0259t\u0259 \u00e7atd\u0131ran d\u00f6vl\u0259t ba\u015f\u00e7\u0131m\u0131z\u0131n s\u00f6yl\u0259diyi kimi,\u00a0 Erm\u0259nistan t\u0259r\u0259fi Az\u0259rbaycan\u0131n ir\u0259li s\u00fcrd\u00fcy\u00fc \u0259dal\u0259tli v\u0259 beyn\u0259lxalq h\u00fcquqa \u0259saslanan \u015f\u0259rtl\u0259r \u00e7\u0259r\u00e7iv\u0259sind\u0259 s\u0259rh\u0259dl\u0259rin delimitasiyas\u0131n\u0131 aparmal\u0131, q\u0259bul olunmu\u015f b\u0259yanatlarda n\u0259qliyyat infrastrukturunun b\u0259rpas\u0131 bar\u0259d\u0259ki \u015f\u0259rtl\u0259r\u0259 \u0259m\u0259l etm\u0259li, Z\u0259ng\u0259zur d\u0259hlisinin a\u00e7\u0131lmas\u0131 il\u0259 ba\u011fl\u0131 \u00f6hd\u0259liyini yerin\u0259 yetirm\u0259lidir.<\/p>\n<p>Qaraba\u011f erm\u0259nil\u0259rinin reinteqrasiyasi il\u0259 ba\u011fl\u0131 Az\u0259rbaycan\u0131n \u015f\u0259rtl\u0259rini d\u0259f\u0259l\u0259rl\u0259 diqq\u0259t\u0259 \u00e7atd\u0131ran Prezident \u0130lham \u018fliyevin bildirdiyi kimi, etnik erm\u0259nil\u0259r Az\u0259rbaycan qanunlar\u0131na tabe olmal\u0131 v\u0259 \u00f6lk\u0259 v\u0259t\u0259nda\u015fl\u0131\u011f\u0131n\u0131 q\u0259bul etm\u0259lidirl\u0259r. Az\u0259rbaycan\u0131n son u\u011furlar\u0131 s\u0131ras\u0131nda\u00a0 sentyabr\u0131n 20-d\u0259 suverenliyinin tam t\u0259min edilm\u0259sini qeyd etm\u0259liyik.<\/p>\n<p>Sentyabr\u0131n 28-d\u0259 Az\u0259rbaycan\u0131n Qaraba\u011f b\u00f6lg\u0259sind\u0259ki qondarma qurumun \u00f6z\u00fcn\u00fc buraxmas\u0131 tarixi nailiyy\u0259t, 200 illik erm\u0259ni layih\u0259sinin darmada\u011f\u0131n edilm\u0259si kimi d\u0259y\u0259rl\u0259ndirildi.\u00a0 B\u00fct\u00fcn bunlar Az\u0259rbaycan\u0131n real faktlara, tarixi h\u0259qiq\u0259tl\u0259r\u0259 \u0259saslanan siyas\u0259tinin n\u0259tic\u0259sidir. Otuz il Erm\u0259nistan v\u0259 ona d\u0259st\u0259k ver\u0259n d\u00f6vl\u0259tl\u0259r qondarma qurumun t\u0259r\u0259f kimi dan\u0131\u015f\u0131qlar prosesin\u0259 qat\u0131lmas\u0131na \u00e7al\u0131\u015fsalar da Az\u0259rbaycan b\u00fct\u00fcn bu c\u0259hdl\u0259ri g\u00fccl\u00fc siyasi irad\u0259si, \u0259dal\u0259t\u0259 v\u0259 beyn\u0259lxalq h\u00fcquqa s\u00f6yk\u0259n\u0259n t\u0259bli\u011fat\u0131 il\u0259 pu\u00e7 etdi. Qaraba\u011f\u0131n Az\u0259rbaycan\u0131n ayr\u0131lmaz t\u0259rkib hiss\u0259si oldu\u011fu v\u0259 bunun BMT q\u0259tnam\u0259l\u0259rind\u0259 d\u0259 \u00f6z \u0259ksini tapd\u0131\u011f\u0131 b\u0259yan edildi. Bel\u0259 bir b\u0259yanat s\u0259sl\u0259ndirildi ki, Az\u0259rbaycan\u0131n \u0259razi b\u00fct\u00f6vl\u00fcy\u00fc dan\u0131\u015f\u0131qlar m\u00f6vzusu deyil v\u0259 ola da bilm\u0259z. Son u\u011furlar\u0131m\u0131z bu siyas\u0259tin m\u0259ntiqi n\u0259tic\u0259sidir. Qondarma qurum tarixin zibilliyin\u0259 at\u0131ld\u0131.<\/p>\n<p>Hadis\u0259l\u0259rin gedi\u015fi s\u00fclh m\u00fcqavil\u0259sinin imzalanmas\u0131 \u00fc\u00e7\u00fcn he\u00e7 bir mae\u0259nin olmad\u0131\u011f\u0131n\u0131 t\u0259sdiql\u0259yir. Erm\u0259nistana yeni m\u00fcharib\u0259 planlar\u0131n\u0131n haz\u0131rlanmas\u0131n\u0131n deyil, s\u00fclh m\u00fcqavil\u0259sinin reall\u0131\u011fa \u00e7evrilm\u0259sinin yollar\u0131n\u0131 \u00e7atd\u0131rmaq g\u0259r\u0259kdir. Regionda dayan\u0131ql\u0131 s\u00fclh\u00fcn t\u0259min edilm\u0259si yeni \u0259m\u0259kda\u015fl\u0131q formatlar\u0131n\u0131n yarad\u0131lmas\u0131na b\u00f6y\u00fck stimuldur. D\u00fc\u015f\u00fcn\u00fcr\u00fck ki, art\u0131q son hadis\u0259l\u0259rd\u0259n sonra Az\u0259rbaycan Prezidenti il\u0259 Erm\u0259nistan\u0131n ba\u015f nazirinin hans\u0131sa formatda g\u00f6r\u00fc\u015f\u00fcn\u0259 ehtiyac yoxdur. Qarda\u015f \u00f6lk\u0259nin Prezidenti R\u0259c\u0259b Tayyib \u018frdo\u011fan d\u00f6rdl\u00fck- T\u00fcrkiy\u0259, Az\u0259rbaycan, Rusiya v\u0259 Erm\u0259nistan format\u0131n\u0131 t\u0259klif edib. Bu format s\u00fclh m\u00fcqavil\u0259sinin imzalanmas\u0131na do\u011fru at\u0131lan add\u0131m olacaq.<\/p>\n","protected":false},"excerpt":{"rendered":"<p>D\u00f6vl\u0259t ba\u015f\u00e7\u0131s\u0131 \u0130lham \u018fliyevin bu \u00e7a\u011f\u0131r\u0131\u015f\u0131 \u00a0Az\u0259rbaycan \u0130spaniyan\u0131n Qranada \u015f\u0259h\u0259rind\u0259\u00a0 planla\u015fd\u0131r\u0131lan be\u015ft\u0259r\u0259fli g\u00f6r\u00fc\u015fd\u0259n imtinas\u0131nda \u00f6z\u00fcn\u00fcn ayd\u0131n ifad\u0259sini tap\u0131r \u00abM\u0259n bunu h\u0259r k\u0259sin bilm\u0259sini ist\u0259yir\u0259m. Bunu Erm\u0259nistan hakimiyy\u0259ti d\u0259 bilsin, onun arxas\u0131nda duran himay\u0259darlar\u0131 da bilsin, bu g\u00fcn Az\u0259rbaycana qar\u015f\u0131 q\u0259buledilm\u0259z planlar c\u0131zan t\u0259r\u0259fl\u0259r\u0259 buradan mesaj verir\u0259m: Bizim s\u0259brimizl\u0259 oynamas\u0131nlar. Biz s\u0259birliyik, ancaq q\u0259tiyy\u0259tliyik. Biz haql\u0131 oldu\u011fumuzu s\u00fcbut ed\u0259 bilirik v\u0259 edirik. Ona g\u00f6r\u0259 yox ki, bizim g\u00fcc\u00fcm\u00fcz var, \u00e7\u00fcnki haqq-\u0259dal\u0259t bizim t\u0259r\u0259fimizd\u0259dir.\u00bb D\u00f6vl\u0259t ba\u015f\u00e7\u0131s\u0131 \u0130lham \u018fliyev Z\u0259ngilanda ke\u00e7iril\u0259n 2-ci Az\u0259rbaycan Milli \u015e\u0259h\u0259rsalma Forumunda onu da diqq\u0259t\u0259 \u00e7atd\u0131rd\u0131 ki, antiterror t\u0259dbiri&hellip;<\/p>\n","protected":false},"author":2,"featured_media":641554,"comment_status":"closed","ping_status":"closed","sticky":false,"template":"","format":"standard","meta":{"om_disable_all_campaigns":false,"_monsterinsights_skip_tracking":false,"_monsterinsights_sitenote_active":false,"_monsterinsights_sitenote_note":"","_monsterinsights_sitenote_category":0},"categories":[19],"tags":[],"aioseo_notices":[],"gutentor_comment":0,"rttpg_featured_image_url":{"full":["https:\/\/arantv.az\/wp-content\/uploads\/2023\/10\/366ce3de168908751477269580810101684-1.jpg",975,540,false],"landscape":["https:\/\/arantv.az\/wp-content\/uploads\/2023\/10\/366ce3de168908751477269580810101684-1.jpg",975,540,false],"portraits":["https:\/\/arantv.az\/wp-content\/uploads\/2023\/10\/366ce3de168908751477269580810101684-1.jpg",975,540,false],"thumbnail":["https:\/\/arantv.az\/wp-content\/uploads\/2023\/10\/366ce3de168908751477269580810101684-1-500x280.jpg",500,280,true],"medium":["https:\/\/arantv.az\/wp-content\/uploads\/2023\/10\/366ce3de168908751477269580810101684-1-660x365.jpg",660,365,true],"large":["https:\/\/arantv.az\/wp-content\/uploads\/2023\/10\/366ce3de168908751477269580810101684-1-840x465.jpg",640,354,true],"1536x1536":["https:\/\/arantv.az\/wp-content\/uploads\/2023\/10\/366ce3de168908751477269580810101684-1.jpg",975,540,false],"2048x2048":["https:\/\/arantv.az\/wp-content\/uploads\/2023\/10\/366ce3de168908751477269580810101684-1.jpg",975,540,false],"post-thumbnail":["https:\/\/arantv.az\/wp-content\/uploads\/2023\/10\/366ce3de168908751477269580810101684-1-240x172.jpg",240,172,true],"advps-thumb-one":["https:\/\/arantv.az\/wp-content\/uploads\/2023\/10\/366ce3de168908751477269580810101684-1.jpg",975,540,false]},"rttpg_author":{"display_name":"V\u00fcsal Rafiqo\u011flu","author_link":"https:\/\/arantv.az\/?author=2"},"rttpg_comment":0,"rttpg_category":"<a href=\"https:\/\/arantv.az\/?cat=19\" rel=\"category\">G\u00fcnd\u0259m<\/a>","rttpg_excerpt":"D\u00f6vl\u0259t ba\u015f\u00e7\u0131s\u0131 \u0130lham \u018fliyevin bu \u00e7a\u011f\u0131r\u0131\u015f\u0131 \u00a0Az\u0259rbaycan \u0130spaniyan\u0131n Qranada \u015f\u0259h\u0259rind\u0259\u00a0 planla\u015fd\u0131r\u0131lan be\u015ft\u0259r\u0259fli g\u00f6r\u00fc\u015fd\u0259n imtinas\u0131nda \u00f6z\u00fcn\u00fcn ayd\u0131n ifad\u0259sini tap\u0131r \u00abM\u0259n bunu h\u0259r k\u0259sin bilm\u0259sini ist\u0259yir\u0259m. Bunu Erm\u0259nistan hakimiyy\u0259ti d\u0259 bilsin, onun arxas\u0131nda duran himay\u0259darlar\u0131 da bilsin, bu g\u00fcn Az\u0259rbaycana qar\u015f\u0131 q\u0259buledilm\u0259z planlar c\u0131zan t\u0259r\u0259fl\u0259r\u0259 buradan mesaj verir\u0259m: Bizim s\u0259brimizl\u0259 oynamas\u0131nlar. Biz s\u0259birliyik, ancaq q\u0259tiyy\u0259tliyik. Biz haql\u0131&hellip;","_links":{"self":[{"href":"https:\/\/arantv.az\/index.php?rest_route=\/wp\/v2\/posts\/641550"}],"collection":[{"href":"https:\/\/arantv.az\/index.php?rest_route=\/wp\/v2\/posts"}],"about":[{"href":"https:\/\/arantv.az\/index.php?rest_route=\/wp\/v2\/types\/post"}],"author":[{"embeddable":true,"href":"https:\/\/arantv.az\/index.php?rest_route=\/wp\/v2\/users\/2"}],"replies":[{"embeddable":true,"href":"https:\/\/arantv.az\/index.php?rest_route=%2Fwp%2Fv2%2Fcomments&post=641550"}],"version-history":[{"count":0,"href":"https:\/\/arantv.az\/index.php?rest_route=\/wp\/v2\/posts\/641550\/revisions"}],"wp:featuredmedia":[{"embeddable":true,"href":"https:\/\/arantv.az\/index.php?rest_route=\/wp\/v2\/media\/641554"}],"wp:attachment":[{"href":"https:\/\/arantv.az\/index.php?rest_route=%2Fwp%2Fv2%2Fmedia&parent=641550"}],"wp:term":[{"taxonomy":"category","embeddable":true,"href":"https:\/\/arantv.az\/index.php?rest_route=%2Fwp%2Fv2%2Fcategories&post=641550"},{"taxonomy":"post_tag","embeddable":true,"href":"https:\/\/arantv.az\/index.php?rest_route=%2Fwp%2Fv2%2Ftags&post=641550"}],"curies":[{"name":"wp","href":"https:\/\/api.w.org\/{rel}","templated":true}]}}