{"id":641556,"date":"2023-10-05T08:52:52","date_gmt":"2023-10-05T04:52:52","guid":{"rendered":"https:\/\/arantv.az\/?p=641556"},"modified":"2023-10-05T08:52:52","modified_gmt":"2023-10-05T04:52:52","slug":"bizim-yumrugumuz-birliyimizdir","status":"publish","type":"post","link":"https:\/\/arantv.az\/?p=641556","title":{"rendered":"Bizim yumru\u011fumuz birliyimizdir"},"content":{"rendered":"<p><em><strong>Tariximizin \u0259n \u015f\u0259r\u0259fli anlar\u0131, q\u0259l\u0259b\u0259l\u0259ri s\u0131ras\u0131nda C\u0259bray\u0131l\u0131n azad edilm\u0259si x\u00fcsusi \u0259h\u0259miyy\u0259t da\u015f\u0131y\u0131r<\/strong><\/em><\/p>\n<p>M\u0259n az\u0259rbaycanl\u0131yam!.. Bu s\u00f6z nec\u0259 d\u0259 q\u00fcrurlu s\u0259sl\u0259nir. Bu hissi ya\u015fayan h\u0259r k\u0259s xo\u015fb\u0259xtdir. Xo\u015fb\u0259xtdir ki, do\u011fma yurdu, m\u00fcst\u0259qil d\u00f6vl\u0259ti var. Biz\u0259 o\u011ful dey\u0259n V\u0259t\u0259nimiz, u\u011frunda can\u0131m\u0131z\u0131 sev\u0259-sev\u0259 qurban ver\u0259c\u0259yimiz m\u00fcq\u0259dd\u0259s torpaqlar\u0131m\u0131z var. Daim f\u0259xr edil\u0259c\u0259k ke\u00e7mi\u015fimiz, \u00e7i\u00e7\u0259kl\u0259n\u0259n bug\u00fcn\u00fcm\u00fcz, parlaq g\u0259l\u0259c\u0259yimiz var. V\u0259t\u0259nimiz d\u0259 xo\u015fb\u0259xtdir ki, ona \u00fcr\u0259kd\u0259n ba\u011fl\u0131 olan xalq\u0131, q\u0259hr\u0259man o\u011fullar\u0131 var. Onu ya\u011f\u0131lardan qoruyan g\u00fccl\u00fc ordusu var. Bel\u0259likl\u0259, 30 ild\u0259n b\u0259ri g\u00f6zl\u0259diyimiz Q\u0259l\u0259b\u0259nin art\u0131q \u00fc\u00e7\u00fcnc\u00fc ild\u00f6n\u00fcm\u00fcn\u00fc qeyd etm\u0259k \u0259r\u0259f\u0259sind\u0259yik. Az\u0259rbaycan xalq\u0131 xeyli vaxtd\u0131r ki, ordumuzun s\u0131ralanan q\u0259l\u0259b\u0259l\u0259rini bayram etm\u0259kd\u0259dir.<\/p>\n<p>M\u00fcst\u0259qilliyi qoruyub saxlamaq, \u0259razi b\u00fct\u00f6vl\u00fcy\u00fcn\u00fc t\u0259min etm\u0259k \u00fc\u00e7\u00fcn g\u00fccl\u00fc ordu \u0259n vacib \u015f\u0259rtl\u0259rd\u0259ndir. G\u00fccl\u00fc ordusu olmayan d\u00f6vl\u0259tin m\u00fcst\u0259qilliyi daim d\u00fc\u015fm\u0259nl\u0259rin, yadellil\u0259rin t\u0259hl\u00fck\u0259si alt\u0131nda olur. M\u00fcasir d\u00f6vrd\u0259 Az\u0259rbaycan Ordusu d\u00fcnyan\u0131n \u0259n g\u00fccl\u00fc ordular\u0131 s\u0131ras\u0131ndad\u0131r. Ordumuz m\u00f6hk\u0259m maddi-texniki bazaya, \u0259n yeni silahlara malikdir. Lakin ordunu yenilm\u0259z ed\u0259n t\u0259kc\u0259 silah v\u0259 texnikan\u0131n g\u00fcc\u00fc deyil. Burada \u0259n yeni raketl\u0259r, g\u00fccl\u00fc silahlar, toplar, d\u00f6y\u00fc\u015f ma\u015f\u0131nlar\u0131 il\u0259 yana\u015f\u0131, qorxmaz, m\u0259rd, c\u0259sur \u0259sg\u0259rl\u0259rin olmas\u0131 da vacib faktordur.<\/p>\n<p>Bu g\u00fcnl\u0259r Az\u0259rbaycan xalq\u0131 torpaqlar\u0131m\u0131z\u0131n azad olunmas\u0131 il\u0259 yekunla\u015fan V\u0259t\u0259n m\u00fcharib\u0259sinin \u00fc\u00e7\u00fcnc\u00fc ild\u00f6n\u00fcm\u00fcn\u00fc ya\u015fay\u0131r. Tariximizin \u0259n \u015f\u0259r\u0259fli anlar\u0131, q\u0259l\u0259b\u0259l\u0259ri s\u0131ras\u0131nda C\u0259bray\u0131l\u0131n azad edilm\u0259si x\u00fcsusi \u0259h\u0259miyy\u0259t da\u015f\u0131y\u0131r. 2020-ci il oktyabr\u0131n 4-d\u0259 C\u0259bray\u0131l rayonu 27 illik i\u015f\u011faldan sonra azad edildi. Bundan sonra rayonun erm\u0259ni vandallar\u0131 t\u0259r\u0259find\u0259n v\u0259h\u015fic\u0259sin\u0259 da\u011f\u0131d\u0131lmas\u0131 faktlar\u0131 bir daha d\u00fcnyaya b\u0259lli oldu. Ayd\u0131nla\u015fd\u0131 ki, i\u015f\u011fal n\u0259tic\u0259sind\u0259 erm\u0259nil\u0259r C\u0259bray\u0131la 13,928 milyard AB\u015e dollar\u0131 m\u0259bl\u0259\u011find\u0259 ziyan vurub. C\u0259bray\u0131ldan olan insanlar\u0131n h\u00fcquqlar\u0131 pozulub v\u0259 28 il davaml\u0131 qa\u00e7q\u0131nl\u0131q h\u0259yat\u0131 ya\u015fama\u011fa, qa\u00e7q\u0131n d\u00fc\u015f\u0259rg\u0259l\u0259rind\u0259, y\u00fck vaqonlar\u0131nda v\u0259 yataqxanalarda m\u0259skunla\u015fma\u011fa m\u0259cbur qal\u0131blar.<\/p>\n<p>Otuz il \u00f6nc\u0259, y\u0259ni avqustun 23-d\u0259 C\u0259bray\u0131l rayonu Erm\u0259nistan silahl\u0131 q\u00fcvv\u0259l\u0259ri t\u0259r\u0259find\u0259n i\u015f\u011fal olunub. Erm\u0259ni i\u015f\u011fal\u00e7\u0131lar\u0131 il\u0259 d\u00f6y\u00fc\u015fl\u0259rd\u0259 180 n\u0259f\u0259r h\u0259lak olub. \u018frazisi 1050 kvadrat kilometr olan C\u0259bray\u0131l\u0131n erm\u0259ni-rus h\u0259rbi birl\u0259\u015fm\u0259l\u0259ri t\u0259r\u0259find\u0259n tutulmas\u0131 il\u0259 72 \u00fcmumt\u0259hsil m\u0259kt\u0259bi, 8 x\u0259st\u0259xana, 5 m\u0259scid, 2 muzey, 129 tarixi abid\u0259, 149 m\u0259d\u0259niyy\u0259t oca\u011f\u0131 i\u015f\u011fal alt\u0131nda qal\u0131b. C\u0259bray\u0131l rayonunda respublika v\u0259 rayon \u0259h\u0259miyy\u0259tli 120-d\u0259k tarixi memarl\u0131q abid\u0259si, qiym\u0259tli a\u011fac n\u00f6vl\u0259rind\u0259n ibar\u0259t me\u015f\u0259l\u0259r, b\u00f6y\u00fck ehtiyata malik yeralt\u0131 s\u0259rv\u0259tl\u0259r, qeyri-adi flora v\u0259 faunas\u0131 il\u0259 se\u00e7il\u0259n Dirida\u011f\u0131n \u00f6z\u00fcn\u0259m\u0259xsus t\u0259bi\u0259t gu\u015f\u0259l\u0259ri, mineral madd\u0259l\u0259rl\u0259 z\u0259ngin su m\u0259nb\u0259l\u0259ri erm\u0259ni i\u015f\u011fal\u00e7\u0131lar\u0131 t\u0259r\u0259find\u0259n da\u011f\u0131d\u0131laraq m\u0259hv edilib. 2006-2007-ci ill\u0259r \u0259rzind\u0259 erm\u0259ni i\u015f\u011fal\u00e7\u0131lar\u0131 t\u0259r\u0259find\u0259n rayonun 16 min hektardan art\u0131q \u0259razisind\u0259 yan\u011f\u0131nlar t\u00f6r\u0259dilib.<\/p>\n<p>\u0130\u015f\u011faldan azad olunan C\u0259bray\u0131lda \u201cAraz Vadisi \u0130qtisadi Zonas\u0131\u201dn\u0131n yarad\u0131lmas\u0131 da rayonun inki\u015faf\u0131 \u00fc\u00e7\u00fcn \u00f6n\u0259mli hadis\u0259dir. Rayonun b\u00fct\u00fcn k\u0259ndl\u0259rinin t\u0259dric\u0259n b\u0259rpa edilm\u0259si proqram\u0131 t\u0259sdiq edilib, haz\u0131rda C\u0259bray\u0131lda 200 hektar\u0131 \u0259hat\u0259 ed\u0259n b\u00f6y\u00fck bir layih\u0259 icra olunur, 4-6 zolaql\u0131 yol \u00e7\u0259kilir, SOCAR v\u0259 BP 240 meqavatl\u0131q g\u00fcn\u0259\u015f elektrik stansiyas\u0131n\u0131n in\u015fas\u0131n\u0131 planla\u015fd\u0131r\u0131r. B\u00fct\u00fcn bunlarla yana\u015f\u0131, Prezident \u0130lham \u018fliyevin i\u015ftirak\u0131 il\u0259 C\u0259bray\u0131lda \u201cKamAZ\u201d ASC il\u0259 \u201cG\u0259nc\u0259 Avtomobil Zavodu\u201d \u0130stehsalat Birliyinin birg\u0259 servis m\u0259rk\u0259zinin, \u015e\u0259rqi Z\u0259ng\u0259zur iqtisadi rayonunda \u201cAraz Vadisi \u0130qtisadi Zonas\u0131\u201d S\u0259naye Park\u0131n\u0131n, C\u0259bray\u0131l Rayon M\u0259rk\u0259zi X\u0259st\u0259xanas\u0131n\u0131n, akademik Mehdi Mehdizad\u0259 ad\u0131na tam orta m\u0259kt\u0259bin, ilk \u00e7oxm\u0259nzilli ya\u015fay\u0131\u015f m\u0259h\u0259ll\u0259sinin, Memorial Kompleksin v\u0259 \u015f\u0259h\u0259rin b\u0259rpas\u0131n\u0131n t\u0259m\u0259lqoyma m\u0259rasiml\u0259ri ke\u00e7irilib. \u201cC\u0259bray\u0131l\u201d yar\u0131mstansiyan\u0131n, D\u00f6vl\u0259t S\u0259rh\u0259d Xidm\u0259tinin h\u0259rbi hiss\u0259 kompleksinin a\u00e7\u0131l\u0131\u015f\u0131 olub. B\u00fct\u00fcn bunlar is\u0259 he\u00e7 \u015f\u00fcbh\u0259siz ki, i\u015f\u011faldan azad olunmu\u015f C\u0259bray\u0131l\u0131n s\u00fcr\u0259tli \u015f\u0259kild\u0259 b\u0259rpas\u0131na hesablan\u0131b.<\/p>\n<p>V\u0259t\u0259n m\u00fcharib\u0259sinin ilk g\u00fcn\u00fcnd\u0259 &#8211; 2020-ci ilin 27 sentyabr tarixind\u0259 Az\u0259rbaycan Ordusu C\u0259bray\u0131l rayonunun B\u00f6y\u00fck M\u0259rcanl\u0131 v\u0259 N\u00fczgar k\u0259ndl\u0259rini, oktyabr\u0131n 3-d\u0259 Mehdili, \u00c7ax\u0131rl\u0131, A\u015fa\u011f\u0131 Maralyan, \u015e\u0259yb\u0259y v\u0259 Quycaq k\u0259ndl\u0259rini d\u00fc\u015fm\u0259n i\u015f\u011fal\u0131ndan azad etdi. Oktyabr\u0131n 4-d\u0259 is\u0259 C\u0259bray\u0131l \u015f\u0259h\u0259ri il\u0259 yana\u015f\u0131, rayonun daha 9 k\u0259ndi &#8211; Karxulu, \u015e\u00fck\u00fcrb\u0259yli, \u00c7\u0259r\u0259k\u0259n, Da\u015fk\u0259s\u0259n, Horovlu, Mahmudlu, C\u0259f\u0259rabad, Yuxar\u0131 Maralyan v\u0259 D\u0259j\u0259l erm\u0259ni i\u015f\u011fal\u00e7\u0131lar\u0131ndan t\u0259mizl\u0259ndi. Azad olunmu\u015f \u0259razil\u0259r\u0259 Az\u0259rbaycan\u0131n \u00fc\u00e7r\u0259ngli \u015fanl\u0131 bayra\u011f\u0131 sanc\u0131ld\u0131. Bununla Az\u0259rbaycan Ordusunun Xocav\u0259nd rayonunun c\u0259nub k\u0259ndl\u0259ri v\u0259 strateji \u0259h\u0259miyy\u0259tli Hadrut q\u0259s\u0259b\u0259si istiqm\u0259tind\u0259 h\u0259rbi \u0259m\u0259liyyatlar ke\u00e7irm\u0259si \u00fc\u00e7\u00fcn geni\u015f imkanlar yarand\u0131. C\u0259bray\u0131l\u0131n azad olunmas\u0131 Az\u0259rbaycan Ordusunun \u015f\u00fcca\u0259tinin n\u0259tic\u0259si kimi \u00e7a\u011fda\u015f tariximiz\u0259 d\u00fc\u015fd\u00fc.<\/p>\n<p>C\u0259bray\u0131l rayonu 8 avqust 1930-cu ild\u0259 t\u0259\u015fkil edilib. 4 yanvar 1963-c\u00fc ild\u0259 l\u0259\u011fv edil\u0259r\u0259k F\u00fczuli rayonuna birl\u0259\u015fdirilib, 17 iyun 1964-c\u00fc ild\u0259 rayon yenid\u0259n yarad\u0131l\u0131b. C\u0259bray\u0131l Ki\u00e7ik Qafqaz da\u011flar\u0131n\u0131n c\u0259nub-\u015f\u0259rqind\u0259, G\u0259y\u0259n d\u00fcz\u00fc v\u0259 Qaraba\u011f silsil\u0259sind\u0259 yerl\u0259\u015fir. Rayon c\u0259nubdan Araz \u00e7ay\u0131 boyu \u0130ran \u0130slam Respublikas\u0131 il\u0259 h\u0259ms\u0259rh\u0259ddir. Sah\u0259si 1049 kvadrat kilometrdir, \u0259razisi \u0259sas\u0259n da\u011fl\u0131qd\u0131r. Araz \u00e7ay\u0131n\u0131n q\u0131ra\u011f\u0131 vaxtil\u0259 Tuqay me\u015f\u0259l\u0259ri il\u0259 s\u0131x olub. Arazboyu d\u00fcz\u0259nlikl\u0259rin torpaqlar\u0131 y\u00fcks\u0259k m\u0259hsuldarl\u0131\u011fa malik t\u00fcnd \u015fabal\u0131d\u0131 torpaqlard\u0131r.<\/p>\n<p>1994-c\u00fc il 5 yanvar tarixind\u0259 Horadiz \u0259m\u0259liyyat\u0131 zaman\u0131 C\u0259bray\u0131l\u0131n Cocuq M\u0259rcanl\u0131 k\u0259ndi i\u015f\u011faldan azad olunub. 2016-c\u0131 il Aprel d\u00f6y\u00fc\u015fl\u0259ri zaman\u0131 Az\u0259rbaycan Ordusunun \u0259ks-h\u00fccumu n\u0259tic\u0259sind\u0259 L\u0259l\u0259t\u0259p\u0259 y\u00fcks\u0259kliyi d\u00fc\u015fm\u0259nd\u0259n t\u0259mizl\u0259nib v\u0259 Cocuq M\u0259rcanl\u0131 k\u0259ndi Az\u0259rbaycan Ordusunun n\u0259zar\u0259ti alt\u0131na ke\u00e7ib. 2020-ci ilin oktyabr\u0131n 4-d\u0259 Az\u0259rbaycan Prezidenti, M\u00fcz\u0259ff\u0259r Ali Ba\u015f Komandan \u0130lham \u018fliyev xalqa m\u00fcraci\u0259tind\u0259 C\u0259bray\u0131l \u015f\u0259h\u0259ri v\u0259 rayonun daha 9 k\u0259ndinin i\u015f\u011faldan azad olundu\u011funu elan edib. C\u0259bray\u0131l\u0131n d\u00fc\u015fm\u0259n i\u015f\u011fal\u0131ndan t\u0259mizl\u0259nm\u0259si il\u0259 Az\u0259rbaycan-\u0130ran s\u0259rh\u0259din\u0259 d\u00f6vl\u0259t n\u0259zar\u0259ti b\u0259rpa edilib. M\u00fcharib\u0259 ba\u015flayandan bir h\u0259ft\u0259 sonra C\u0259bray\u0131l\u0131n azad edilm\u0259si i\u015f\u011fal\u00e7\u0131 Erm\u0259nistan ordusunun ilk \u0259n ciddi v\u0259 b\u00f6y\u00fckmiqyasl\u0131 z\u0259rb\u0259 almas\u0131 il\u0259 n\u0259tic\u0259l\u0259ndi. Bununla da d\u00fc\u015fm\u0259n ordusunda \u00e7ox b\u00f6y\u00fck ruh d\u00fc\u015fk\u00fcnl\u00fcy\u00fc, inams\u0131zl\u0131q yarand\u0131.<\/p>\n<p>Az\u0259rbaycan\u0131n V\u0259t\u0259n m\u00fcharib\u0259sind\u0259 d\u00fc\u015fm\u0259n \u00fcz\u0259rind\u0259 Z\u0259f\u0259r \u00e7almas\u0131ndan 6 g\u00fcn sonra \u2013 2020-ci ilin noyabr ay\u0131n\u0131n 16-da Prezident \u0130lham \u018fliyev v\u0259 birinci xan\u0131m Mehriban \u018fliyeva i\u015f\u011faldan azad edil\u0259n C\u0259bray\u0131l rayonunda olublar. Prezident C\u0259bray\u0131l \u015f\u0259h\u0259rind\u0259 v\u0259 Xudaf\u0259rin k\u00f6rp\u00fcs\u00fcnd\u0259 \u015fanl\u0131 Az\u0259rbaycan Bayra\u011f\u0131n\u0131 qald\u0131r\u0131b. Bunun b\u00f6y\u00fck tarixi v\u0259 siyasi \u0259h\u0259miyy\u0259ti var. Xalq\u0131m\u0131z\u0131n m\u0259n\u0259viyyat\u0131nda, tarixind\u0259 d\u0259rin iz buraxan Xudaf\u0259rin h\u0259m d\u0259 milli q\u00fcrur simvoludur.<\/p>\n<p>2020-ci il noyabr\u0131n 26-da Prezident \u0130lham \u018fliyevin S\u0259r\u0259ncam\u0131 il\u0259 \u201cC\u0259bray\u0131l\u0131n azad olunmas\u0131na g\u00f6r\u0259\u201d medal\u0131 t\u0259sis edilib. Prezident \u0130lham \u018fliyevin 2020-ci ilin dekabr\u0131n 24-d\u0259 v\u0259 2021-ci ilin iyunun 24-d\u0259 imzalad\u0131\u011f\u0131 m\u00fcvafiq s\u0259r\u0259ncamlara \u0259sas\u0259n, C\u0259bray\u0131l rayonunun i\u015f\u011faldan azad edilm\u0259si u\u011frunda apar\u0131lm\u0131\u015f d\u00f6y\u00fc\u015f \u0259m\u0259liyyatlar\u0131nda i\u015ftirak ed\u0259r\u0259k \u015f\u0259xsi igidlik v\u0259 \u015f\u00fcca\u0259t n\u00fcmayi\u015f etdirmi\u015f Az\u0259rbaycan Respublikas\u0131 Silahl\u0131 Q\u00fcvv\u0259l\u0259rinin 22744 h\u0259rbi qulluq\u00e7usu \u201cC\u0259bray\u0131l\u0131n azad olunmas\u0131na g\u00f6r\u0259\u201d medal\u0131 il\u0259 t\u0259ltif edilib.<\/p>\n<p>2020-ci ilin 4 oktyabr tarixi b\u00fct\u00fcn c\u0259bray\u0131ll\u0131lar \u00fc\u00e7\u00fcn unudulmaz g\u00fcn\u0259 \u00e7evrilib. M\u0259hz h\u0259min g\u00fcn 27 illik yurd h\u0259sr\u0259tin\u0259 son qoyulub.<\/p>\n","protected":false},"excerpt":{"rendered":"<p>Tariximizin \u0259n \u015f\u0259r\u0259fli anlar\u0131, q\u0259l\u0259b\u0259l\u0259ri s\u0131ras\u0131nda C\u0259bray\u0131l\u0131n azad edilm\u0259si x\u00fcsusi \u0259h\u0259miyy\u0259t da\u015f\u0131y\u0131r M\u0259n az\u0259rbaycanl\u0131yam!.. Bu s\u00f6z nec\u0259 d\u0259 q\u00fcrurlu s\u0259sl\u0259nir. Bu hissi ya\u015fayan h\u0259r k\u0259s xo\u015fb\u0259xtdir. Xo\u015fb\u0259xtdir ki, do\u011fma yurdu, m\u00fcst\u0259qil d\u00f6vl\u0259ti var. Biz\u0259 o\u011ful dey\u0259n V\u0259t\u0259nimiz, u\u011frunda can\u0131m\u0131z\u0131 sev\u0259-sev\u0259 qurban ver\u0259c\u0259yimiz m\u00fcq\u0259dd\u0259s torpaqlar\u0131m\u0131z var. Daim f\u0259xr edil\u0259c\u0259k ke\u00e7mi\u015fimiz, \u00e7i\u00e7\u0259kl\u0259n\u0259n bug\u00fcn\u00fcm\u00fcz, parlaq g\u0259l\u0259c\u0259yimiz var. V\u0259t\u0259nimiz d\u0259 xo\u015fb\u0259xtdir ki, ona \u00fcr\u0259kd\u0259n ba\u011fl\u0131 olan xalq\u0131, q\u0259hr\u0259man o\u011fullar\u0131 var. Onu ya\u011f\u0131lardan qoruyan g\u00fccl\u00fc ordusu var. Bel\u0259likl\u0259, 30 ild\u0259n b\u0259ri g\u00f6zl\u0259diyimiz Q\u0259l\u0259b\u0259nin art\u0131q \u00fc\u00e7\u00fcnc\u00fc ild\u00f6n\u00fcm\u00fcn\u00fc qeyd etm\u0259k \u0259r\u0259f\u0259sind\u0259yik. Az\u0259rbaycan xalq\u0131 xeyli vaxtd\u0131r ki, ordumuzun&hellip;<\/p>\n","protected":false},"author":2,"featured_media":641558,"comment_status":"closed","ping_status":"closed","sticky":false,"template":"","format":"standard","meta":{"om_disable_all_campaigns":false,"_monsterinsights_skip_tracking":false,"_monsterinsights_sitenote_active":false,"_monsterinsights_sitenote_note":"","_monsterinsights_sitenote_category":0},"categories":[1],"tags":[],"aioseo_notices":[],"gutentor_comment":0,"rttpg_featured_image_url":{"full":["https:\/\/arantv.az\/wp-content\/uploads\/2023\/10\/e7ac288b167942408693025382910002074.jpg",975,540,false],"landscape":["https:\/\/arantv.az\/wp-content\/uploads\/2023\/10\/e7ac288b167942408693025382910002074.jpg",975,540,false],"portraits":["https:\/\/arantv.az\/wp-content\/uploads\/2023\/10\/e7ac288b167942408693025382910002074.jpg",975,540,false],"thumbnail":["https:\/\/arantv.az\/wp-content\/uploads\/2023\/10\/e7ac288b167942408693025382910002074-500x280.jpg",500,280,true],"medium":["https:\/\/arantv.az\/wp-content\/uploads\/2023\/10\/e7ac288b167942408693025382910002074-660x365.jpg",660,365,true],"large":["https:\/\/arantv.az\/wp-content\/uploads\/2023\/10\/e7ac288b167942408693025382910002074-840x465.jpg",640,354,true],"1536x1536":["https:\/\/arantv.az\/wp-content\/uploads\/2023\/10\/e7ac288b167942408693025382910002074.jpg",975,540,false],"2048x2048":["https:\/\/arantv.az\/wp-content\/uploads\/2023\/10\/e7ac288b167942408693025382910002074.jpg",975,540,false],"post-thumbnail":["https:\/\/arantv.az\/wp-content\/uploads\/2023\/10\/e7ac288b167942408693025382910002074-240x172.jpg",240,172,true],"advps-thumb-one":["https:\/\/arantv.az\/wp-content\/uploads\/2023\/10\/e7ac288b167942408693025382910002074.jpg",975,540,false]},"rttpg_author":{"display_name":"V\u00fcsal Rafiqo\u011flu","author_link":"https:\/\/arantv.az\/?author=2"},"rttpg_comment":0,"rttpg_category":"<a href=\"https:\/\/arantv.az\/?cat=1\" rel=\"category\">C\u0259miyy\u0259t<\/a>","rttpg_excerpt":"Tariximizin \u0259n \u015f\u0259r\u0259fli anlar\u0131, q\u0259l\u0259b\u0259l\u0259ri s\u0131ras\u0131nda C\u0259bray\u0131l\u0131n azad edilm\u0259si x\u00fcsusi \u0259h\u0259miyy\u0259t da\u015f\u0131y\u0131r M\u0259n az\u0259rbaycanl\u0131yam!.. Bu s\u00f6z nec\u0259 d\u0259 q\u00fcrurlu s\u0259sl\u0259nir. Bu hissi ya\u015fayan h\u0259r k\u0259s xo\u015fb\u0259xtdir. Xo\u015fb\u0259xtdir ki, do\u011fma yurdu, m\u00fcst\u0259qil d\u00f6vl\u0259ti var. Biz\u0259 o\u011ful dey\u0259n V\u0259t\u0259nimiz, u\u011frunda can\u0131m\u0131z\u0131 sev\u0259-sev\u0259 qurban ver\u0259c\u0259yimiz m\u00fcq\u0259dd\u0259s torpaqlar\u0131m\u0131z var. Daim f\u0259xr edil\u0259c\u0259k ke\u00e7mi\u015fimiz, \u00e7i\u00e7\u0259kl\u0259n\u0259n bug\u00fcn\u00fcm\u00fcz, parlaq g\u0259l\u0259c\u0259yimiz var. V\u0259t\u0259nimiz&hellip;","_links":{"self":[{"href":"https:\/\/arantv.az\/index.php?rest_route=\/wp\/v2\/posts\/641556"}],"collection":[{"href":"https:\/\/arantv.az\/index.php?rest_route=\/wp\/v2\/posts"}],"about":[{"href":"https:\/\/arantv.az\/index.php?rest_route=\/wp\/v2\/types\/post"}],"author":[{"embeddable":true,"href":"https:\/\/arantv.az\/index.php?rest_route=\/wp\/v2\/users\/2"}],"replies":[{"embeddable":true,"href":"https:\/\/arantv.az\/index.php?rest_route=%2Fwp%2Fv2%2Fcomments&post=641556"}],"version-history":[{"count":0,"href":"https:\/\/arantv.az\/index.php?rest_route=\/wp\/v2\/posts\/641556\/revisions"}],"wp:featuredmedia":[{"embeddable":true,"href":"https:\/\/arantv.az\/index.php?rest_route=\/wp\/v2\/media\/641558"}],"wp:attachment":[{"href":"https:\/\/arantv.az\/index.php?rest_route=%2Fwp%2Fv2%2Fmedia&parent=641556"}],"wp:term":[{"taxonomy":"category","embeddable":true,"href":"https:\/\/arantv.az\/index.php?rest_route=%2Fwp%2Fv2%2Fcategories&post=641556"},{"taxonomy":"post_tag","embeddable":true,"href":"https:\/\/arantv.az\/index.php?rest_route=%2Fwp%2Fv2%2Ftags&post=641556"}],"curies":[{"name":"wp","href":"https:\/\/api.w.org\/{rel}","templated":true}]}}