{"id":641566,"date":"2023-10-05T08:55:37","date_gmt":"2023-10-05T04:55:37","guid":{"rendered":"https:\/\/arantv.az\/?p=641566"},"modified":"2023-10-05T08:55:37","modified_gmt":"2023-10-05T04:55:37","slug":"prezident-%c9%99liyev-o-gorus%c9%99-t%c9%99k-d%c9%99-ged%c9%99-bil%c9%99rdi","status":"publish","type":"post","link":"https:\/\/arantv.az\/?p=641566","title":{"rendered":"Prezident \u018fliyev o g\u00f6r\u00fc\u015f\u0259 t\u0259k d\u0259 ged\u0259 bil\u0259rdi&#8230;"},"content":{"rendered":"<h3><strong>Fransa v\u0259 Almaniya niy\u0259 NATO-nun \u0259n g\u00fccl\u00fc ikinci ordusuna sahib olan m\u00fctt\u0259fiql\u0259ri T\u00fcrkiy\u0259nin masada olmas\u0131na qar\u0131nlar\u0131 a\u011fr\u0131d\u0131?<\/strong><\/h3>\n<p>Az\u0259rbaycan Prezidenti \u0130lham \u018fliyevin Erm\u0259nistan\u0131n ba\u015f naziri Nikol Pa\u015finyanla Avropa \u0130ttifaq\u0131 \u015euras\u0131n\u0131n s\u0259dri \u015earl Mi\u015fel, Fransa prezidenti Emmanuel Makron v\u0259 Almaniya kansleri Olaf \u015eoltsun da masaya oturaca\u011f\u0131 g\u00f6r\u00fc\u015f\u0259 getm\u0259m\u0259si m\u00fcbahis\u0259siz do\u011fru q\u0259rard\u0131r.<\/p>\n<p><img loading=\"lazy\" src=\"https:\/\/cdn.musavat.com\/news\/thumbnails\/df694947dd70dfb206e2c650c0b105f1.jpg\" alt=\"6813__cw6st-min.jpg (218 KB)\" width=\"1920\" height=\"1080\" \/><\/p>\n<p>\u018fslind\u0259, \u015earl Mi\u015felin vasit\u0259\u00e7ilik format\u0131na \u0259vv\u0259l Makronun soxulmas\u0131, onun ard\u0131nca is\u0259 Almaniya kanslerinin d\u0259 masya oturmas\u0131 he\u00e7 bir x\u00fcsusi perspektiv v\u0259d etmirdi. Fransan\u0131n dan\u0131\u015f\u0131qlarda daima &#8220;bac\u0131s\u0131\u201dn\u0131n maraqlar\u0131n\u0131 m\u00fcdafi\u0259 etm\u0259si h\u0259l\u0259 Minsk Qrupunda vasit\u0259\u00e7i olandan b\u0259llidir. Almaniya is\u0259 Qaraba\u011f dan\u0131\u015f\u0131qlar\u0131nda he\u00e7 vaxt x\u00fcsusi rol almay\u0131b. Ukrayna il\u0259 Rusiya aras\u0131nda imzalanm\u0131\u015f v\u0259 yerin\u0259 yetirilm\u0259mi\u015f Minsk raz\u0131la\u015fmas\u0131nda Fransa daxil, Almaniyan\u0131n da imzas\u0131 olsa da, indi h\u0259r iki \u00f6lk\u0259 AB\u015e-\u0131n t\u0259hriki il\u0259 bu m\u00fcharib\u0259d\u0259 \u0259sas q\u0131z\u0131\u015fd\u0131r\u0131c\u0131 rol al\u0131blar. Fransa bu m\u00fcnaqi\u015f\u0259 konteksind\u0259 \u00f6lk\u0259sind\u0259 ciddi sosial probleml\u0259rl\u0259 \u00fczl\u0259\u015fib, xalq etirazlar\u0131n\u0131 g\u00f6rm\u0259zd\u0259n g\u0259l\u0259n, onlara k\u00fc\u00e7\u0259l\u0259rd\u0259 divan tutan v\u0259 dan\u0131\u015f\u0131qlar masas\u0131na oturmayan prezident Makronun vasit\u0259\u00e7ilik iddias\u0131 qeyri-ciddilikd\u0259n ba\u015fqa bir \u015fey deyil.<\/p>\n<p>Ayd\u0131nd\u0131r ki, Fransa o masada erm\u0259nil\u0259rin m\u00fcdafi\u0259\u00e7isi kimi oturub v\u0259 r\u0259smi Parisin son aylar daha da artan anti-Az\u0259rbaycan f\u0259aliyy\u0259ti bunu bir daha t\u0259sdiq edir. Guya bit\u0259r\u0259f kimi baxd\u0131\u011f\u0131m\u0131z Almaniya da Qaraba\u011fdak\u0131 son antiterror t\u0259dbirl\u0259rind\u0259n sonra q\u0259r\u0259zini gizl\u0259d\u0259 bilm\u0259di. Xarici i\u015fl\u0259r naziri Annalena Berbok Az\u0259rbaycana qar\u015f\u0131 x\u00fcsusil\u0259 aqressiv m\u00f6vqe s\u0259rgil\u0259yir. M\u0259hz hakim koalisiyaya daxil olan \u201cya\u015f\u0131llar\u201d ard\u0131c\u0131l olaraq anti-Az\u0259rbaycan v\u0259 anti-T\u00fcrkiy\u0259 m\u00f6vqed\u0259n \u00e7\u0131x\u0131\u015f edirl\u0259r.<\/p>\n<p><img loading=\"lazy\" src=\"https:\/\/cdn.musavat.com\/news\/thumbnails\/aa0d1f8fad5bce4c91733a16cebae0c3.jpg\" alt=\"armenia-2.jpeg (213 KB)\" width=\"1920\" height=\"1080\" \/><\/p>\n<p>Annalena Berbok Az\u0259rbaycana qar\u015f\u0131 sanksiyalar\u0131n t\u0259tbiqinin z\u0259ruriliyi il\u0259 ba\u011fl\u0131 b\u0259yanat\u0131ndan \u0259lav\u0259, Az\u0259rbaycan Silahl\u0131 Q\u00fcvv\u0259l\u0259rinin faktiki olaraq qanunun aliliyinin b\u0259rpas\u0131na y\u00f6n\u0259lmi\u015f antiterror t\u0259dbirl\u0259rini d\u0259 k\u0259skin t\u0259nqid edib. Siyasi savads\u0131zl\u0131\u011f\u0131 il\u0259 heyr\u0259tl\u0259ndir\u0259n Berbokun (bu g\u00fcnl\u0259rd\u0259 deyib ki, Avropa Birliyinin s\u0259rh\u0259dl\u0259ri Lissabondan Luqansk\u0131ya q\u0259d\u0259r (Rusiyan\u0131n i\u015f\u011fal\u0131ndad\u0131r) uzanmal\u0131d\u0131r) m\u0259s\u0259l\u0259n, Xank\u0259ndini Az\u0259rbaycan x\u0259rit\u0259sind\u0259 g\u00f6st\u0259r\u0259 bil\u0259c\u0259yi \u015f\u00fcbh\u0259lidir.<\/p>\n<p>Almaniyan\u0131n erm\u0259ni yalan\u0131na v\u0259 anti-Az\u0259rbaycan xoruna qo\u015fulmas\u0131 ancaq t\u0259\u0259ss\u00fcf do\u011furur. \u00c7\u00fcnki n\u0259 Fransa, n\u0259 Almaniya n\u0259 dig\u0259r erm\u0259ni d\u0259st\u0259k\u00e7il\u0259ri Az\u0259rbaycan\u0131n Qaraba\u011fda tam suverenliyinin b\u0259rpa etm\u0259sin\u0259 \u0259ng\u0259l ola bildil\u0259r. \u0130ndi m\u00fcmk\u00fcn g\u00f6r\u00fc\u015fd\u0259 g\u00fcnd\u0259m Erm\u0259nistanla s\u00fclh m\u00fcqavil\u0259si olmal\u0131 idi. Az\u0259rbaycan\u0131n be\u015f prinsipi b\u0259llidir. Amma \u015f\u00fcbh\u0259 yoxdur ki, \u201cEuronews\u201d telekanal\u0131na m\u00fcsahib\u0259sind\u0259 \u201cAz\u0259rbaycan\u0131n Qaraba\u011fda h\u0259rbi \u0259m\u0259liyyat ke\u00e7irm\u0259k q\u0259rar\u0131ndan son d\u0259r\u0259c\u0259 m\u0259yus oldu\u011funu\u201d a\u00e7\u0131qlamaqla \u00f6z\u00fcn\u00fc vasit\u0259\u00e7i m\u00f6vqeyind\u0259n sap\u0131nd\u0131ran \u015earl Mi\u015fel d\u0259 daxil m\u0259lum \u00fc\u00e7l\u00fcy\u00fcn niyy\u0259ti he\u00e7 d\u0259 t\u0259m\u0259lli s\u00fclh sazi\u015finin m\u00fczakir\u0259si olmayacaqd\u0131r. Onlar \u201cbirl\u0259\u015f\u0259r\u0259k\u201d Az\u0259rbaycan\u0131 ittiham etm\u0259k niyy\u0259tind\u0259 idil\u0259r ki, Prezident \u018fliyevin indi bu bo\u015f v\u0259 \u0259sass\u0131z iddialara qulaq asma\u011fa zaman\u0131 yoxdur.<\/p>\n<p><img loading=\"lazy\" src=\"https:\/\/cdn.musavat.com\/news\/thumbnails\/ca05f4b04c9aee3c454044ad712b4c03.jpg\" alt=\"7ce6171d017413485bd39d2ada674921.jpg (532 KB)\" width=\"1340\" height=\"914\" \/><\/p>\n<p>O s\u0259b\u0259bd\u0259n, Az\u0259rbaycan regionda ciddi t\u0259sir imkanlar\u0131 olan T\u00fcrkiy\u0259nin d\u0259 bu formatda i\u015ftirak\u0131nda t\u0259kid edib. Ax\u0131 nec\u0259 ola bil\u0259r ki, regiondan uzaq olan \u00f6lk\u0259 liderl\u0259ri, Avropa \u0130ttifaq\u0131 masada otursun, T\u00fcrkiy\u0259 is\u0259 k\u0259narda qals\u0131n. H\u0259m d\u0259 haql\u0131 sual ortaya \u00e7\u0131x\u0131r: Fransa v\u0259 Almaniya NATO-nun \u00fczv\u00fc oldu\u011fu halda, niy\u0259 \u015eimali Atlantika blokunun \u0259n g\u00fccl\u00fc ikinci ordusuna sahib m\u00fctt\u0259fiql\u0259ri T\u00fcrkiy\u0259nin masada olmas\u0131na qar\u0131nlar\u0131 a\u011fr\u0131d\u0131 ki? Dem\u0259k bu regiona Erm\u0259nistan\u0131n himay\u0259\u00e7isi kimi daxil olmaq ist\u0259y\u0259nl\u0259r\u0259 \u201cya\u015f\u0131l i\u015f\u0131q\u201d olmal\u0131, amma Az\u0259rbaycanla m\u00fctt\u0259fiq olan T\u00fcrkiy\u0259y\u0259 \u201cq\u0131rm\u0131z\u0131 i\u015f\u0131q\u201d? Bu t\u0259klif\u0259 t\u0259r\u0259fl\u0259rin niy\u0259 raz\u0131la\u015fmad\u0131qlar\u0131n\u0131n h\u0259r hans\u0131 b\u0259han\u0259l\u0259ri varsa, bu bizi q\u0259tiyy\u0259n maraqland\u0131rm\u0131r.<\/p>\n<p>\u00c7\u00fcnki \u0259sl niyy\u0259t b\u0259llidir: Az\u0259rbaycan\u0131n b\u00f6lg\u0259d\u0259 artan g\u00fcc\u00fcn\u00fcn qar\u015f\u0131s\u0131n\u0131 almaq, T\u00fcrkiy\u0259nin regional g\u00fcc m\u0259rk\u0259zi olmas\u0131n\u0131 \u0259ng\u0259ll\u0259m\u0259k. Qranada g\u00f6r\u00fc\u015f\u00fcnd\u0259n imtina \u00f6z\u00fcn\u00fc az qala ist\u0259nil\u0259n situasiyan\u0131n y\u00f6nl\u0259ndirici hesab ed\u0259n d\u00f6vl\u0259tl\u0259r\u0259 etiraz deyil, x\u0259b\u0259rdarl\u0131qd\u0131r. Prezident \u018fliyev o g\u00f6r\u00fc\u015f\u0259 \u0259vv\u0259lki kimi t\u0259k d\u0259 ged\u0259 bil\u0259r, Az\u0259rbaycan\u0131n da m\u00f6vqeyini \u0259n y\u00fcks\u0259k s\u0259viyy\u0259d\u0259 m\u00fcdafi\u0259 ed\u0259 bil\u0259rdi. Amma buna ehtiyac yoxdur, Az\u0259rbaycan\u0131n he\u00e7 kim\u0259 ver\u0259 bilm\u0259y\u0259c\u0259yi cavab yoxdur, amma \u0259n \u0259sas\u0131 \u00f6z \u0259razisind\u0259 separatizmin k\u00f6k\u00fcn\u00fc k\u0259sm\u0259k \u00fc\u00e7\u00fcn kimd\u0259ns\u0259 icaz\u0259 alas\u0131, raz\u0131lq g\u00f6zl\u0259y\u0259si d\u0259 deyildi. O d\u00f6vrl\u0259r ke\u00e7ib, indi regionda \u00f6z\u00fcn\u00fc m\u00fcdafi\u0259 ed\u0259 bil\u0259c\u0259k, s\u00f6z\u00fcke\u00e7\u0259n Az\u0259rbaycan v\u0259 onun \u0259n yax\u0131n m\u00fctt\u0259fiqi olan T\u00fcrkiy\u0259 var. Bununla hesabla\u015fmaq laz\u0131md\u0131r, bu, bir reall\u0131qd\u0131r.<\/p>\n<p>Az\u0259rbaycan Prezidenti xalqa son m\u00fcraci\u0259tind\u0259 d\u0259 regiondan uzaq \u00f6lk\u0259l\u0259rin C\u0259nubi Qafqaza m\u00fcdaxil\u0259 etm\u0259m\u0259y\u0259 s\u0259sl\u0259di. M\u0259nc\u0259, Br\u00fcsselin vasit\u0259\u00e7iliyin\u0259 d\u0259 daha \u00e7ox \u00fcmid etm\u0259k g\u0259r\u0259k deyil.<\/p>\n<p>Tiflis bu dan\u0131\u015f\u0131qlar m\u0259kan\u0131, G\u00fcrc\u00fcstan vasit\u0259\u00e7i kimi \u0259n uy\u011fun \u00f6lk\u0259dir. Qranada dan\u0131\u015f\u0131qlar\u0131nda s\u00fclh m\u00f6vzusunda x\u00fcsusi ir\u0259lil\u0259yi\u015f g\u00f6zl\u0259m\u0259k \u0259lb\u0259tt\u0259 ki, sad\u0259l\u00f6vhl\u00fck olard\u0131. Zat\u0259n, indi \u0130r\u0259van\u0131n v\u0259 Pa\u015finyan\u0131n ba\u015f\u0131 \u00f6lk\u0259daxili g\u0259rginliy\u0259 qar\u0131\u015f\u0131b.<\/p>\n<p>Pa\u015finyan h\u00f6kum\u0259ti indi vurnuxur v\u0259 ona Q\u0259rb liderl\u0259ri il\u0259 g\u00f6r\u00fc\u015f \u00e7ox laz\u0131md\u0131r. Getsinl\u0259r, n\u0259 q\u0259d\u0259r ist\u0259yirl\u0259r \u015f\u0259kil \u00e7\u0259kdirsinl\u0259r&#8230;<\/p>\n","protected":false},"excerpt":{"rendered":"<p>Fransa v\u0259 Almaniya niy\u0259 NATO-nun \u0259n g\u00fccl\u00fc ikinci ordusuna sahib olan m\u00fctt\u0259fiql\u0259ri T\u00fcrkiy\u0259nin masada olmas\u0131na qar\u0131nlar\u0131 a\u011fr\u0131d\u0131? Az\u0259rbaycan Prezidenti \u0130lham \u018fliyevin Erm\u0259nistan\u0131n ba\u015f naziri Nikol Pa\u015finyanla Avropa \u0130ttifaq\u0131 \u015euras\u0131n\u0131n s\u0259dri \u015earl Mi\u015fel, Fransa prezidenti Emmanuel Makron v\u0259 Almaniya kansleri Olaf \u015eoltsun da masaya oturaca\u011f\u0131 g\u00f6r\u00fc\u015f\u0259 getm\u0259m\u0259si m\u00fcbahis\u0259siz do\u011fru q\u0259rard\u0131r. \u018fslind\u0259, \u015earl Mi\u015felin vasit\u0259\u00e7ilik format\u0131na \u0259vv\u0259l Makronun soxulmas\u0131, onun ard\u0131nca is\u0259 Almaniya kanslerinin d\u0259 masya oturmas\u0131 he\u00e7 bir x\u00fcsusi perspektiv v\u0259d etmirdi. Fransan\u0131n dan\u0131\u015f\u0131qlarda daima &#8220;bac\u0131s\u0131\u201dn\u0131n maraqlar\u0131n\u0131 m\u00fcdafi\u0259 etm\u0259si h\u0259l\u0259 Minsk Qrupunda vasit\u0259\u00e7i olandan b\u0259llidir. Almaniya is\u0259 Qaraba\u011f dan\u0131\u015f\u0131qlar\u0131nda he\u00e7 vaxt&hellip;<\/p>\n","protected":false},"author":2,"featured_media":641571,"comment_status":"closed","ping_status":"closed","sticky":false,"template":"","format":"standard","meta":{"om_disable_all_campaigns":false,"_monsterinsights_skip_tracking":false,"_monsterinsights_sitenote_active":false,"_monsterinsights_sitenote_note":"","_monsterinsights_sitenote_category":0},"categories":[19],"tags":[],"aioseo_notices":[],"gutentor_comment":0,"rttpg_featured_image_url":{"full":["https:\/\/arantv.az\/wp-content\/uploads\/2023\/10\/51e1566dcaeb4752507b3ccf9e4c89b4.jpg",750,447,false],"landscape":["https:\/\/arantv.az\/wp-content\/uploads\/2023\/10\/51e1566dcaeb4752507b3ccf9e4c89b4.jpg",750,447,false],"portraits":["https:\/\/arantv.az\/wp-content\/uploads\/2023\/10\/51e1566dcaeb4752507b3ccf9e4c89b4.jpg",750,447,false],"thumbnail":["https:\/\/arantv.az\/wp-content\/uploads\/2023\/10\/51e1566dcaeb4752507b3ccf9e4c89b4-500x280.jpg",500,280,true],"medium":["https:\/\/arantv.az\/wp-content\/uploads\/2023\/10\/51e1566dcaeb4752507b3ccf9e4c89b4-612x365.jpg",612,365,true],"large":["https:\/\/arantv.az\/wp-content\/uploads\/2023\/10\/51e1566dcaeb4752507b3ccf9e4c89b4.jpg",640,381,false],"1536x1536":["https:\/\/arantv.az\/wp-content\/uploads\/2023\/10\/51e1566dcaeb4752507b3ccf9e4c89b4.jpg",750,447,false],"2048x2048":["https:\/\/arantv.az\/wp-content\/uploads\/2023\/10\/51e1566dcaeb4752507b3ccf9e4c89b4.jpg",750,447,false],"post-thumbnail":["https:\/\/arantv.az\/wp-content\/uploads\/2023\/10\/51e1566dcaeb4752507b3ccf9e4c89b4-240x172.jpg",240,172,true],"advps-thumb-one":["https:\/\/arantv.az\/wp-content\/uploads\/2023\/10\/51e1566dcaeb4752507b3ccf9e4c89b4.jpg",750,447,false]},"rttpg_author":{"display_name":"V\u00fcsal Rafiqo\u011flu","author_link":"https:\/\/arantv.az\/?author=2"},"rttpg_comment":0,"rttpg_category":"<a href=\"https:\/\/arantv.az\/?cat=19\" rel=\"category\">G\u00fcnd\u0259m<\/a>","rttpg_excerpt":"Fransa v\u0259 Almaniya niy\u0259 NATO-nun \u0259n g\u00fccl\u00fc ikinci ordusuna sahib olan m\u00fctt\u0259fiql\u0259ri T\u00fcrkiy\u0259nin masada olmas\u0131na qar\u0131nlar\u0131 a\u011fr\u0131d\u0131? Az\u0259rbaycan Prezidenti \u0130lham \u018fliyevin Erm\u0259nistan\u0131n ba\u015f naziri Nikol Pa\u015finyanla Avropa \u0130ttifaq\u0131 \u015euras\u0131n\u0131n s\u0259dri \u015earl Mi\u015fel, Fransa prezidenti Emmanuel Makron v\u0259 Almaniya kansleri Olaf \u015eoltsun da masaya oturaca\u011f\u0131 g\u00f6r\u00fc\u015f\u0259 getm\u0259m\u0259si m\u00fcbahis\u0259siz do\u011fru q\u0259rard\u0131r. \u018fslind\u0259, \u015earl Mi\u015felin vasit\u0259\u00e7ilik format\u0131na \u0259vv\u0259l&hellip;","_links":{"self":[{"href":"https:\/\/arantv.az\/index.php?rest_route=\/wp\/v2\/posts\/641566"}],"collection":[{"href":"https:\/\/arantv.az\/index.php?rest_route=\/wp\/v2\/posts"}],"about":[{"href":"https:\/\/arantv.az\/index.php?rest_route=\/wp\/v2\/types\/post"}],"author":[{"embeddable":true,"href":"https:\/\/arantv.az\/index.php?rest_route=\/wp\/v2\/users\/2"}],"replies":[{"embeddable":true,"href":"https:\/\/arantv.az\/index.php?rest_route=%2Fwp%2Fv2%2Fcomments&post=641566"}],"version-history":[{"count":0,"href":"https:\/\/arantv.az\/index.php?rest_route=\/wp\/v2\/posts\/641566\/revisions"}],"wp:featuredmedia":[{"embeddable":true,"href":"https:\/\/arantv.az\/index.php?rest_route=\/wp\/v2\/media\/641571"}],"wp:attachment":[{"href":"https:\/\/arantv.az\/index.php?rest_route=%2Fwp%2Fv2%2Fmedia&parent=641566"}],"wp:term":[{"taxonomy":"category","embeddable":true,"href":"https:\/\/arantv.az\/index.php?rest_route=%2Fwp%2Fv2%2Fcategories&post=641566"},{"taxonomy":"post_tag","embeddable":true,"href":"https:\/\/arantv.az\/index.php?rest_route=%2Fwp%2Fv2%2Ftags&post=641566"}],"curies":[{"name":"wp","href":"https:\/\/api.w.org\/{rel}","templated":true}]}}