{"id":641570,"date":"2023-10-05T08:56:39","date_gmt":"2023-10-05T04:56:39","guid":{"rendered":"https:\/\/arantv.az\/?p=641570"},"modified":"2023-10-05T08:56:39","modified_gmt":"2023-10-05T04:56:39","slug":"putin-daha-ir%c9%99vana-getm%c9%99y%c9%99c%c9%99k-kreml-lideri-ad-gunu-h%c9%99diyy%c9%99sin%c9%99-nec%c9%99-cavab-ver%c9%99c%c9%99k","status":"publish","type":"post","link":"https:\/\/arantv.az\/?p=641570","title":{"rendered":"Putin daha \u0130r\u0259vana getm\u0259y\u0259c\u0259k &#8211; Kreml lideri ad g\u00fcn\u00fc \u201ch\u0259diyy\u0259si\u201dn\u0259 nec\u0259 cavab ver\u0259c\u0259k&#8230;"},"content":{"rendered":"<p><strong>Erm\u0259nistan\u0131n Rusiya liderinin h\u0259bsini ehtiva ed\u0259n Roma Nizamnam\u0259sini ratifikasiya etm\u0259si Moskvada q\u0259z\u0259b do\u011furub, h\u0259tta h\u0259rbi t\u0259dbirl\u0259r\u0259 ke\u00e7m\u0259k \u00e7a\u011f\u0131r\u0131\u015f\u0131 edilir; Pa\u015finyan duru\u015f g\u0259tir\u0259 bil\u0259c\u0259kmi&#8230; &#8211; \u015f\u0259rh<\/strong><\/p>\n<p>Erm\u0259nistan Rusiya il\u0259 m\u00fcnasib\u0259tl\u0259rinin nec\u0259 olaca\u011f\u0131na r\u0259sm\u0259n ayd\u0131nl\u0131q g\u0259tirdi. M\u00fcst\u0259qil siyas\u0259ti olmayan \u00f6lk\u0259 uzun \u0259srlik hamisind\u0259n &#8211; Rusiyadan imtina edib, Q\u0259rb\u0259 s\u0131\u011f\u0131nmaqla, bel\u0259 dem\u0259k m\u00fcmk\u00fcns\u0259, \u00f6z\u00fcn\u0259 q\u0259bir qazm\u0131\u015f oldu. Bu, \u0259slind\u0259 erm\u0259ni xalq\u0131n\u0131n x\u0259yan\u0259tkarl\u0131\u011f\u0131n\u0131n daha bir bariz n\u00fcmun\u0259sidir.<\/p>\n<p><em>Rusiya il\u0259 m\u00fcnasib\u0259tl\u0259rin pozulmas\u0131n\u0131n r\u0259smil\u0259\u015fdirilm\u0259sini is\u0259 oktyabr\u0131n 3-d\u0259 Erm\u0259nistan parlamenti t\u0259sdiql\u0259di. Bel\u0259 ki, parlament Roma Statutunu ratifikasiya etdi v\u0259 \u0259sasnam\u0259nin 12-ci madd\u0259sinin 3-c\u00fc b\u0259ndin\u0259 uy\u011fun olaraq Beyn\u0259lxalq Cinay\u0259t M\u0259hk\u0259m\u0259sinin yurisdiksiyas\u0131n\u0131n retroaktiv tan\u0131nmas\u0131 haqq\u0131nda b\u0259yannam\u0259 q\u0259bul etdi. S\u0259sverm\u0259 zaman\u0131 60 deputat lehin\u0259, 22 deputat \u0259leyhin\u0259 s\u0259s verib. Roma Statutu Putinin \u00f6lk\u0259 \u0259razisind\u0259 h\u0259bsini d\u0259 ehtiva edir. \u201cYeni M\u00fcsavat\u201d bildirir ki, Rusiyadan r\u0259smi reaksiyalar kifay\u0259t q\u0259d\u0259r q\u0259z\u0259bli idi. \u00c7\u00fcnki Pa\u015finyan\u0131n parlamentd\u0259ki komandas\u0131 nizamnam\u0259ni ratifikasiya etm\u0259kl\u0259 r\u0259smi \u0130r\u0259van b\u00fct\u00fcn \u201cq\u0131rm\u0131z\u0131 x\u0259tt\u201di ke\u00e7mi\u015f oldu.<\/em><\/p>\n<p>Rusiya Federasiya \u015euras\u0131n\u0131n vitse-spikeri Yuri Vorobyov deyib ki, Erm\u0259nistan parlamentinin Roma Statutunu ratifikasiyas\u0131 Putin\u0259 qar\u015f\u0131 qeyri-dost add\u0131md\u0131r. \u201cBununla bel\u0259, onun s\u00f6zl\u0259rin\u0259 g\u00f6r\u0259, s\u00f6z\u00fcged\u0259n add\u0131m &#8220;xalqlar dostlu\u011funu pozmayacaq. Lakin erm\u0259ni parlamentaril\u0259rin q\u0259rar\u0131 Parlamentl\u0259raras\u0131 Komissiyan\u0131n i\u015fi \u00e7\u0259r\u00e7iv\u0259sind\u0259 formala\u015fm\u0131\u015f konstruktiv v\u0259 inaml\u0131 m\u00fcnasib\u0259tl\u0259ri m\u0259hv edir&#8221;, &#8211; Vorobyov qeyd edib. \u201cKreml ist\u0259m\u0259zdi ki, Vladimir Putin n\u0259 vaxtsa Erm\u0259nistana s\u0259f\u0259rd\u0259n imtina etm\u0259li olsun\u201d. Bunu is\u0259 Kremlin r\u0259smi n\u00fcmay\u0259nd\u0259si Dmitri Peskov deyib. O, Kremlin Erm\u0259nistan\u0131n Roma Statutunu ratifikasiya etm\u0259sini ikit\u0259r\u0259fli m\u00fcnasib\u0259tl\u0259r bax\u0131m\u0131ndan yanl\u0131\u015f add\u0131m hesab etdiyini s\u00f6yl\u0259yib. Peskov vur\u011fulay\u0131b ki, Rusiya Erm\u0259nistan xalq\u0131n\u0131 qarda\u015f hesab edir, lakin Moskvan\u0131n bu \u00f6lk\u0259nin r\u0259hb\u0259rliyin\u0259 suallar\u0131 var. \u018fn t\u0259\u0259cc\u00fcbl\u00fc m\u0259qam is\u0259 ondan ibar\u0259tdir ki, Erm\u0259nistanda parlamentin q\u0259bul etdiyi Roma Statutu oktyabr\u0131n 7-d\u0259, Rusiya prezidenti Vladimir Putinin do\u011fum g\u00fcn\u00fcnd\u0259 q\u00fcvv\u0259y\u0259 min\u0259c\u0259k. Bunu t\u0259sad\u00fcfi saymaq olarm\u0131? Yoxsa Erm\u0259nistan q\u0259sd\u0259n Putinin ad g\u00fcn\u00fcn\u0259 bel\u0259 \u201ch\u0259diyy\u0259\u201d etdi? B\u00fct\u00fcn bu q\u0131z\u0131\u015fd\u0131r\u0131c\u0131 add\u0131mlara Kremlin cavab\u0131 n\u0259 ola bil\u0259r? Avropa Birliyi, AB\u015e v\u0259 Fransadan a\u00e7\u0131q d\u0259st\u0259k alan Pa\u015finyan hakimiyy\u0259ti Rusiya qar\u015f\u0131s\u0131nda n\u0259 q\u0259d\u0259r v\u0259 hara q\u0259d\u0259r duru\u015f g\u0259tir\u0259 bil\u0259c\u0259k? \u00dcst\u0259lik, Paris \u0130r\u0259vanla h\u0259rbi texnikan\u0131n t\u0259dar\u00fck\u00fcn\u0259 dair sazi\u015f ba\u011flama\u011fa raz\u0131d\u0131r.<\/p>\n<p><img src=\"https:\/\/cdn.axar.az\/2017\/04\/03\/aleksey-fenenko.jpg\" alt=\"AB \u0130r\u0259vana \u201cm\u0259n\u0259vi d\u0259st\u0259k\u201d verdi: yeni oyundur - Fenenko\" \/><\/p>\n<p><strong>Aleksey Fenenko<\/strong><\/p>\n<p><strong>Rusiya Beyn\u0259lxalq \u018flaq\u0259l\u0259r \u015euras\u0131n\u0131n eksperti Aleksey Fenenko hesab edir ki, bu, \u0130r\u0259van\u0131n Moskvadan qisas\u0131d\u0131r, meydan oxuyur:<\/strong>\u00a0\u201cErm\u0259nistan Rusiya liderinin h\u0259bsin\u0259 order ver\u0259n t\u0259\u015fkilata a\u00e7\u0131q \u015f\u0259kild\u0259 qo\u015fuldu\u011funu g\u00f6st\u0259rir. Bundan qeyri-dost add\u0131m\u0131 t\u0259s\u0259vv\u00fcr etm\u0259k m\u00fcmk\u00fcn deyil. Bel\u0259 \u00e7\u0131x\u0131r ki, Putin Erm\u0259nistana g\u0259ls\u0259, ona qar\u015f\u0131 t\u0259xribat t\u00f6r\u0259dilm\u0259y\u0259c\u0259yin\u0259 he\u00e7 kim t\u0259minat verm\u0259y\u0259c\u0259k. Bu da Erm\u0259nistan\u0131n Rusiyadan qisas\u0131d\u0131r, deyirl\u0259r, s\u0259n bizi qondarma &#8220;artsax&#8221; u\u011frunda m\u00fcharib\u0259d\u0259 m\u00fcdafi\u0259 etm\u0259k ist\u0259m\u0259din, indi s\u0259n\u0259 bel\u0259 cavab veririk&#8221;, &#8211; o bildirib. Fenenkonun s\u00f6zl\u0259rin\u0259 g\u00f6r\u0259, Roma \u018fsasnam\u0259sinin ratifikasiyas\u0131 h\u0259m d\u0259 anti-Az\u0259rbaycan add\u0131m\u0131d\u0131r: \u201cErm\u0259nistan regionda \u00f6z d\u00fc\u015fm\u0259nl\u0259rini yarad\u0131r. \u00d6z\u00fcn\u00fc m\u0259hv etm\u0259y\u0259 gedir. O, s\u00fclh ist\u0259mir. Q\u0259rb Erm\u0259nistan\u0131n inki\u015faf\u0131na deyil, daha \u00e7ox onun istifad\u0259sin\u0259 y\u00f6n\u0259lib\u201d.<\/p>\n<p><strong>Politoloq Yevgeni Mixaylov is\u0259 \u00e7a\u011f\u0131r\u0131\u015f edib ki, diplomatlar\u0131m\u0131z h\u0259r\u0259k\u0259t\u0259 ke\u00e7m\u0259lidir:<\/strong>\u00a0\u201cH\u0259l\u0259 ki diplomatlar\u0131m\u0131z. Hiss edir\u0259m ki, sonra i\u015fl\u0259r h\u0259rbi t\u0259dbirl\u0259r g\u00f6rm\u0259k h\u0259ddin\u0259 \u00e7ata bil\u0259r\u201d. Mixaylov qeyd edib ki, \u0259ks halda, Rusiya yax\u0131nl\u0131qda \u201cdaha bir Q\u0259rb forpostu\u201d almaq riski il\u0259 \u00fczl\u0259\u015fir: \u201cRoma \u018fsasnam\u0259sinin ratifikasiyas\u0131 Erm\u0259nistan\u0131n AB\u015e v\u0259 AB il\u0259 t\u0259r\u0259fda\u015fl\u0131\u011fa sadiq oldu\u011funu g\u00f6st\u0259rir v\u0259 Rusiyaya qar\u015f\u0131 m\u0259nfi m\u00fcnasib\u0259tini t\u0259sdiql\u0259yir. Bu add\u0131m faktiki olaraq Rusiya r\u0259smil\u0259rinin Erm\u0259nistana s\u0259f\u0259r ed\u0259c\u0259yi t\u0259qdird\u0259 onlar\u0131 h\u0259bs etm\u0259k h\u00fcququ verir. G\u0259l\u0259c\u0259kd\u0259 Erm\u0259nistan hakimiyy\u0259ti KTMT v\u0259 Avrasiya \u0130qtisadi \u0130qtisadi \u018fm\u0259kda\u015fl\u0131q T\u0259\u015fkilat\u0131ndan \u00e7\u0131xmaq bar\u0259d\u0259 q\u0259rar q\u0259bul ed\u0259c\u0259k\u201d.<\/p>\n<p><img loading=\"lazy\" src=\"https:\/\/www.tezadlar.az\/images\/45b37449-b388-4e7e-9884-d6aa037b4fe1.jpeg\" alt=\"Azad M\u018fS\u0130YEV\" width=\"739\" height=\"598\" \/><\/p>\n<p><strong>Azad M\u0259siyev<\/strong><\/p>\n<p>Siyasi ekspert Azad M\u0259siyevin \u201cYeni M\u00fcsavat\u201da bildirdiyin\u0259 g\u00f6r\u0259, Erm\u0259nistan\u0131n bu davran\u0131\u015f\u0131 t\u0259sad\u00fcfi deyil: \u201cAB\u015e Erm\u0259nistan hakimiyy\u0259ti \u00fcz\u0259rind\u0259n anti-Rusiya ritorikas\u0131n\u0131 davam etdirir. Va\u015finqtondan Pa\u015finyan administrasiyas\u0131na hans\u0131 t\u0259limat verilirs\u0259, onu da yerin\u0259 yetirirl\u0259r. Bu, erm\u0259ni xalq\u0131n\u0131n m\u00f6vqeyi deyil. Sad\u0259c\u0259, Pa\u015finyan Rusiya il\u0259 d\u00fc\u015fm\u0259n\u00e7iliyi g\u00fccl\u0259ndirir. Eyni add\u0131mlar\u0131 Ukrayna hakimiyy\u0259ti d\u0259 at\u0131rd\u0131, haz\u0131rda n\u0259tic\u0259l\u0259ri g\u00f6z qaba\u011f\u0131ndad\u0131r. Rusiyan\u0131n Erm\u0259nistana is\u0259 t\u0259zyiq imkanlar\u0131 daha geni\u015fdir. \u0130st\u0259r iqtisadi, ist\u0259r siyasi r\u0131\u00e7aqlar\u0131 var. X\u00fcsus\u0259n d\u0259 qaz m\u0259s\u0259l\u0259sind\u0259 Erm\u0259nistan\u0131n ciddi as\u0131l\u0131l\u0131\u011f\u0131 var. Ona g\u00f6r\u0259 t\u0259sirl\u0259ri yax\u0131n g\u0259l\u0259c\u0259kd\u0259 g\u00f6r\u0259c\u0259yik\u201d.<\/p>\n<p><img src=\"https:\/\/cdn.globalinfo.az\/2022\/11\/murad-sadeddinov-900x551.jpg\" alt=\"Kim n\u0259 deyirs\u0259 desin, beyn\u0259lxalq h\u00fcquq Az\u0259rbaycan\u0131n t\u0259r\u0259find\u0259dir\u201d \u2013 Murad  Sad\u0259ddinov - GlobalInfo.az\" \/><\/p>\n<p><strong>Murad Sad\u0259ddinov<\/strong><\/p>\n<p><strong>Politoloq Murad Sad\u0259ddinov is\u0259 Rusiyan\u0131n \u0259vv\u0259ld\u0259n Erm\u0259nistana x\u0259b\u0259rdarl\u0131q etdiyini yada sald\u0131:<\/strong>\u00a0\u201cAmma erm\u0259ni t\u0259r\u0259fi \u00f6z bildiyini etdi. Bu i\u015fin arxas\u0131nda Fransa dayan\u0131r. Parlamentin q\u0259rar\u0131 Rusiya prezidentin\u0259 qar\u015f\u0131 t\u0259hqiramiz add\u0131m kimi qiym\u0259tl\u0259ndirilir. Rusiya b\u00fct\u00fcn imkanlardan istifad\u0259 ed\u0259c\u0259k. H\u0259tta h\u0259rbi r\u0131\u00e7aqlar\u0131n\u0131 da i\u015f\u0259 sala bil\u0259r. Haz\u0131rda G\u00fcmr\u00fc bazas\u0131nda t\u0259liml\u0259r ke\u00e7irilm\u0259si il\u0259 ba\u011fl\u0131 q\u0259fl\u0259t\u0259n q\u0259rar verilib. Ox\u015far v\u0259ziyy\u0259t G\u00fcrc\u00fcstanla ya\u015fanm\u0131\u015fd\u0131. O zaman mal d\u00f6vriyy\u0259si m\u0259hdudla\u015fd\u0131r\u0131l\u0131rd\u0131. \u0130ndi \u0130r\u0259vana qar\u015f\u0131 t\u0259tbiq edil\u0259c\u0259k, qaz\u0131n qiym\u0259tind\u0259 d\u0259yi\u015fiklik ola bil\u0259r. Rusiyan\u0131n m\u00fcxt\u0259lif yard\u0131mlar\u0131 k\u0259sil\u0259 bil\u0259r. Baxmayaraq ki, Rusiya \u0259vv\u0259lki deyil, z\u0259ifl\u0259yib, amma ki\u00e7ik Erm\u0259nistana g\u00fcc\u00fc \u00e7atacaq q\u0259d\u0259r potensial\u0131 var\u201d.<\/p>\n<p><img src=\"https:\/\/cdn.yenisabah.az\/resize.php?w=0&amp;h=0&amp;file=image_750x422_61140ab18f1f0.jpg\" alt=\"Erm\u0259nistan\u0131n d\u00fcnyaya qap\u0131s\u0131 a\u00e7\u0131l\u0131r&quot; - Qabil H\u00fcseynli Yeni Sabah\" \/><\/p>\n<p><strong>\u00a0Qabil H\u00fcseynli<\/strong><\/p>\n<p><strong>Professor Qabil H\u00fcseynlinin z\u0259nninc\u0259, bu q\u0259rar\u0131n q\u0259bulu m\u00fcnasib\u0259tl\u0259r\u0259 n\u00f6qt\u0259 qoymaq dem\u0259kdir:<\/strong>\u00a0\u201cArt\u0131q bel\u0259 g\u00f6r\u00fcn\u00fcr ki, n\u0259 m\u00fctt\u0259fiqlik \u0259laq\u0259l\u0259ri, n\u0259 Erm\u0259nistan \u0259razisind\u0259 h\u0259rbi bazalar\u0131n saxlan\u0131lmas\u0131 m\u00fcmk\u00fcn olacaq. \u00dcst\u0259lik, Erm\u0259nistan Q\u0259rb\u0259 do\u011fru inteqrasiyadan da \u0259l \u00e7\u0259km\u0259y\u0259c\u0259k. Erm\u0259nistan AB\u015e v\u0259 Avropa Birliyin\u0259 s\u0131\u011f\u0131n\u0131r v\u0259 Moskva il\u0259 \u0259ks q\u00fctbd\u0259 yer al\u0131r, bu is\u0259 m\u00fcnasib\u0259tl\u0259rin ciddi \u015f\u0259kild\u0259 g\u0259rginl\u0259\u015fm\u0259sin\u0259 s\u0259b\u0259b olacaq. Moskvada b\u0259zil\u0259ri &#8220;Erm\u0259nistanda d\u00f6vl\u0259t \u00e7evrili\u015fi apara bil\u0259rik&#8221; kimi t\u0259hdidl\u0259r s\u0259sl\u0259ndirir. Bunlar a\u011flabatan deyil. Erm\u0259nistan\u0131n \u00f6z\u00fcnd\u0259 d\u0259 anti-Rusiya \u0259hval-ruhiyy\u0259si \u00e7ox g\u00fccl\u00fcd\u00fcr&#8221;. Q.H\u00fcseynli hesab edir ki, Erm\u0259nistana qar\u015f\u0131 m\u00fcxt\u0259lif t\u0259l\u0259bl\u0259r qoysa da, konkret add\u0131mlar atma\u011fa Moskvan\u0131n c\u0259sar\u0259ti \u00e7atmayacaq: \u201cYa be\u015finci kolondan, ya da revan\u015fistl\u0259rd\u0259n v\u0259 Qaraba\u011f klan\u0131n\u0131n \u00fczvl\u0259rind\u0259n istifad\u0259 edil\u0259r\u0259k Erm\u0259nistanda hans\u0131sa qar\u0131\u015f\u0131ql\u0131q yarad\u0131la bil\u0259r\u201d.<\/p>\n","protected":false},"excerpt":{"rendered":"<p>Erm\u0259nistan\u0131n Rusiya liderinin h\u0259bsini ehtiva ed\u0259n Roma Nizamnam\u0259sini ratifikasiya etm\u0259si Moskvada q\u0259z\u0259b do\u011furub, h\u0259tta h\u0259rbi t\u0259dbirl\u0259r\u0259 ke\u00e7m\u0259k \u00e7a\u011f\u0131r\u0131\u015f\u0131 edilir; Pa\u015finyan duru\u015f g\u0259tir\u0259 bil\u0259c\u0259kmi&#8230; &#8211; \u015f\u0259rh Erm\u0259nistan Rusiya il\u0259 m\u00fcnasib\u0259tl\u0259rinin nec\u0259 olaca\u011f\u0131na r\u0259sm\u0259n ayd\u0131nl\u0131q g\u0259tirdi. M\u00fcst\u0259qil siyas\u0259ti olmayan \u00f6lk\u0259 uzun \u0259srlik hamisind\u0259n &#8211; Rusiyadan imtina edib, Q\u0259rb\u0259 s\u0131\u011f\u0131nmaqla, bel\u0259 dem\u0259k m\u00fcmk\u00fcns\u0259, \u00f6z\u00fcn\u0259 q\u0259bir qazm\u0131\u015f oldu. Bu, \u0259slind\u0259 erm\u0259ni xalq\u0131n\u0131n x\u0259yan\u0259tkarl\u0131\u011f\u0131n\u0131n daha bir bariz n\u00fcmun\u0259sidir. Rusiya il\u0259 m\u00fcnasib\u0259tl\u0259rin pozulmas\u0131n\u0131n r\u0259smil\u0259\u015fdirilm\u0259sini is\u0259 oktyabr\u0131n 3-d\u0259 Erm\u0259nistan parlamenti t\u0259sdiql\u0259di. Bel\u0259 ki, parlament Roma Statutunu ratifikasiya etdi v\u0259 \u0259sasnam\u0259nin 12-ci madd\u0259sinin 3-c\u00fc b\u0259ndin\u0259 uy\u011fun olaraq Beyn\u0259lxalq&hellip;<\/p>\n","protected":false},"author":2,"featured_media":641574,"comment_status":"closed","ping_status":"closed","sticky":false,"template":"","format":"standard","meta":{"om_disable_all_campaigns":false,"_monsterinsights_skip_tracking":false,"_monsterinsights_sitenote_active":false,"_monsterinsights_sitenote_note":"","_monsterinsights_sitenote_category":0},"categories":[4],"tags":[],"aioseo_notices":[],"gutentor_comment":0,"rttpg_featured_image_url":{"full":["https:\/\/arantv.az\/wp-content\/uploads\/2023\/10\/c8bfde2eb09c2631c8f4502d59a3bd81.jpg",660,371,false],"landscape":["https:\/\/arantv.az\/wp-content\/uploads\/2023\/10\/c8bfde2eb09c2631c8f4502d59a3bd81.jpg",660,371,false],"portraits":["https:\/\/arantv.az\/wp-content\/uploads\/2023\/10\/c8bfde2eb09c2631c8f4502d59a3bd81.jpg",660,371,false],"thumbnail":["https:\/\/arantv.az\/wp-content\/uploads\/2023\/10\/c8bfde2eb09c2631c8f4502d59a3bd81-500x280.jpg",500,280,true],"medium":["https:\/\/arantv.az\/wp-content\/uploads\/2023\/10\/c8bfde2eb09c2631c8f4502d59a3bd81-649x365.jpg",649,365,true],"large":["https:\/\/arantv.az\/wp-content\/uploads\/2023\/10\/c8bfde2eb09c2631c8f4502d59a3bd81.jpg",640,360,false],"1536x1536":["https:\/\/arantv.az\/wp-content\/uploads\/2023\/10\/c8bfde2eb09c2631c8f4502d59a3bd81.jpg",660,371,false],"2048x2048":["https:\/\/arantv.az\/wp-content\/uploads\/2023\/10\/c8bfde2eb09c2631c8f4502d59a3bd81.jpg",660,371,false],"post-thumbnail":["https:\/\/arantv.az\/wp-content\/uploads\/2023\/10\/c8bfde2eb09c2631c8f4502d59a3bd81-240x172.jpg",240,172,true],"advps-thumb-one":["https:\/\/arantv.az\/wp-content\/uploads\/2023\/10\/c8bfde2eb09c2631c8f4502d59a3bd81.jpg",660,371,false]},"rttpg_author":{"display_name":"V\u00fcsal Rafiqo\u011flu","author_link":"https:\/\/arantv.az\/?author=2"},"rttpg_comment":0,"rttpg_category":"<a href=\"https:\/\/arantv.az\/?cat=4\" rel=\"category\">Siyas\u0259t<\/a>","rttpg_excerpt":"Erm\u0259nistan\u0131n Rusiya liderinin h\u0259bsini ehtiva ed\u0259n Roma Nizamnam\u0259sini ratifikasiya etm\u0259si Moskvada q\u0259z\u0259b do\u011furub, h\u0259tta h\u0259rbi t\u0259dbirl\u0259r\u0259 ke\u00e7m\u0259k \u00e7a\u011f\u0131r\u0131\u015f\u0131 edilir; Pa\u015finyan duru\u015f g\u0259tir\u0259 bil\u0259c\u0259kmi&#8230; &#8211; \u015f\u0259rh Erm\u0259nistan Rusiya il\u0259 m\u00fcnasib\u0259tl\u0259rinin nec\u0259 olaca\u011f\u0131na r\u0259sm\u0259n ayd\u0131nl\u0131q g\u0259tirdi. M\u00fcst\u0259qil siyas\u0259ti olmayan \u00f6lk\u0259 uzun \u0259srlik hamisind\u0259n &#8211; Rusiyadan imtina edib, Q\u0259rb\u0259 s\u0131\u011f\u0131nmaqla, bel\u0259 dem\u0259k m\u00fcmk\u00fcns\u0259, \u00f6z\u00fcn\u0259 q\u0259bir qazm\u0131\u015f oldu. Bu,&hellip;","_links":{"self":[{"href":"https:\/\/arantv.az\/index.php?rest_route=\/wp\/v2\/posts\/641570"}],"collection":[{"href":"https:\/\/arantv.az\/index.php?rest_route=\/wp\/v2\/posts"}],"about":[{"href":"https:\/\/arantv.az\/index.php?rest_route=\/wp\/v2\/types\/post"}],"author":[{"embeddable":true,"href":"https:\/\/arantv.az\/index.php?rest_route=\/wp\/v2\/users\/2"}],"replies":[{"embeddable":true,"href":"https:\/\/arantv.az\/index.php?rest_route=%2Fwp%2Fv2%2Fcomments&post=641570"}],"version-history":[{"count":0,"href":"https:\/\/arantv.az\/index.php?rest_route=\/wp\/v2\/posts\/641570\/revisions"}],"wp:featuredmedia":[{"embeddable":true,"href":"https:\/\/arantv.az\/index.php?rest_route=\/wp\/v2\/media\/641574"}],"wp:attachment":[{"href":"https:\/\/arantv.az\/index.php?rest_route=%2Fwp%2Fv2%2Fmedia&parent=641570"}],"wp:term":[{"taxonomy":"category","embeddable":true,"href":"https:\/\/arantv.az\/index.php?rest_route=%2Fwp%2Fv2%2Fcategories&post=641570"},{"taxonomy":"post_tag","embeddable":true,"href":"https:\/\/arantv.az\/index.php?rest_route=%2Fwp%2Fv2%2Ftags&post=641570"}],"curies":[{"name":"wp","href":"https:\/\/api.w.org\/{rel}","templated":true}]}}