{"id":641576,"date":"2023-10-05T09:04:36","date_gmt":"2023-10-05T05:04:36","guid":{"rendered":"https:\/\/arantv.az\/?p=641576"},"modified":"2023-10-05T09:04:36","modified_gmt":"2023-10-05T05:04:36","slug":"5-oktyabr-beyn%c9%99lxalq-mu%c9%99lliml%c9%99r-gunudur","status":"publish","type":"post","link":"https:\/\/arantv.az\/?p=641576","title":{"rendered":"5 oktyabr Beyn\u0259lxalq M\u00fc\u0259lliml\u0259r G\u00fcn\u00fcd\u00fcr"},"content":{"rendered":"<p>5 oktyabr- Beyn\u0259lxalq M\u00fc\u0259lliml\u0259r G\u00fcn\u00fcd\u00fcr.<\/p>\n<p>&nbsp;<\/p>\n<p>Bu \u0259lam\u0259tdar g\u00fcn UNESKO-nun q\u0259rar\u0131 il\u0259 1966-c\u0131 ild\u0259n qeyd edilir. H\u0259min il t\u0259\u015fkilat t\u0259r\u0259find\u0259n m\u00fc\u0259lliml\u0259rin statusunun art\u0131r\u0131lmas\u0131 il\u0259 ba\u011fl\u0131 t\u00f6vsiy\u0259 xarakterli s\u0259n\u0259d d\u0259 q\u0259bul olunub. Beyn\u0259lxalq M\u00fc\u0259lliml\u0259r G\u00fcn\u00fc h\u0259yat\u0131n\u0131 xalq\u0131n i\u015f\u0131ql\u0131 g\u0259l\u0259c\u0259yin\u0259 h\u0259sr ed\u0259n m\u00fcq\u0259dd\u0259s pe\u015f\u0259 sahibl\u0259rinin bayram\u0131d\u0131r.<\/p>\n<p>&nbsp;<\/p>\n<p>Beyn\u0259lxalq M\u00fc\u0259lliml\u0259r G\u00fcn\u00fc b\u00fct\u00fcn d\u00fcnyada m\u00fc\u0259llim \u0259m\u0259yini qeyd etm\u0259y\u0259, parlaq z\u0259kalar\u0131n v\u0259 istedadl\u0131 g\u0259ncl\u0259rin bu pe\u015f\u0259y\u0259 c\u0259lb olunmas\u0131na v\u0259 bu sah\u0259d\u0259 saxlan\u0131lmas\u0131n\u0131n h\u0259lli yollar\u0131n\u0131 tapma\u011fa v\u0259 \u00fcmumil\u0259\u015fdirm\u0259l\u0259r aparma\u011fa imkan yarad\u0131r.<\/p>\n<p>&nbsp;<\/p>\n<p>Az\u0259rbaycanda Beyn\u0259lxalq M\u00fc\u0259lliml\u0259r G\u00fcn\u00fc 1993-c\u00fc ild\u0259n qeyd edilir. \u00d6lk\u0259mizd\u0259 bu g\u00fcn\u0259 d\u00f6vl\u0259t s\u0259viyy\u0259sind\u0259 diqq\u0259t ayr\u0131l\u0131r.<\/p>\n<p>&nbsp;<\/p>\n<p>M\u00fc\u0259llimlik d\u00fcnyada \u0259n \u00e7\u0259tin, eyni zamanda \u0259n \u015f\u0259r\u0259fli v\u0259 \u0259n \u011f\u00f6z\u0259l pe\u015f\u0259dir.<\/p>\n<p>&nbsp;<\/p>\n<p>M\u00fc\u0259llim \u0259m\u0259yinin n\u0259tic\u0259sind\u0259 c\u0259miyy\u0259t formala\u015f\u0131r, savadl\u0131, bilikli, geni\u015f d\u00fcnyag\u00f6r\u00fc\u015fl\u00fc, n\u00fcmun\u0259vi \u0259xlaqa malik insanlar yeti\u015fir.<\/p>\n<p>&nbsp;<\/p>\n<p>Bu insanlar is\u0259 c\u0259miyy\u0259ti daha da inki\u015faf etdirir. Haz\u0131rda d\u00f6vl\u0259timizin m\u00fcst\u0259qilliyinin m\u00f6hk\u0259ml\u0259nm\u0259sind\u0259 f\u0259al i\u015ftirak ed\u0259n insanlar m\u0259hz m\u00fc\u0259llim \u0259m\u0259yinin yetirm\u0259l\u0259ridir.<\/p>\n<p>&nbsp;<\/p>\n<p>M\u00fc\u0259lliml\u0259r yeni c\u0259miyy\u0259t quruculu\u011funun memarlar\u0131d\u0131r. H\u0259r birimizin layiqli v\u0259t\u0259nda\u015f kimi yeti\u015fm\u0259yind\u0259 m\u00fc\u0259lliml\u0259rimizin \u0259v\u0259zsiz xidm\u0259tl\u0259ri olmu\u015fdur.<\/p>\n<p>&nbsp;<\/p>\n<p>\u00dcmummilli liderimiz Heyd\u0259r \u018fliyev h\u0259mi\u015f\u0259 m\u00fc\u0259llim \u0259m\u0259yini y\u00fcks\u0259k qiym\u0259tl\u0259ndirmi\u015f, m\u00fc\u0259llim haqq\u0131nda xo\u015f s\u00f6zl\u0259r s\u00f6yl\u0259mi\u015fdir. O, \u00f6z m\u00fc\u0259lliml\u0259rini minn\u0259tdarl\u0131qla xat\u0131rlayar, onlar\u0131n xidm\u0259tl\u0259ri haqq\u0131nda \u00fcr\u0259kdolusu dan\u0131\u015fard\u0131. Heyd\u0259r \u018fliyev \u00f6lk\u0259miz\u0259 r\u0259hb\u0259rlik etdiyi b\u00fct\u00fcn d\u00f6vrl\u0259rd\u0259 h\u0259mi\u015f\u0259 m\u00fc\u0259llim\u0259 h\u00f6rm\u0259t v\u0259 ehtiramla yana\u015fm\u0131\u015f, onlar\u0131n maddi v\u0259ziyy\u0259tinin, rifah hal\u0131n\u0131n yax\u015f\u0131la\u015fd\u0131r\u0131lmas\u0131 qay\u011f\u0131s\u0131na qalm\u0131\u015fd\u0131r. O, deyirdi: &#8220;H\u0259r birimizd\u0259 m\u00fc\u0259llimin h\u0259rar\u0259tli q\u0259lbinin bir z\u0259rr\u0259ciyi vard\u0131r. M\u0259hz m\u00fc\u0259llim do\u011fma yurdumuzu sevm\u0259yi, ham\u0131n\u0131n rifah\u0131 nam\u0131n\u0259 vicdanla i\u015fl\u0259m\u0259yi m\u00fcdriklikl\u0259 v\u0259 s\u0259birl\u0259 biz\u0259 \u00f6yr\u0259tmi\u015f v\u0259 \u00f6yr\u0259dir&#8221;.<\/p>\n","protected":false},"excerpt":{"rendered":"<p>5 oktyabr- Beyn\u0259lxalq M\u00fc\u0259lliml\u0259r G\u00fcn\u00fcd\u00fcr. &nbsp; Bu \u0259lam\u0259tdar g\u00fcn UNESKO-nun q\u0259rar\u0131 il\u0259 1966-c\u0131 ild\u0259n qeyd edilir. H\u0259min il t\u0259\u015fkilat t\u0259r\u0259find\u0259n m\u00fc\u0259lliml\u0259rin statusunun art\u0131r\u0131lmas\u0131 il\u0259 ba\u011fl\u0131 t\u00f6vsiy\u0259 xarakterli s\u0259n\u0259d d\u0259 q\u0259bul olunub. Beyn\u0259lxalq M\u00fc\u0259lliml\u0259r G\u00fcn\u00fc h\u0259yat\u0131n\u0131 xalq\u0131n i\u015f\u0131ql\u0131 g\u0259l\u0259c\u0259yin\u0259 h\u0259sr ed\u0259n m\u00fcq\u0259dd\u0259s pe\u015f\u0259 sahibl\u0259rinin bayram\u0131d\u0131r. &nbsp; Beyn\u0259lxalq M\u00fc\u0259lliml\u0259r G\u00fcn\u00fc b\u00fct\u00fcn d\u00fcnyada m\u00fc\u0259llim \u0259m\u0259yini qeyd etm\u0259y\u0259, parlaq z\u0259kalar\u0131n v\u0259 istedadl\u0131 g\u0259ncl\u0259rin bu pe\u015f\u0259y\u0259 c\u0259lb olunmas\u0131na v\u0259 bu sah\u0259d\u0259 saxlan\u0131lmas\u0131n\u0131n h\u0259lli yollar\u0131n\u0131 tapma\u011fa v\u0259 \u00fcmumil\u0259\u015fdirm\u0259l\u0259r aparma\u011fa imkan yarad\u0131r. &nbsp; Az\u0259rbaycanda Beyn\u0259lxalq M\u00fc\u0259lliml\u0259r G\u00fcn\u00fc 1993-c\u00fc ild\u0259n qeyd edilir. \u00d6lk\u0259mizd\u0259 bu g\u00fcn\u0259 d\u00f6vl\u0259t s\u0259viyy\u0259sind\u0259 diqq\u0259t&hellip;<\/p>\n","protected":false},"author":2,"featured_media":641581,"comment_status":"closed","ping_status":"closed","sticky":false,"template":"","format":"standard","meta":{"om_disable_all_campaigns":false,"_monsterinsights_skip_tracking":false,"_monsterinsights_sitenote_active":false,"_monsterinsights_sitenote_note":"","_monsterinsights_sitenote_category":0},"categories":[1,23],"tags":[],"aioseo_notices":[],"gutentor_comment":0,"rttpg_featured_image_url":{"full":["https:\/\/arantv.az\/wp-content\/uploads\/2023\/10\/download-1.jpg",277,182,false],"landscape":["https:\/\/arantv.az\/wp-content\/uploads\/2023\/10\/download-1.jpg",277,182,false],"portraits":["https:\/\/arantv.az\/wp-content\/uploads\/2023\/10\/download-1.jpg",277,182,false],"thumbnail":["https:\/\/arantv.az\/wp-content\/uploads\/2023\/10\/download-1.jpg",277,182,false],"medium":["https:\/\/arantv.az\/wp-content\/uploads\/2023\/10\/download-1.jpg",277,182,false],"large":["https:\/\/arantv.az\/wp-content\/uploads\/2023\/10\/download-1.jpg",277,182,false],"1536x1536":["https:\/\/arantv.az\/wp-content\/uploads\/2023\/10\/download-1.jpg",277,182,false],"2048x2048":["https:\/\/arantv.az\/wp-content\/uploads\/2023\/10\/download-1.jpg",277,182,false],"post-thumbnail":["https:\/\/arantv.az\/wp-content\/uploads\/2023\/10\/download-1-240x172.jpg",240,172,true],"advps-thumb-one":["https:\/\/arantv.az\/wp-content\/uploads\/2023\/10\/download-1.jpg",277,182,false]},"rttpg_author":{"display_name":"V\u00fcsal Rafiqo\u011flu","author_link":"https:\/\/arantv.az\/?author=2"},"rttpg_comment":0,"rttpg_category":"<a href=\"https:\/\/arantv.az\/?cat=1\" rel=\"category\">C\u0259miyy\u0259t<\/a> <a href=\"https:\/\/arantv.az\/?cat=23\" rel=\"category\">T\u0259hsil<\/a>","rttpg_excerpt":"5 oktyabr- Beyn\u0259lxalq M\u00fc\u0259lliml\u0259r G\u00fcn\u00fcd\u00fcr. &nbsp; Bu \u0259lam\u0259tdar g\u00fcn UNESKO-nun q\u0259rar\u0131 il\u0259 1966-c\u0131 ild\u0259n qeyd edilir. H\u0259min il t\u0259\u015fkilat t\u0259r\u0259find\u0259n m\u00fc\u0259lliml\u0259rin statusunun art\u0131r\u0131lmas\u0131 il\u0259 ba\u011fl\u0131 t\u00f6vsiy\u0259 xarakterli s\u0259n\u0259d d\u0259 q\u0259bul olunub. Beyn\u0259lxalq M\u00fc\u0259lliml\u0259r G\u00fcn\u00fc h\u0259yat\u0131n\u0131 xalq\u0131n i\u015f\u0131ql\u0131 g\u0259l\u0259c\u0259yin\u0259 h\u0259sr ed\u0259n m\u00fcq\u0259dd\u0259s pe\u015f\u0259 sahibl\u0259rinin bayram\u0131d\u0131r. &nbsp; Beyn\u0259lxalq M\u00fc\u0259lliml\u0259r G\u00fcn\u00fc b\u00fct\u00fcn d\u00fcnyada m\u00fc\u0259llim \u0259m\u0259yini qeyd etm\u0259y\u0259, parlaq&hellip;","_links":{"self":[{"href":"https:\/\/arantv.az\/index.php?rest_route=\/wp\/v2\/posts\/641576"}],"collection":[{"href":"https:\/\/arantv.az\/index.php?rest_route=\/wp\/v2\/posts"}],"about":[{"href":"https:\/\/arantv.az\/index.php?rest_route=\/wp\/v2\/types\/post"}],"author":[{"embeddable":true,"href":"https:\/\/arantv.az\/index.php?rest_route=\/wp\/v2\/users\/2"}],"replies":[{"embeddable":true,"href":"https:\/\/arantv.az\/index.php?rest_route=%2Fwp%2Fv2%2Fcomments&post=641576"}],"version-history":[{"count":0,"href":"https:\/\/arantv.az\/index.php?rest_route=\/wp\/v2\/posts\/641576\/revisions"}],"wp:featuredmedia":[{"embeddable":true,"href":"https:\/\/arantv.az\/index.php?rest_route=\/wp\/v2\/media\/641581"}],"wp:attachment":[{"href":"https:\/\/arantv.az\/index.php?rest_route=%2Fwp%2Fv2%2Fmedia&parent=641576"}],"wp:term":[{"taxonomy":"category","embeddable":true,"href":"https:\/\/arantv.az\/index.php?rest_route=%2Fwp%2Fv2%2Fcategories&post=641576"},{"taxonomy":"post_tag","embeddable":true,"href":"https:\/\/arantv.az\/index.php?rest_route=%2Fwp%2Fv2%2Ftags&post=641576"}],"curies":[{"name":"wp","href":"https:\/\/api.w.org\/{rel}","templated":true}]}}