{"id":641585,"date":"2023-10-05T09:13:30","date_gmt":"2023-10-05T05:13:30","guid":{"rendered":"https:\/\/arantv.az\/?p=641585"},"modified":"2023-10-05T09:13:30","modified_gmt":"2023-10-05T05:13:30","slug":"az%c9%99rbaycan-s%c9%99firi-etimadnam%c9%99sini-turkm%c9%99nistan-prezidentin%c9%99-t%c9%99qdim-edib-foto","status":"publish","type":"post","link":"https:\/\/arantv.az\/?p=641585","title":{"rendered":"Az\u0259rbaycan s\u0259firi etimadnam\u0259sini T\u00fcrkm\u0259nistan Prezidentin\u0259 t\u0259qdim edib &#8211; FOTO"},"content":{"rendered":"<p>Az\u0259rbaycan\u0131n T\u00fcrkm\u0259nistana yeni t\u0259yin olunmu\u015f f\u00f6vq\u0259lad\u0259 v\u0259 s\u0259lahiyy\u0259tli s\u0259firi Qism\u0259t G\u00f6z\u0259lov etimadnam\u0259sini T\u00fcrkm\u0259nistan Prezidenti S\u0259rdar Berdim\u0259h\u0259mm\u0259dova t\u0259qdim edib.<\/p>\n<p>Az\u0259rbaycan\u0131n T\u00fcrkm\u0259nistandak\u0131 s\u0259firliyind\u0259n veril\u0259n m\u0259lumata g\u00f6r\u0259, q\u0259bul zaman\u0131 Prezident S\u0259rdar Berdim\u0259h\u0259mm\u0259dov yeni t\u0259yinat\u0131 il\u0259 ba\u011fl\u0131 s\u0259fir Qism\u0259t G\u00f6z\u0259lovu t\u0259brik edib v\u0259 ona g\u0259l\u0259c\u0259k f\u0259aliyy\u0259tind\u0259 u\u011furlar arzulay\u0131b.<\/p>\n<p>S\u0259fir Qism\u0259t G\u00f6z\u0259lov Az\u0259rbaycan Prezidenti<strong>\u00a0\u0130lham \u018fliyevin<\/strong>\u00a0s\u0259mimi salamlar\u0131n\u0131 T\u00fcrkm\u0259nistan Prezidenti S\u0259rdar Berdim\u0259h\u0259mm\u0259dova \u00e7atd\u0131r\u0131b. S\u0259rdar Berdim\u0259h\u0259mm\u0259dov Az\u0259rbaycan Prezidenti \u0130lham \u018fliyevin salamlar\u0131na v\u0259 xo\u015f arzular\u0131na g\u00f6r\u0259 minn\u0259tdarl\u0131\u011f\u0131n\u0131 bildirib v\u0259 Az\u0259rbaycan\u0131n d\u00f6vl\u0259t ba\u015f\u00e7\u0131s\u0131na \u00f6z salamlar\u0131n\u0131 v\u0259 \u0259n xo\u015f arzular\u0131n\u0131 \u00e7atd\u0131rma\u011f\u0131 xahi\u015f edib.<\/p>\n<p>G\u00f6r\u00fc\u015fd\u0259 Az\u0259rbaycan Respublikas\u0131 v\u0259 T\u00fcrkm\u0259nistan aras\u0131nda m\u00f6vcud olan strateji m\u00fcnasib\u0259tl\u0259rin m\u00fcxt\u0259lif istiqam\u0259tl\u0259rd\u0259 u\u011furla inki\u015faf etdiyi bildirilib, ikit\u0259r\u0259fli qarda\u015fl\u0131q \u0259laq\u0259l\u0259rinin g\u0259l\u0259c\u0259kd\u0259 daha da inki\u015faf etdirilm\u0259si perspektivl\u0259ri vur\u011fulan\u0131b. Siyasi, iqtisadi-ticari, n\u0259qliyyat, energetika, m\u0259d\u0259ni-humanitar sah\u0259l\u0259rd\u0259 f\u0259al qar\u015f\u0131l\u0131ql\u0131 f\u0259aliyy\u0259tin h\u0259yata ke\u00e7irildiyi qeyd olunub.<\/p>\n<p>S\u0259fir Qism\u0259t G\u00f6z\u0259lov ikit\u0259r\u0259fli m\u00fcnasib\u0259tl\u0259rin geni\u015fl\u0259ndirilm\u0259si \u00fc\u00e7\u00fcn s\u0259yl\u0259rini \u0259sirg\u0259m\u0259y\u0259c\u0259yini v\u0259 b\u00fct\u00fcn sah\u0259l\u0259r \u00fczr\u0259 strateji t\u0259r\u0259fda\u015fl\u0131\u011f\u0131m\u0131z\u0131n ruhuna uy\u011fun olaraq \u0259m\u0259kda\u015fl\u0131\u011f\u0131n inki\u015faf\u0131 istiqam\u0259tind\u0259 m\u00fcvafiq add\u0131mlar\u0131n at\u0131laca\u011f\u0131n\u0131 qeyd edib.<\/p>\n<p>G\u00f6r\u00fc\u015fd\u0259 Az\u0259rbaycan v\u0259 T\u00fcrkm\u0259nistan aras\u0131nda y\u00fcks\u0259k s\u0259viyy\u0259li dialoqun \u0259h\u0259miyy\u0259ti vur\u011fulan\u0131b, ikit\u0259r\u0259fli v\u0259 \u00e7oxt\u0259r\u0259fli formatlarda \u0259m\u0259kda\u015fl\u0131\u011f\u0131n inki\u015faf perspektivl\u0259ri, h\u0259m\u00e7inin qar\u015f\u0131l\u0131ql\u0131 maraq do\u011furan m\u0259s\u0259l\u0259l\u0259r \u0259traf\u0131nda fikir m\u00fcbadil\u0259si apar\u0131l\u0131b.<\/p>\n<p>&nbsp;<\/p>\n<div class=\"gallery\">\n<div class=\"gallery-i\"><img src=\"https:\/\/cdn.oxu.az\/uploads\/W1siZiIsIjIwMjMvMTAvMDUvMDgvMzgvNTMvODlkMzA3YmUtMmE1My00MTI4LTkzOGQtNGJiNDFiYTk3ZGMwLzBmNGM3N2Q2LTI1ZjQtMzMzMC1iNzRjLWYxYjgwZDQ0NGE2OC5qcGciXSxbInAiLCJlbmNvZGUiLCJqcGciLCItcXVhbGl0eSA4MCJdLFsicCIsInRodW1iIiwiNTkweDU5MFx1MDAzZSJdXQ?sha=f2418af3f7dbbe6d\" alt=\"\" \/><\/p>\n<div class=\"gallery-i-caption\"><\/div>\n<\/div>\n<div class=\"gallery-i\"><img src=\"https:\/\/cdn.oxu.az\/uploads\/W1siZiIsIjIwMjMvMTAvMDUvMDgvMzgvNTIvNTBkMjc3MzYtNTdiYi00ZDExLThjN2UtMWE0YzZjM2I1YjZlLzRiOTA0OWY3LTY1MzMtMzBkNy05MzdmLTk5N2NjYjY3MzFlZC5qcGciXSxbInAiLCJlbmNvZGUiLCJqcGciLCItcXVhbGl0eSA4MCJdLFsicCIsInRodW1iIiwiNTkweDU5MFx1MDAzZSJdXQ?sha=e705fed844f16d7b\" alt=\"\" \/><\/p>\n<div class=\"gallery-i-caption\"><\/div>\n<\/div>\n<div class=\"gallery-i\"><img src=\"https:\/\/cdn.oxu.az\/uploads\/W1siZiIsIjIwMjMvMTAvMDUvMDgvMzgvNTIvNTg5ODAwZDAtMDUwNC00MGY1LWFhYmEtYWU0MWY5N2RlZTFkLzdkZjZiYzlmLTgxOWItMzlkMi1hMjliLWRlNmYyNzgxZmRmYS5qcGciXSxbInAiLCJlbmNvZGUiLCJqcGciLCItcXVhbGl0eSA4MCJdLFsicCIsInRodW1iIiwiNTkweDU5MFx1MDAzZSJdXQ?sha=4d2ee610a0d2a697\" alt=\"\" \/><\/div>\n<\/div>\n","protected":false},"excerpt":{"rendered":"<p>Az\u0259rbaycan\u0131n T\u00fcrkm\u0259nistana yeni t\u0259yin olunmu\u015f f\u00f6vq\u0259lad\u0259 v\u0259 s\u0259lahiyy\u0259tli s\u0259firi Qism\u0259t G\u00f6z\u0259lov etimadnam\u0259sini T\u00fcrkm\u0259nistan Prezidenti S\u0259rdar Berdim\u0259h\u0259mm\u0259dova t\u0259qdim edib. Az\u0259rbaycan\u0131n T\u00fcrkm\u0259nistandak\u0131 s\u0259firliyind\u0259n veril\u0259n m\u0259lumata g\u00f6r\u0259, q\u0259bul zaman\u0131 Prezident S\u0259rdar Berdim\u0259h\u0259mm\u0259dov yeni t\u0259yinat\u0131 il\u0259 ba\u011fl\u0131 s\u0259fir Qism\u0259t G\u00f6z\u0259lovu t\u0259brik edib v\u0259 ona g\u0259l\u0259c\u0259k f\u0259aliyy\u0259tind\u0259 u\u011furlar arzulay\u0131b. S\u0259fir Qism\u0259t G\u00f6z\u0259lov Az\u0259rbaycan Prezidenti\u00a0\u0130lham \u018fliyevin\u00a0s\u0259mimi salamlar\u0131n\u0131 T\u00fcrkm\u0259nistan Prezidenti S\u0259rdar Berdim\u0259h\u0259mm\u0259dova \u00e7atd\u0131r\u0131b. S\u0259rdar Berdim\u0259h\u0259mm\u0259dov Az\u0259rbaycan Prezidenti \u0130lham \u018fliyevin salamlar\u0131na v\u0259 xo\u015f arzular\u0131na g\u00f6r\u0259 minn\u0259tdarl\u0131\u011f\u0131n\u0131 bildirib v\u0259 Az\u0259rbaycan\u0131n d\u00f6vl\u0259t ba\u015f\u00e7\u0131s\u0131na \u00f6z salamlar\u0131n\u0131 v\u0259 \u0259n xo\u015f arzular\u0131n\u0131 \u00e7atd\u0131rma\u011f\u0131 xahi\u015f edib. G\u00f6r\u00fc\u015fd\u0259 Az\u0259rbaycan Respublikas\u0131 v\u0259 T\u00fcrkm\u0259nistan aras\u0131nda m\u00f6vcud olan&hellip;<\/p>\n","protected":false},"author":2,"featured_media":641590,"comment_status":"closed","ping_status":"closed","sticky":false,"template":"","format":"standard","meta":{"om_disable_all_campaigns":false,"_monsterinsights_skip_tracking":false,"_monsterinsights_sitenote_active":false,"_monsterinsights_sitenote_note":"","_monsterinsights_sitenote_category":0},"categories":[4],"tags":[],"aioseo_notices":[],"gutentor_comment":0,"rttpg_featured_image_url":{"full":["https:\/\/arantv.az\/wp-content\/uploads\/2023\/10\/a8bdc149-4e5b-39d9-be6c-a47607852ee5_850.jpg",620,413,false],"landscape":["https:\/\/arantv.az\/wp-content\/uploads\/2023\/10\/a8bdc149-4e5b-39d9-be6c-a47607852ee5_850.jpg",620,413,false],"portraits":["https:\/\/arantv.az\/wp-content\/uploads\/2023\/10\/a8bdc149-4e5b-39d9-be6c-a47607852ee5_850.jpg",620,413,false],"thumbnail":["https:\/\/arantv.az\/wp-content\/uploads\/2023\/10\/a8bdc149-4e5b-39d9-be6c-a47607852ee5_850-500x280.jpg",500,280,true],"medium":["https:\/\/arantv.az\/wp-content\/uploads\/2023\/10\/a8bdc149-4e5b-39d9-be6c-a47607852ee5_850-548x365.jpg",548,365,true],"large":["https:\/\/arantv.az\/wp-content\/uploads\/2023\/10\/a8bdc149-4e5b-39d9-be6c-a47607852ee5_850.jpg",620,413,false],"1536x1536":["https:\/\/arantv.az\/wp-content\/uploads\/2023\/10\/a8bdc149-4e5b-39d9-be6c-a47607852ee5_850.jpg",620,413,false],"2048x2048":["https:\/\/arantv.az\/wp-content\/uploads\/2023\/10\/a8bdc149-4e5b-39d9-be6c-a47607852ee5_850.jpg",620,413,false],"post-thumbnail":["https:\/\/arantv.az\/wp-content\/uploads\/2023\/10\/a8bdc149-4e5b-39d9-be6c-a47607852ee5_850-240x172.jpg",240,172,true],"advps-thumb-one":["https:\/\/arantv.az\/wp-content\/uploads\/2023\/10\/a8bdc149-4e5b-39d9-be6c-a47607852ee5_850.jpg",620,413,false]},"rttpg_author":{"display_name":"V\u00fcsal Rafiqo\u011flu","author_link":"https:\/\/arantv.az\/?author=2"},"rttpg_comment":0,"rttpg_category":"<a href=\"https:\/\/arantv.az\/?cat=4\" rel=\"category\">Siyas\u0259t<\/a>","rttpg_excerpt":"Az\u0259rbaycan\u0131n T\u00fcrkm\u0259nistana yeni t\u0259yin olunmu\u015f f\u00f6vq\u0259lad\u0259 v\u0259 s\u0259lahiyy\u0259tli s\u0259firi Qism\u0259t G\u00f6z\u0259lov etimadnam\u0259sini T\u00fcrkm\u0259nistan Prezidenti S\u0259rdar Berdim\u0259h\u0259mm\u0259dova t\u0259qdim edib. Az\u0259rbaycan\u0131n T\u00fcrkm\u0259nistandak\u0131 s\u0259firliyind\u0259n veril\u0259n m\u0259lumata g\u00f6r\u0259, q\u0259bul zaman\u0131 Prezident S\u0259rdar Berdim\u0259h\u0259mm\u0259dov yeni t\u0259yinat\u0131 il\u0259 ba\u011fl\u0131 s\u0259fir Qism\u0259t G\u00f6z\u0259lovu t\u0259brik edib v\u0259 ona g\u0259l\u0259c\u0259k f\u0259aliyy\u0259tind\u0259 u\u011furlar arzulay\u0131b. S\u0259fir Qism\u0259t G\u00f6z\u0259lov Az\u0259rbaycan Prezidenti\u00a0\u0130lham \u018fliyevin\u00a0s\u0259mimi salamlar\u0131n\u0131 T\u00fcrkm\u0259nistan Prezidenti S\u0259rdar Berdim\u0259h\u0259mm\u0259dova&hellip;","_links":{"self":[{"href":"https:\/\/arantv.az\/index.php?rest_route=\/wp\/v2\/posts\/641585"}],"collection":[{"href":"https:\/\/arantv.az\/index.php?rest_route=\/wp\/v2\/posts"}],"about":[{"href":"https:\/\/arantv.az\/index.php?rest_route=\/wp\/v2\/types\/post"}],"author":[{"embeddable":true,"href":"https:\/\/arantv.az\/index.php?rest_route=\/wp\/v2\/users\/2"}],"replies":[{"embeddable":true,"href":"https:\/\/arantv.az\/index.php?rest_route=%2Fwp%2Fv2%2Fcomments&post=641585"}],"version-history":[{"count":0,"href":"https:\/\/arantv.az\/index.php?rest_route=\/wp\/v2\/posts\/641585\/revisions"}],"wp:featuredmedia":[{"embeddable":true,"href":"https:\/\/arantv.az\/index.php?rest_route=\/wp\/v2\/media\/641590"}],"wp:attachment":[{"href":"https:\/\/arantv.az\/index.php?rest_route=%2Fwp%2Fv2%2Fmedia&parent=641585"}],"wp:term":[{"taxonomy":"category","embeddable":true,"href":"https:\/\/arantv.az\/index.php?rest_route=%2Fwp%2Fv2%2Fcategories&post=641585"},{"taxonomy":"post_tag","embeddable":true,"href":"https:\/\/arantv.az\/index.php?rest_route=%2Fwp%2Fv2%2Ftags&post=641585"}],"curies":[{"name":"wp","href":"https:\/\/api.w.org\/{rel}","templated":true}]}}