{"id":641603,"date":"2023-10-05T09:37:47","date_gmt":"2023-10-05T05:37:47","guid":{"rendered":"https:\/\/arantv.az\/?p=641603"},"modified":"2023-10-05T09:37:47","modified_gmt":"2023-10-05T05:37:47","slug":"yaponiyada-guclu-z%c9%99lz%c9%99l%c9%99-oldu-sunami-t%c9%99hluk%c9%99si-elan-edildi","status":"publish","type":"post","link":"https:\/\/arantv.az\/?p=641603","title":{"rendered":"Yaponiyada g\u00fccl\u00fc z\u0259lz\u0259l\u0259 oldu: Sunami t\u0259hl\u00fck\u0259si elan edildi"},"content":{"rendered":"<p>Yaponiyada 6,6 bal g\u00fcc\u00fcnd\u0259 z\u0259lz\u0259l\u0259 ba\u015f verib.<\/p>\n<p>Bu bar\u0259d\u0259 \u00f6lk\u0259nin ba\u015f meteorologiya idar\u0259si x\u0259b\u0259r yay\u0131b.<\/p>\n<p>Kataklizm oktyabr\u0131n 5-d\u0259 g\u00fcn\u00fcn birinci yar\u0131s\u0131nda, \u0130zu arxipelaq\u0131n\u0131n c\u0259nubunda, Tori\u015fima adas\u0131 \u0259razisind\u0259 qeyd\u0259 al\u0131n\u0131b. Ocaq 10 kilometr d\u0259rinlikd\u0259 olub.<\/p>\n<p>Yeralt\u0131 t\u0259kanlarla \u0259laq\u0259dar sunami t\u0259hl\u00fck\u0259si elan edilib.<\/p>\n<p>Hakimiyy\u0259t \u0259halini sahil\u0259 \u00e7\u0131xmama\u011fa, d\u0259niz\u0259 yax\u0131n olanlar\u0131 is\u0259 t\u0259cili olaraq h\u00fcnd\u00fcr yer\u0259 qalxma\u011fa \u00e7a\u011f\u0131r\u0131r. Limanlar v\u0259 \u00e7ay m\u0259ns\u0259bl\u0259ri \u0259n t\u0259hl\u00fck\u0259li hesab olunur.<\/p>\n<p>M\u0259nb\u0259: News.ru<\/p>\n","protected":false},"excerpt":{"rendered":"<p>Yaponiyada 6,6 bal g\u00fcc\u00fcnd\u0259 z\u0259lz\u0259l\u0259 ba\u015f verib. Bu bar\u0259d\u0259 \u00f6lk\u0259nin ba\u015f meteorologiya idar\u0259si x\u0259b\u0259r yay\u0131b. Kataklizm oktyabr\u0131n 5-d\u0259 g\u00fcn\u00fcn birinci yar\u0131s\u0131nda, \u0130zu arxipelaq\u0131n\u0131n c\u0259nubunda, Tori\u015fima adas\u0131 \u0259razisind\u0259 qeyd\u0259 al\u0131n\u0131b. Ocaq 10 kilometr d\u0259rinlikd\u0259 olub. Yeralt\u0131 t\u0259kanlarla \u0259laq\u0259dar sunami t\u0259hl\u00fck\u0259si elan edilib. Hakimiyy\u0259t \u0259halini sahil\u0259 \u00e7\u0131xmama\u011fa, d\u0259niz\u0259 yax\u0131n olanlar\u0131 is\u0259 t\u0259cili olaraq h\u00fcnd\u00fcr yer\u0259 qalxma\u011fa \u00e7a\u011f\u0131r\u0131r. Limanlar v\u0259 \u00e7ay m\u0259ns\u0259bl\u0259ri \u0259n t\u0259hl\u00fck\u0259li hesab olunur. M\u0259nb\u0259: News.ru<\/p>\n","protected":false},"author":2,"featured_media":641611,"comment_status":"closed","ping_status":"closed","sticky":false,"template":"","format":"standard","meta":{"om_disable_all_campaigns":false,"_monsterinsights_skip_tracking":false,"_monsterinsights_sitenote_active":false,"_monsterinsights_sitenote_note":"","_monsterinsights_sitenote_category":0},"categories":[7],"tags":[],"aioseo_notices":[],"gutentor_comment":0,"rttpg_featured_image_url":{"full":["https:\/\/arantv.az\/wp-content\/uploads\/2023\/10\/379688912_127098037162176_5365179612802139455_n.jpg",620,413,false],"landscape":["https:\/\/arantv.az\/wp-content\/uploads\/2023\/10\/379688912_127098037162176_5365179612802139455_n.jpg",620,413,false],"portraits":["https:\/\/arantv.az\/wp-content\/uploads\/2023\/10\/379688912_127098037162176_5365179612802139455_n.jpg",620,413,false],"thumbnail":["https:\/\/arantv.az\/wp-content\/uploads\/2023\/10\/379688912_127098037162176_5365179612802139455_n-500x280.jpg",500,280,true],"medium":["https:\/\/arantv.az\/wp-content\/uploads\/2023\/10\/379688912_127098037162176_5365179612802139455_n-548x365.jpg",548,365,true],"large":["https:\/\/arantv.az\/wp-content\/uploads\/2023\/10\/379688912_127098037162176_5365179612802139455_n.jpg",620,413,false],"1536x1536":["https:\/\/arantv.az\/wp-content\/uploads\/2023\/10\/379688912_127098037162176_5365179612802139455_n.jpg",620,413,false],"2048x2048":["https:\/\/arantv.az\/wp-content\/uploads\/2023\/10\/379688912_127098037162176_5365179612802139455_n.jpg",620,413,false],"post-thumbnail":["https:\/\/arantv.az\/wp-content\/uploads\/2023\/10\/379688912_127098037162176_5365179612802139455_n-240x172.jpg",240,172,true],"advps-thumb-one":["https:\/\/arantv.az\/wp-content\/uploads\/2023\/10\/379688912_127098037162176_5365179612802139455_n.jpg",620,413,false]},"rttpg_author":{"display_name":"V\u00fcsal Rafiqo\u011flu","author_link":"https:\/\/arantv.az\/?author=2"},"rttpg_comment":0,"rttpg_category":"<a href=\"https:\/\/arantv.az\/?cat=7\" rel=\"category\">D\u00fcnya<\/a>","rttpg_excerpt":"Yaponiyada 6,6 bal g\u00fcc\u00fcnd\u0259 z\u0259lz\u0259l\u0259 ba\u015f verib. Bu bar\u0259d\u0259 \u00f6lk\u0259nin ba\u015f meteorologiya idar\u0259si x\u0259b\u0259r yay\u0131b. Kataklizm oktyabr\u0131n 5-d\u0259 g\u00fcn\u00fcn birinci yar\u0131s\u0131nda, \u0130zu arxipelaq\u0131n\u0131n c\u0259nubunda, Tori\u015fima adas\u0131 \u0259razisind\u0259 qeyd\u0259 al\u0131n\u0131b. Ocaq 10 kilometr d\u0259rinlikd\u0259 olub. Yeralt\u0131 t\u0259kanlarla \u0259laq\u0259dar sunami t\u0259hl\u00fck\u0259si elan edilib. Hakimiyy\u0259t \u0259halini sahil\u0259 \u00e7\u0131xmama\u011fa, d\u0259niz\u0259 yax\u0131n olanlar\u0131 is\u0259 t\u0259cili olaraq h\u00fcnd\u00fcr yer\u0259 qalxma\u011fa \u00e7a\u011f\u0131r\u0131r.&hellip;","_links":{"self":[{"href":"https:\/\/arantv.az\/index.php?rest_route=\/wp\/v2\/posts\/641603"}],"collection":[{"href":"https:\/\/arantv.az\/index.php?rest_route=\/wp\/v2\/posts"}],"about":[{"href":"https:\/\/arantv.az\/index.php?rest_route=\/wp\/v2\/types\/post"}],"author":[{"embeddable":true,"href":"https:\/\/arantv.az\/index.php?rest_route=\/wp\/v2\/users\/2"}],"replies":[{"embeddable":true,"href":"https:\/\/arantv.az\/index.php?rest_route=%2Fwp%2Fv2%2Fcomments&post=641603"}],"version-history":[{"count":0,"href":"https:\/\/arantv.az\/index.php?rest_route=\/wp\/v2\/posts\/641603\/revisions"}],"wp:featuredmedia":[{"embeddable":true,"href":"https:\/\/arantv.az\/index.php?rest_route=\/wp\/v2\/media\/641611"}],"wp:attachment":[{"href":"https:\/\/arantv.az\/index.php?rest_route=%2Fwp%2Fv2%2Fmedia&parent=641603"}],"wp:term":[{"taxonomy":"category","embeddable":true,"href":"https:\/\/arantv.az\/index.php?rest_route=%2Fwp%2Fv2%2Fcategories&post=641603"},{"taxonomy":"post_tag","embeddable":true,"href":"https:\/\/arantv.az\/index.php?rest_route=%2Fwp%2Fv2%2Ftags&post=641603"}],"curies":[{"name":"wp","href":"https:\/\/api.w.org\/{rel}","templated":true}]}}